{"id":184,"date":"2018-04-06T07:22:00","date_gmt":"2018-04-06T11:22:00","guid":{"rendered":"https:\/\/incadebolivia.com\/?p=184"},"modified":"2024-02-13T07:26:22","modified_gmt":"2024-02-13T11:26:22","slug":"hoy-se-celebra-el-dia-mundial-de-la-actividad-fisica","status":"publish","type":"post","link":"https:\/\/incadebolivia.com\/?p=184","title":{"rendered":"Hoy se celebra el d\u00eda mundial de la actividad f\u00edsica"},"content":{"rendered":"<div class=\"itemIntroText\">\n<p>La Organizaci\u00f3n Mundial de la Salud (O.M.S.) celebra el 06 de abril el\u00a0<strong><em>d\u00eda mundial de la Actividad F\u00edsica<\/em><\/strong>, teniendo como objetivo difundir los cuantiosos beneficios que trae consigo la pr\u00e1ctica moderada de alguna de sus manifestaciones.<\/p>\n<\/div>\n<p><!--more--><\/p>\n<div class=\"itemFullText\">\n<p>En efecto, un gran porcentaje de los problemas de salud que viven las sociedades occidentales tienen relaci\u00f3n directa con enfermedades cr\u00f3nicas no transmisibles como el sedentarismo, la obesidad, hipertensi\u00f3n y enfermedades cardiovasculares, las cuales han ido aumentando de manera significativa.<\/p>\n<p>En nuestra ciudad estudiantes del distrito 5 se volcaron a la plaza principal 2 de diciembre para hacer deporte, hoy\u00a0<strong><em>\u201cD\u00eda mundial de la Actividad F\u00edsica\u201d.<\/em><\/strong><\/p>\n<p>La actividad fue coordinada por el Comit\u00e9 de Gesti\u00f3n del D 5 y el Centro de Salud Divino Ni\u00f1o para que los estudiantes de las diferentes unidades educativas del mencionado distrito acudan a la plaza para practicar alg\u00fan deporte.<\/p>\n<p>Los estudiantes desde temprano se pusieron en acci\u00f3n y realizaron pr\u00e1cticas de futbol, voleibol, ajedrez, gimnasia r\u00edtmica y otros, para demostrar que el deporte es salud y debe ser un h\u00e1bito.<\/p>\n<p><img loading=\"lazy\" decoding=\"async\" class=\"size-full wp-image-186 aligncenter\" src=\"https:\/\/incadebolivia.com\/wp-content\/uploads\/2024\/02\/dia-mundial-de-la-actividad-fisica-3.jpeg\" alt=\"\" width=\"620\" height=\"413\" srcset=\"https:\/\/incadebolivia.com\/wp-content\/uploads\/2024\/02\/dia-mundial-de-la-actividad-fisica-3.jpeg 620w, https:\/\/incadebolivia.com\/wp-content\/uploads\/2024\/02\/dia-mundial-de-la-actividad-fisica-3-300x200.jpeg 300w\" sizes=\"auto, (max-width: 620px) 100vw, 620px\" \/><\/p>\n<p>El presidente del comit\u00e9 de gesti\u00f3n del D-5 Prof. Efra\u00edn Ramos dijo que el proyecto socio comunitario productivo tiene como tema central la alimentaci\u00f3n saludable, sin embargo, esta debe estar acompa\u00f1ada de actividad f\u00edsica para conseguir una vida sana.<\/p>\n<p>El Dr. H\u00e9ctor Moya del centro de salud Divino Ni\u00f1o, dijo que hacer deporte es muy importante porque mejora la circulaci\u00f3n y ayuda a combatir el estr\u00e9s, nunca es tarde para hacer actividad f\u00edsica y solo se necesita 30 minutos al d\u00eda de caminata, carrera o jugar alg\u00fan deporte para mantenerse sano dijo el galeno.<\/p>\n<p><img loading=\"lazy\" decoding=\"async\" class=\"size-full wp-image-187 aligncenter\" src=\"https:\/\/incadebolivia.com\/wp-content\/uploads\/2024\/02\/dia-mundial-de-la-actividad-fisica-2.jpeg\" alt=\"\" width=\"620\" height=\"413\" srcset=\"https:\/\/incadebolivia.com\/wp-content\/uploads\/2024\/02\/dia-mundial-de-la-actividad-fisica-2.jpeg 620w, https:\/\/incadebolivia.com\/wp-content\/uploads\/2024\/02\/dia-mundial-de-la-actividad-fisica-2-300x200.jpeg 300w\" sizes=\"auto, (max-width: 620px) 100vw, 620px\" \/><\/p>\n<\/div>\n<div style=\"margin-top: 0px; margin-bottom: 0px;\" class=\"sharethis-inline-reaction-buttons\" ><\/div>","protected":false},"excerpt":{"rendered":"<p>La Organizaci\u00f3n Mundial de la Salud (O.M.S.) celebra el 06 de abril el\u00a0d\u00eda mundial de la Actividad F\u00edsica, teniendo como objetivo difundir los cuantiosos beneficios que trae consigo la pr\u00e1ctica moderada de alguna de sus manifestaciones.<\/p>\n","protected":false},"author":1,"featured_media":185,"comment_status":"open","ping_status":"open","sticky":false,"template":"","format":"standard","meta":{"footnotes":""},"categories":[25],"tags":[],"class_list":["post-184","post","type-post","status-publish","format-standard","has-post-thumbnail","hentry","category-noticias"],"yoast_head":"<!-- This site is optimized with the Yoast SEO plugin v27.4 - https:\/\/yoast.com\/product\/yoast-seo-wordpress\/ -->\n<title>Hoy se celebra el d\u00eda mundial de la actividad f\u00edsica - INCADE<\/title>\n<meta name=\"robots\" content=\"index, follow, max-snippet:-1, max-image-preview:large, max-video-preview:-1\" \/>\n<link rel=\"canonical\" href=\"https:\/\/incadebolivia.com\/?p=184\" \/>\n<meta property=\"og:locale\" content=\"es_ES\" \/>\n<meta property=\"og:type\" content=\"article\" \/>\n<meta property=\"og:title\" content=\"Hoy se celebra el d\u00eda mundial de la actividad f\u00edsica - INCADE\" \/>\n<meta property=\"og:description\" content=\"La Organizaci\u00f3n Mundial de la Salud (O.M.S.) celebra el 06 de abril el\u00a0d\u00eda mundial de la Actividad F\u00edsica, teniendo como objetivo difundir los cuantiosos beneficios que trae consigo la pr\u00e1ctica moderada de alguna de sus manifestaciones.\" \/>\n<meta property=\"og:url\" content=\"https:\/\/incadebolivia.com\/?p=184\" \/>\n<meta property=\"og:site_name\" content=\"INCADE\" \/>\n<meta property=\"article:publisher\" content=\"https:\/\/www.facebook.com\/IncadeMontero\" \/>\n<meta property=\"article:published_time\" content=\"2018-04-06T11:22:00+00:00\" \/>\n<meta property=\"article:modified_time\" content=\"2024-02-13T11:26:22+00:00\" \/>\n<meta property=\"og:image\" content=\"https:\/\/incadebolivia.com\/wp-content\/uploads\/2024\/02\/dia-mundial-de-la-actividad-fisica-1.jpeg\" \/>\n\t<meta property=\"og:image:width\" content=\"620\" \/>\n\t<meta property=\"og:image:height\" content=\"413\" \/>\n\t<meta property=\"og:image:type\" content=\"image\/jpeg\" \/>\n<meta name=\"author\" content=\"INCADE\" \/>\n<meta name=\"twitter:card\" content=\"summary_large_image\" \/>\n<meta name=\"twitter:label1\" content=\"Escrito por\" \/>\n\t<meta name=\"twitter:data1\" content=\"INCADE\" \/>\n\t<meta name=\"twitter:label2\" content=\"Tiempo de lectura\" \/>\n\t<meta name=\"twitter:data2\" content=\"1 minuto\" \/>\n<script type=\"application\/ld+json\" class=\"yoast-schema-graph\">{\"@context\":\"https:\\\/\\\/schema.org\",\"@graph\":[{\"@type\":\"Article\",\"@id\":\"https:\\\/\\\/incadebolivia.com\\\/?p=184#article\",\"isPartOf\":{\"@id\":\"https:\\\/\\\/incadebolivia.com\\\/?p=184\"},\"author\":{\"name\":\"INCADE\",\"@id\":\"https:\\\/\\\/incadebolivia.com\\\/#\\\/schema\\\/person\\\/7c960bd9d6253dfb1820037a95b6ec50\"},\"headline\":\"Hoy se celebra el d\u00eda mundial de la actividad f\u00edsica\",\"datePublished\":\"2018-04-06T11:22:00+00:00\",\"dateModified\":\"2024-02-13T11:26:22+00:00\",\"mainEntityOfPage\":{\"@id\":\"https:\\\/\\\/incadebolivia.com\\\/?p=184\"},\"wordCount\":304,\"commentCount\":0,\"publisher\":{\"@id\":\"https:\\\/\\\/incadebolivia.com\\\/#organization\"},\"image\":{\"@id\":\"https:\\\/\\\/incadebolivia.com\\\/?p=184#primaryimage\"},\"thumbnailUrl\":\"https:\\\/\\\/incadebolivia.com\\\/wp-content\\\/uploads\\\/2024\\\/02\\\/dia-mundial-de-la-actividad-fisica-1.jpeg\",\"articleSection\":[\"Noticias\"],\"inLanguage\":\"es\",\"potentialAction\":[{\"@type\":\"CommentAction\",\"name\":\"Comment\",\"target\":[\"https:\\\/\\\/incadebolivia.com\\\/?p=184#respond\"]}]},{\"@type\":\"WebPage\",\"@id\":\"https:\\\/\\\/incadebolivia.com\\\/?p=184\",\"url\":\"https:\\\/\\\/incadebolivia.com\\\/?p=184\",\"name\":\"Hoy se celebra el d\u00eda mundial de la actividad f\u00edsica - INCADE\",\"isPartOf\":{\"@id\":\"https:\\\/\\\/incadebolivia.com\\\/#website\"},\"primaryImageOfPage\":{\"@id\":\"https:\\\/\\\/incadebolivia.com\\\/?p=184#primaryimage\"},\"image\":{\"@id\":\"https:\\\/\\\/incadebolivia.com\\\/?p=184#primaryimage\"},\"thumbnailUrl\":\"https:\\\/\\\/incadebolivia.com\\\/wp-content\\\/uploads\\\/2024\\\/02\\\/dia-mundial-de-la-actividad-fisica-1.jpeg\",\"datePublished\":\"2018-04-06T11:22:00+00:00\",\"dateModified\":\"2024-02-13T11:26:22+00:00\",\"breadcrumb\":{\"@id\":\"https:\\\/\\\/incadebolivia.com\\\/?p=184#breadcrumb\"},\"inLanguage\":\"es\",\"potentialAction\":[{\"@type\":\"ReadAction\",\"target\":[\"https:\\\/\\\/incadebolivia.com\\\/?p=184\"]}]},{\"@type\":\"ImageObject\",\"inLanguage\":\"es\",\"@id\":\"https:\\\/\\\/incadebolivia.com\\\/?p=184#primaryimage\",\"url\":\"https:\\\/\\\/incadebolivia.com\\\/wp-content\\\/uploads\\\/2024\\\/02\\\/dia-mundial-de-la-actividad-fisica-1.jpeg\",\"contentUrl\":\"https:\\\/\\\/incadebolivia.com\\\/wp-content\\\/uploads\\\/2024\\\/02\\\/dia-mundial-de-la-actividad-fisica-1.jpeg\",\"width\":620,\"height\":413},{\"@type\":\"BreadcrumbList\",\"@id\":\"https:\\\/\\\/incadebolivia.com\\\/?p=184#breadcrumb\",\"itemListElement\":[{\"@type\":\"ListItem\",\"position\":1,\"name\":\"Portada\",\"item\":\"https:\\\/\\\/incadebolivia.com\\\/\"},{\"@type\":\"ListItem\",\"position\":2,\"name\":\"Hoy se celebra el d\u00eda mundial de la actividad f\u00edsica\"}]},{\"@type\":\"WebSite\",\"@id\":\"https:\\\/\\\/incadebolivia.com\\\/#website\",\"url\":\"https:\\\/\\\/incadebolivia.com\\\/\",\"name\":\"INCADE\",\"description\":\"Instituto de Capacitaci\u00f3n para el Desarrollo\",\"publisher\":{\"@id\":\"https:\\\/\\\/incadebolivia.com\\\/#organization\"},\"potentialAction\":[{\"@type\":\"SearchAction\",\"target\":{\"@type\":\"EntryPoint\",\"urlTemplate\":\"https:\\\/\\\/incadebolivia.com\\\/?s={search_term_string}\"},\"query-input\":{\"@type\":\"PropertyValueSpecification\",\"valueRequired\":true,\"valueName\":\"search_term_string\"}}],\"inLanguage\":\"es\"},{\"@type\":\"Organization\",\"@id\":\"https:\\\/\\\/incadebolivia.com\\\/#organization\",\"name\":\"Instituto de Capacitaci\u00f3n para el Desarrollo\",\"url\":\"https:\\\/\\\/incadebolivia.com\\\/\",\"logo\":{\"@type\":\"ImageObject\",\"inLanguage\":\"es\",\"@id\":\"https:\\\/\\\/incadebolivia.com\\\/#\\\/schema\\\/logo\\\/image\\\/\",\"url\":\"https:\\\/\\\/incadebolivia.com\\\/wp-content\\\/uploads\\\/2025\\\/07\\\/ligo-inade.png\",\"contentUrl\":\"https:\\\/\\\/incadebolivia.com\\\/wp-content\\\/uploads\\\/2025\\\/07\\\/ligo-inade.png\",\"width\":430,\"height\":128,\"caption\":\"Instituto de Capacitaci\u00f3n para el Desarrollo\"},\"image\":{\"@id\":\"https:\\\/\\\/incadebolivia.com\\\/#\\\/schema\\\/logo\\\/image\\\/\"},\"sameAs\":[\"https:\\\/\\\/www.facebook.com\\\/IncadeMontero\"]},{\"@type\":\"Person\",\"@id\":\"https:\\\/\\\/incadebolivia.com\\\/#\\\/schema\\\/person\\\/7c960bd9d6253dfb1820037a95b6ec50\",\"name\":\"INCADE\",\"image\":{\"@type\":\"ImageObject\",\"inLanguage\":\"es\",\"@id\":\"https:\\\/\\\/secure.gravatar.com\\\/avatar\\\/bf27e9186df568254093afa216f887fece17605302c6ff12f3980422fffa52e6?s=96&d=mm&r=g\",\"url\":\"https:\\\/\\\/secure.gravatar.com\\\/avatar\\\/bf27e9186df568254093afa216f887fece17605302c6ff12f3980422fffa52e6?s=96&d=mm&r=g\",\"contentUrl\":\"https:\\\/\\\/secure.gravatar.com\\\/avatar\\\/bf27e9186df568254093afa216f887fece17605302c6ff12f3980422fffa52e6?s=96&d=mm&r=g\",\"caption\":\"INCADE\"},\"sameAs\":[\"https:\\\/\\\/incadebolivia.com\"],\"url\":\"https:\\\/\\\/incadebolivia.com\\\/?author=1\"}]}<\/script>\n<!-- \/ Yoast SEO plugin. -->","yoast_head_json":{"title":"Hoy se celebra el d\u00eda mundial de la actividad f\u00edsica - INCADE","robots":{"index":"index","follow":"follow","max-snippet":"max-snippet:-1","max-image-preview":"max-image-preview:large","max-video-preview":"max-video-preview:-1"},"canonical":"https:\/\/incadebolivia.com\/?p=184","og_locale":"es_ES","og_type":"article","og_title":"Hoy se celebra el d\u00eda mundial de la actividad f\u00edsica - INCADE","og_description":"La Organizaci\u00f3n Mundial de la Salud (O.M.S.) celebra el 06 de abril el\u00a0d\u00eda mundial de la Actividad F\u00edsica, teniendo como objetivo difundir los cuantiosos beneficios que trae consigo la pr\u00e1ctica moderada de alguna de sus manifestaciones.","og_url":"https:\/\/incadebolivia.com\/?p=184","og_site_name":"INCADE","article_publisher":"https:\/\/www.facebook.com\/IncadeMontero","article_published_time":"2018-04-06T11:22:00+00:00","article_modified_time":"2024-02-13T11:26:22+00:00","og_image":[{"width":620,"height":413,"url":"https:\/\/incadebolivia.com\/wp-content\/uploads\/2024\/02\/dia-mundial-de-la-actividad-fisica-1.jpeg","type":"image\/jpeg"}],"author":"INCADE","twitter_card":"summary_large_image","twitter_misc":{"Escrito por":"INCADE","Tiempo de lectura":"1 minuto"},"schema":{"@context":"https:\/\/schema.org","@graph":[{"@type":"Article","@id":"https:\/\/incadebolivia.com\/?p=184#article","isPartOf":{"@id":"https:\/\/incadebolivia.com\/?p=184"},"author":{"name":"INCADE","@id":"https:\/\/incadebolivia.com\/#\/schema\/person\/7c960bd9d6253dfb1820037a95b6ec50"},"headline":"Hoy se celebra el d\u00eda mundial de la actividad f\u00edsica","datePublished":"2018-04-06T11:22:00+00:00","dateModified":"2024-02-13T11:26:22+00:00","mainEntityOfPage":{"@id":"https:\/\/incadebolivia.com\/?p=184"},"wordCount":304,"commentCount":0,"publisher":{"@id":"https:\/\/incadebolivia.com\/#organization"},"image":{"@id":"https:\/\/incadebolivia.com\/?p=184#primaryimage"},"thumbnailUrl":"https:\/\/incadebolivia.com\/wp-content\/uploads\/2024\/02\/dia-mundial-de-la-actividad-fisica-1.jpeg","articleSection":["Noticias"],"inLanguage":"es","potentialAction":[{"@type":"CommentAction","name":"Comment","target":["https:\/\/incadebolivia.com\/?p=184#respond"]}]},{"@type":"WebPage","@id":"https:\/\/incadebolivia.com\/?p=184","url":"https:\/\/incadebolivia.com\/?p=184","name":"Hoy se celebra el d\u00eda mundial de la actividad f\u00edsica - INCADE","isPartOf":{"@id":"https:\/\/incadebolivia.com\/#website"},"primaryImageOfPage":{"@id":"https:\/\/incadebolivia.com\/?p=184#primaryimage"},"image":{"@id":"https:\/\/incadebolivia.com\/?p=184#primaryimage"},"thumbnailUrl":"https:\/\/incadebolivia.com\/wp-content\/uploads\/2024\/02\/dia-mundial-de-la-actividad-fisica-1.jpeg","datePublished":"2018-04-06T11:22:00+00:00","dateModified":"2024-02-13T11:26:22+00:00","breadcrumb":{"@id":"https:\/\/incadebolivia.com\/?p=184#breadcrumb"},"inLanguage":"es","potentialAction":[{"@type":"ReadAction","target":["https:\/\/incadebolivia.com\/?p=184"]}]},{"@type":"ImageObject","inLanguage":"es","@id":"https:\/\/incadebolivia.com\/?p=184#primaryimage","url":"https:\/\/incadebolivia.com\/wp-content\/uploads\/2024\/02\/dia-mundial-de-la-actividad-fisica-1.jpeg","contentUrl":"https:\/\/incadebolivia.com\/wp-content\/uploads\/2024\/02\/dia-mundial-de-la-actividad-fisica-1.jpeg","width":620,"height":413},{"@type":"BreadcrumbList","@id":"https:\/\/incadebolivia.com\/?p=184#breadcrumb","itemListElement":[{"@type":"ListItem","position":1,"name":"Portada","item":"https:\/\/incadebolivia.com\/"},{"@type":"ListItem","position":2,"name":"Hoy se celebra el d\u00eda mundial de la actividad f\u00edsica"}]},{"@type":"WebSite","@id":"https:\/\/incadebolivia.com\/#website","url":"https:\/\/incadebolivia.com\/","name":"INCADE","description":"Instituto de Capacitaci\u00f3n para el Desarrollo","publisher":{"@id":"https:\/\/incadebolivia.com\/#organization"},"potentialAction":[{"@type":"SearchAction","target":{"@type":"EntryPoint","urlTemplate":"https:\/\/incadebolivia.com\/?s={search_term_string}"},"query-input":{"@type":"PropertyValueSpecification","valueRequired":true,"valueName":"search_term_string"}}],"inLanguage":"es"},{"@type":"Organization","@id":"https:\/\/incadebolivia.com\/#organization","name":"Instituto de Capacitaci\u00f3n para el Desarrollo","url":"https:\/\/incadebolivia.com\/","logo":{"@type":"ImageObject","inLanguage":"es","@id":"https:\/\/incadebolivia.com\/#\/schema\/logo\/image\/","url":"https:\/\/incadebolivia.com\/wp-content\/uploads\/2025\/07\/ligo-inade.png","contentUrl":"https:\/\/incadebolivia.com\/wp-content\/uploads\/2025\/07\/ligo-inade.png","width":430,"height":128,"caption":"Instituto de Capacitaci\u00f3n para el Desarrollo"},"image":{"@id":"https:\/\/incadebolivia.com\/#\/schema\/logo\/image\/"},"sameAs":["https:\/\/www.facebook.com\/IncadeMontero"]},{"@type":"Person","@id":"https:\/\/incadebolivia.com\/#\/schema\/person\/7c960bd9d6253dfb1820037a95b6ec50","name":"INCADE","image":{"@type":"ImageObject","inLanguage":"es","@id":"https:\/\/secure.gravatar.com\/avatar\/bf27e9186df568254093afa216f887fece17605302c6ff12f3980422fffa52e6?s=96&d=mm&r=g","url":"https:\/\/secure.gravatar.com\/avatar\/bf27e9186df568254093afa216f887fece17605302c6ff12f3980422fffa52e6?s=96&d=mm&r=g","contentUrl":"https:\/\/secure.gravatar.com\/avatar\/bf27e9186df568254093afa216f887fece17605302c6ff12f3980422fffa52e6?s=96&d=mm&r=g","caption":"INCADE"},"sameAs":["https:\/\/incadebolivia.com"],"url":"https:\/\/incadebolivia.com\/?author=1"}]}},"_links":{"self":[{"href":"https:\/\/incadebolivia.com\/index.php?rest_route=\/wp\/v2\/posts\/184","targetHints":{"allow":["GET"]}}],"collection":[{"href":"https:\/\/incadebolivia.com\/index.php?rest_route=\/wp\/v2\/posts"}],"about":[{"href":"https:\/\/incadebolivia.com\/index.php?rest_route=\/wp\/v2\/types\/post"}],"author":[{"embeddable":true,"href":"https:\/\/incadebolivia.com\/index.php?rest_route=\/wp\/v2\/users\/1"}],"replies":[{"embeddable":true,"href":"https:\/\/incadebolivia.com\/index.php?rest_route=%2Fwp%2Fv2%2Fcomments&post=184"}],"version-history":[{"count":1,"href":"https:\/\/incadebolivia.com\/index.php?rest_route=\/wp\/v2\/posts\/184\/revisions"}],"predecessor-version":[{"id":188,"href":"https:\/\/incadebolivia.com\/index.php?rest_route=\/wp\/v2\/posts\/184\/revisions\/188"}],"wp:featuredmedia":[{"embeddable":true,"href":"https:\/\/incadebolivia.com\/index.php?rest_route=\/wp\/v2\/media\/185"}],"wp:attachment":[{"href":"https:\/\/incadebolivia.com\/index.php?rest_route=%2Fwp%2Fv2%2Fmedia&parent=184"}],"wp:term":[{"taxonomy":"category","embeddable":true,"href":"https:\/\/incadebolivia.com\/index.php?rest_route=%2Fwp%2Fv2%2Fcategories&post=184"},{"taxonomy":"post_tag","embeddable":true,"href":"https:\/\/incadebolivia.com\/index.php?rest_route=%2Fwp%2Fv2%2Ftags&post=184"}],"curies":[{"name":"wp","href":"https:\/\/api.w.org\/{rel}","templated":true}]}}