{"id":189,"date":"2018-04-09T07:27:00","date_gmt":"2018-04-09T11:27:00","guid":{"rendered":"https:\/\/incadebolivia.com\/?p=189"},"modified":"2024-02-13T07:31:13","modified_gmt":"2024-02-13T11:31:13","slug":"radio-integracion-mundial-93-9-la-primera-radio-estudiantil-en-montero","status":"publish","type":"post","link":"https:\/\/incadebolivia.com\/?p=189","title":{"rendered":"Radio Integraci\u00f3n Mundial 93.9, la primera radio estudiantil en Montero"},"content":{"rendered":"<div class=\"itemIntroText\">\n<p>Montero cuenta con la primera radio estudiantil, iniciativa impulsada por los estudiantes de la unidad educativa Nuevo Milenio del barrio 27 de Agosto en el distrito 3 de la ciudad.<\/p>\n<\/div>\n<p><!--more--><\/p>\n<div class=\"itemFullText\">\n<p>Desde el pasado 4 de agosto de 2017 con horario limitado la Radio Nuevo Milenio 93.9 MHz. emite su se\u00f1al de 8:00 a 12:00 y de 14:00 a 18:00, con un alcance no mayor a los 20 vatios, logrando alcanzar a unas 5 cuadras a la redonda desde el estudio de emisi\u00f3n que se encuentra en la direcci\u00f3n de la unidad educativa.<\/p>\n<p>Para contarles los inicios de esta radio, el ex director de la UE Nuevo Milenio Prof. Alfredo Aguirre Le\u00f3n, fue quien tuvo la idea de crearla, con la finalidad de hacer participar a los estudiantes y de esta manera motivar la participaci\u00f3n de los padres de familia escuchando a sus hijos por la radio y a la vez inform\u00e1ndose de las actividades escolares del establecimiento. \u00a0<\/p>\n<p>Frans Weimar Laime Peredo del 6to de secundaria, director de la radio, cuenta que junto al nuevo director Prof. V\u00edctor Castro este a\u00f1o le cambiaron el nombre a la radio y le dar\u00e1n el impulso que necesita para que cumpla con la funci\u00f3n que fue creada.<\/p>\n<p>De llamarse radio Nuevo Milenio hoy paso a ser\u00a0<strong><em>Radio Integraci\u00f3n Mundial 93.9<\/em><\/strong>, con una programaci\u00f3n musical por las ma\u00f1anas y por las tardes con programas de noticias escolares, avisos de fechas de ex\u00e1menes y evaluaciones, mensajes para recordar las actividades deportivas y culturales y la m\u00fasica actual que no puede faltar.<\/p>\n<p>La radio Integraci\u00f3n Mundial no cuenta con todos los equipos, sin embargo, para este a\u00f1o la meta es comprar un transmisor propio, un par de micr\u00f3fonos y una nueva consola.<\/p>\n<ul>\n<li>1 transmisor\u00a0<strong>(prestado)<\/strong><\/li>\n<li>1 consola de 8 canales (propia)<\/li>\n<li>1 micr\u00f3fono (propio)<\/li>\n<li>1 computadora<\/li>\n<li>1 poder para amplificar el sonido en los recreos (propio)<\/li>\n<li>1 sistema de amplificaci\u00f3n completo para amenizar fiestas, cumplea\u00f1os y todo acontecimiento social (propio).<\/li>\n<\/ul>\n<p>La unidad educativa Nuevo Milenio es una de las unidades educativas donde el Instituto Capacitaci\u00f3n para el Desarrollo\u00a0<strong><em>INCADE<\/em><\/strong>\u00a0viene trabajando con la implementaci\u00f3n del proyecto\u00a0<strong><em>\u201cLa Escuela defiende la salud y la vida\u201d<\/em><\/strong>, en ese sentido ha organizado un taller de radio para capacitar a los estudiantes interesados en ser locutores, reporteros y productores de programas y as\u00ed apoyar la iniciativa estudiantil.<\/p>\n<\/div>\n\n\n<figure class=\"wp-block-gallery has-nested-images columns-default is-cropped wp-block-gallery-1 is-layout-flex wp-block-gallery-is-layout-flex\">\n<figure class=\"wp-block-image size-large\"><img loading=\"lazy\" decoding=\"async\" width=\"620\" height=\"350\" data-id=\"192\" src=\"https:\/\/incadebolivia.com\/wp-content\/uploads\/2024\/02\/radio4.jpg\" alt=\"\" class=\"wp-image-192\" srcset=\"https:\/\/incadebolivia.com\/wp-content\/uploads\/2024\/02\/radio4.jpg 620w, https:\/\/incadebolivia.com\/wp-content\/uploads\/2024\/02\/radio4-300x169.jpg 300w\" sizes=\"auto, (max-width: 620px) 100vw, 620px\" \/><\/figure>\n\n\n\n<figure class=\"wp-block-image size-large\"><img loading=\"lazy\" decoding=\"async\" width=\"620\" height=\"350\" data-id=\"191\" src=\"https:\/\/incadebolivia.com\/wp-content\/uploads\/2024\/02\/radio3.jpg\" alt=\"\" class=\"wp-image-191\" srcset=\"https:\/\/incadebolivia.com\/wp-content\/uploads\/2024\/02\/radio3.jpg 620w, https:\/\/incadebolivia.com\/wp-content\/uploads\/2024\/02\/radio3-300x169.jpg 300w\" sizes=\"auto, (max-width: 620px) 100vw, 620px\" \/><\/figure>\n<\/figure>\n<div style=\"margin-top: 0px; margin-bottom: 0px;\" class=\"sharethis-inline-reaction-buttons\" ><\/div>","protected":false},"excerpt":{"rendered":"<p>Montero cuenta con la primera radio estudiantil, iniciativa impulsada por los estudiantes de la unidad educativa Nuevo Milenio del barrio 27 de Agosto en el distrito 3 de la ciudad.<\/p>\n","protected":false},"author":1,"featured_media":190,"comment_status":"open","ping_status":"open","sticky":false,"template":"","format":"standard","meta":{"footnotes":""},"categories":[25],"tags":[],"class_list":["post-189","post","type-post","status-publish","format-standard","has-post-thumbnail","hentry","category-noticias"],"yoast_head":"<!-- This site is optimized with the Yoast SEO plugin v27.4 - https:\/\/yoast.com\/product\/yoast-seo-wordpress\/ -->\n<title>Radio Integraci\u00f3n Mundial 93.9, la primera radio estudiantil en Montero - INCADE<\/title>\n<meta name=\"robots\" content=\"index, follow, max-snippet:-1, max-image-preview:large, max-video-preview:-1\" \/>\n<link rel=\"canonical\" href=\"https:\/\/incadebolivia.com\/?p=189\" \/>\n<meta property=\"og:locale\" content=\"es_ES\" \/>\n<meta property=\"og:type\" content=\"article\" \/>\n<meta property=\"og:title\" content=\"Radio Integraci\u00f3n Mundial 93.9, la primera radio estudiantil en Montero - INCADE\" \/>\n<meta property=\"og:description\" content=\"Montero cuenta con la primera radio estudiantil, iniciativa impulsada por los estudiantes de la unidad educativa Nuevo Milenio del barrio 27 de Agosto en el distrito 3 de la ciudad.\" \/>\n<meta property=\"og:url\" content=\"https:\/\/incadebolivia.com\/?p=189\" \/>\n<meta property=\"og:site_name\" content=\"INCADE\" \/>\n<meta property=\"article:publisher\" content=\"https:\/\/www.facebook.com\/IncadeMontero\" \/>\n<meta property=\"article:published_time\" content=\"2018-04-09T11:27:00+00:00\" \/>\n<meta property=\"article:modified_time\" content=\"2024-02-13T11:31:13+00:00\" \/>\n<meta property=\"og:image\" content=\"https:\/\/incadebolivia.com\/wp-content\/uploads\/2024\/02\/radio1.jpg\" \/>\n\t<meta property=\"og:image:width\" content=\"620\" \/>\n\t<meta property=\"og:image:height\" content=\"350\" \/>\n\t<meta property=\"og:image:type\" content=\"image\/jpeg\" \/>\n<meta name=\"author\" content=\"INCADE\" \/>\n<meta name=\"twitter:card\" content=\"summary_large_image\" \/>\n<meta name=\"twitter:label1\" content=\"Escrito por\" \/>\n\t<meta name=\"twitter:data1\" content=\"INCADE\" \/>\n\t<meta name=\"twitter:label2\" content=\"Tiempo de lectura\" \/>\n\t<meta name=\"twitter:data2\" content=\"2 minutos\" \/>\n<script type=\"application\/ld+json\" class=\"yoast-schema-graph\">{\"@context\":\"https:\\\/\\\/schema.org\",\"@graph\":[{\"@type\":\"Article\",\"@id\":\"https:\\\/\\\/incadebolivia.com\\\/?p=189#article\",\"isPartOf\":{\"@id\":\"https:\\\/\\\/incadebolivia.com\\\/?p=189\"},\"author\":{\"name\":\"INCADE\",\"@id\":\"https:\\\/\\\/incadebolivia.com\\\/#\\\/schema\\\/person\\\/7c960bd9d6253dfb1820037a95b6ec50\"},\"headline\":\"Radio Integraci\u00f3n Mundial 93.9, la primera radio estudiantil en Montero\",\"datePublished\":\"2018-04-09T11:27:00+00:00\",\"dateModified\":\"2024-02-13T11:31:13+00:00\",\"mainEntityOfPage\":{\"@id\":\"https:\\\/\\\/incadebolivia.com\\\/?p=189\"},\"wordCount\":400,\"commentCount\":0,\"publisher\":{\"@id\":\"https:\\\/\\\/incadebolivia.com\\\/#organization\"},\"image\":{\"@id\":\"https:\\\/\\\/incadebolivia.com\\\/?p=189#primaryimage\"},\"thumbnailUrl\":\"https:\\\/\\\/incadebolivia.com\\\/wp-content\\\/uploads\\\/2024\\\/02\\\/radio1.jpg\",\"articleSection\":[\"Noticias\"],\"inLanguage\":\"es\",\"potentialAction\":[{\"@type\":\"CommentAction\",\"name\":\"Comment\",\"target\":[\"https:\\\/\\\/incadebolivia.com\\\/?p=189#respond\"]}]},{\"@type\":\"WebPage\",\"@id\":\"https:\\\/\\\/incadebolivia.com\\\/?p=189\",\"url\":\"https:\\\/\\\/incadebolivia.com\\\/?p=189\",\"name\":\"Radio Integraci\u00f3n Mundial 93.9, la primera radio estudiantil en Montero - INCADE\",\"isPartOf\":{\"@id\":\"https:\\\/\\\/incadebolivia.com\\\/#website\"},\"primaryImageOfPage\":{\"@id\":\"https:\\\/\\\/incadebolivia.com\\\/?p=189#primaryimage\"},\"image\":{\"@id\":\"https:\\\/\\\/incadebolivia.com\\\/?p=189#primaryimage\"},\"thumbnailUrl\":\"https:\\\/\\\/incadebolivia.com\\\/wp-content\\\/uploads\\\/2024\\\/02\\\/radio1.jpg\",\"datePublished\":\"2018-04-09T11:27:00+00:00\",\"dateModified\":\"2024-02-13T11:31:13+00:00\",\"breadcrumb\":{\"@id\":\"https:\\\/\\\/incadebolivia.com\\\/?p=189#breadcrumb\"},\"inLanguage\":\"es\",\"potentialAction\":[{\"@type\":\"ReadAction\",\"target\":[\"https:\\\/\\\/incadebolivia.com\\\/?p=189\"]}]},{\"@type\":\"ImageObject\",\"inLanguage\":\"es\",\"@id\":\"https:\\\/\\\/incadebolivia.com\\\/?p=189#primaryimage\",\"url\":\"https:\\\/\\\/incadebolivia.com\\\/wp-content\\\/uploads\\\/2024\\\/02\\\/radio1.jpg\",\"contentUrl\":\"https:\\\/\\\/incadebolivia.com\\\/wp-content\\\/uploads\\\/2024\\\/02\\\/radio1.jpg\",\"width\":620,\"height\":350},{\"@type\":\"BreadcrumbList\",\"@id\":\"https:\\\/\\\/incadebolivia.com\\\/?p=189#breadcrumb\",\"itemListElement\":[{\"@type\":\"ListItem\",\"position\":1,\"name\":\"Portada\",\"item\":\"https:\\\/\\\/incadebolivia.com\\\/\"},{\"@type\":\"ListItem\",\"position\":2,\"name\":\"Radio Integraci\u00f3n Mundial 93.9, la primera radio estudiantil en Montero\"}]},{\"@type\":\"WebSite\",\"@id\":\"https:\\\/\\\/incadebolivia.com\\\/#website\",\"url\":\"https:\\\/\\\/incadebolivia.com\\\/\",\"name\":\"INCADE\",\"description\":\"Instituto de Capacitaci\u00f3n para el Desarrollo\",\"publisher\":{\"@id\":\"https:\\\/\\\/incadebolivia.com\\\/#organization\"},\"potentialAction\":[{\"@type\":\"SearchAction\",\"target\":{\"@type\":\"EntryPoint\",\"urlTemplate\":\"https:\\\/\\\/incadebolivia.com\\\/?s={search_term_string}\"},\"query-input\":{\"@type\":\"PropertyValueSpecification\",\"valueRequired\":true,\"valueName\":\"search_term_string\"}}],\"inLanguage\":\"es\"},{\"@type\":\"Organization\",\"@id\":\"https:\\\/\\\/incadebolivia.com\\\/#organization\",\"name\":\"Instituto de Capacitaci\u00f3n para el Desarrollo\",\"url\":\"https:\\\/\\\/incadebolivia.com\\\/\",\"logo\":{\"@type\":\"ImageObject\",\"inLanguage\":\"es\",\"@id\":\"https:\\\/\\\/incadebolivia.com\\\/#\\\/schema\\\/logo\\\/image\\\/\",\"url\":\"https:\\\/\\\/incadebolivia.com\\\/wp-content\\\/uploads\\\/2025\\\/07\\\/ligo-inade.png\",\"contentUrl\":\"https:\\\/\\\/incadebolivia.com\\\/wp-content\\\/uploads\\\/2025\\\/07\\\/ligo-inade.png\",\"width\":430,\"height\":128,\"caption\":\"Instituto de Capacitaci\u00f3n para el Desarrollo\"},\"image\":{\"@id\":\"https:\\\/\\\/incadebolivia.com\\\/#\\\/schema\\\/logo\\\/image\\\/\"},\"sameAs\":[\"https:\\\/\\\/www.facebook.com\\\/IncadeMontero\"]},{\"@type\":\"Person\",\"@id\":\"https:\\\/\\\/incadebolivia.com\\\/#\\\/schema\\\/person\\\/7c960bd9d6253dfb1820037a95b6ec50\",\"name\":\"INCADE\",\"image\":{\"@type\":\"ImageObject\",\"inLanguage\":\"es\",\"@id\":\"https:\\\/\\\/secure.gravatar.com\\\/avatar\\\/bf27e9186df568254093afa216f887fece17605302c6ff12f3980422fffa52e6?s=96&d=mm&r=g\",\"url\":\"https:\\\/\\\/secure.gravatar.com\\\/avatar\\\/bf27e9186df568254093afa216f887fece17605302c6ff12f3980422fffa52e6?s=96&d=mm&r=g\",\"contentUrl\":\"https:\\\/\\\/secure.gravatar.com\\\/avatar\\\/bf27e9186df568254093afa216f887fece17605302c6ff12f3980422fffa52e6?s=96&d=mm&r=g\",\"caption\":\"INCADE\"},\"sameAs\":[\"https:\\\/\\\/incadebolivia.com\"],\"url\":\"https:\\\/\\\/incadebolivia.com\\\/?author=1\"}]}<\/script>\n<!-- \/ Yoast SEO plugin. -->","yoast_head_json":{"title":"Radio Integraci\u00f3n Mundial 93.9, la primera radio estudiantil en Montero - INCADE","robots":{"index":"index","follow":"follow","max-snippet":"max-snippet:-1","max-image-preview":"max-image-preview:large","max-video-preview":"max-video-preview:-1"},"canonical":"https:\/\/incadebolivia.com\/?p=189","og_locale":"es_ES","og_type":"article","og_title":"Radio Integraci\u00f3n Mundial 93.9, la primera radio estudiantil en Montero - INCADE","og_description":"Montero cuenta con la primera radio estudiantil, iniciativa impulsada por los estudiantes de la unidad educativa Nuevo Milenio del barrio 27 de Agosto en el distrito 3 de la ciudad.","og_url":"https:\/\/incadebolivia.com\/?p=189","og_site_name":"INCADE","article_publisher":"https:\/\/www.facebook.com\/IncadeMontero","article_published_time":"2018-04-09T11:27:00+00:00","article_modified_time":"2024-02-13T11:31:13+00:00","og_image":[{"width":620,"height":350,"url":"https:\/\/incadebolivia.com\/wp-content\/uploads\/2024\/02\/radio1.jpg","type":"image\/jpeg"}],"author":"INCADE","twitter_card":"summary_large_image","twitter_misc":{"Escrito por":"INCADE","Tiempo de lectura":"2 minutos"},"schema":{"@context":"https:\/\/schema.org","@graph":[{"@type":"Article","@id":"https:\/\/incadebolivia.com\/?p=189#article","isPartOf":{"@id":"https:\/\/incadebolivia.com\/?p=189"},"author":{"name":"INCADE","@id":"https:\/\/incadebolivia.com\/#\/schema\/person\/7c960bd9d6253dfb1820037a95b6ec50"},"headline":"Radio Integraci\u00f3n Mundial 93.9, la primera radio estudiantil en Montero","datePublished":"2018-04-09T11:27:00+00:00","dateModified":"2024-02-13T11:31:13+00:00","mainEntityOfPage":{"@id":"https:\/\/incadebolivia.com\/?p=189"},"wordCount":400,"commentCount":0,"publisher":{"@id":"https:\/\/incadebolivia.com\/#organization"},"image":{"@id":"https:\/\/incadebolivia.com\/?p=189#primaryimage"},"thumbnailUrl":"https:\/\/incadebolivia.com\/wp-content\/uploads\/2024\/02\/radio1.jpg","articleSection":["Noticias"],"inLanguage":"es","potentialAction":[{"@type":"CommentAction","name":"Comment","target":["https:\/\/incadebolivia.com\/?p=189#respond"]}]},{"@type":"WebPage","@id":"https:\/\/incadebolivia.com\/?p=189","url":"https:\/\/incadebolivia.com\/?p=189","name":"Radio Integraci\u00f3n Mundial 93.9, la primera radio estudiantil en Montero - INCADE","isPartOf":{"@id":"https:\/\/incadebolivia.com\/#website"},"primaryImageOfPage":{"@id":"https:\/\/incadebolivia.com\/?p=189#primaryimage"},"image":{"@id":"https:\/\/incadebolivia.com\/?p=189#primaryimage"},"thumbnailUrl":"https:\/\/incadebolivia.com\/wp-content\/uploads\/2024\/02\/radio1.jpg","datePublished":"2018-04-09T11:27:00+00:00","dateModified":"2024-02-13T11:31:13+00:00","breadcrumb":{"@id":"https:\/\/incadebolivia.com\/?p=189#breadcrumb"},"inLanguage":"es","potentialAction":[{"@type":"ReadAction","target":["https:\/\/incadebolivia.com\/?p=189"]}]},{"@type":"ImageObject","inLanguage":"es","@id":"https:\/\/incadebolivia.com\/?p=189#primaryimage","url":"https:\/\/incadebolivia.com\/wp-content\/uploads\/2024\/02\/radio1.jpg","contentUrl":"https:\/\/incadebolivia.com\/wp-content\/uploads\/2024\/02\/radio1.jpg","width":620,"height":350},{"@type":"BreadcrumbList","@id":"https:\/\/incadebolivia.com\/?p=189#breadcrumb","itemListElement":[{"@type":"ListItem","position":1,"name":"Portada","item":"https:\/\/incadebolivia.com\/"},{"@type":"ListItem","position":2,"name":"Radio Integraci\u00f3n Mundial 93.9, la primera radio estudiantil en Montero"}]},{"@type":"WebSite","@id":"https:\/\/incadebolivia.com\/#website","url":"https:\/\/incadebolivia.com\/","name":"INCADE","description":"Instituto de Capacitaci\u00f3n para el Desarrollo","publisher":{"@id":"https:\/\/incadebolivia.com\/#organization"},"potentialAction":[{"@type":"SearchAction","target":{"@type":"EntryPoint","urlTemplate":"https:\/\/incadebolivia.com\/?s={search_term_string}"},"query-input":{"@type":"PropertyValueSpecification","valueRequired":true,"valueName":"search_term_string"}}],"inLanguage":"es"},{"@type":"Organization","@id":"https:\/\/incadebolivia.com\/#organization","name":"Instituto de Capacitaci\u00f3n para el Desarrollo","url":"https:\/\/incadebolivia.com\/","logo":{"@type":"ImageObject","inLanguage":"es","@id":"https:\/\/incadebolivia.com\/#\/schema\/logo\/image\/","url":"https:\/\/incadebolivia.com\/wp-content\/uploads\/2025\/07\/ligo-inade.png","contentUrl":"https:\/\/incadebolivia.com\/wp-content\/uploads\/2025\/07\/ligo-inade.png","width":430,"height":128,"caption":"Instituto de Capacitaci\u00f3n para el Desarrollo"},"image":{"@id":"https:\/\/incadebolivia.com\/#\/schema\/logo\/image\/"},"sameAs":["https:\/\/www.facebook.com\/IncadeMontero"]},{"@type":"Person","@id":"https:\/\/incadebolivia.com\/#\/schema\/person\/7c960bd9d6253dfb1820037a95b6ec50","name":"INCADE","image":{"@type":"ImageObject","inLanguage":"es","@id":"https:\/\/secure.gravatar.com\/avatar\/bf27e9186df568254093afa216f887fece17605302c6ff12f3980422fffa52e6?s=96&d=mm&r=g","url":"https:\/\/secure.gravatar.com\/avatar\/bf27e9186df568254093afa216f887fece17605302c6ff12f3980422fffa52e6?s=96&d=mm&r=g","contentUrl":"https:\/\/secure.gravatar.com\/avatar\/bf27e9186df568254093afa216f887fece17605302c6ff12f3980422fffa52e6?s=96&d=mm&r=g","caption":"INCADE"},"sameAs":["https:\/\/incadebolivia.com"],"url":"https:\/\/incadebolivia.com\/?author=1"}]}},"_links":{"self":[{"href":"https:\/\/incadebolivia.com\/index.php?rest_route=\/wp\/v2\/posts\/189","targetHints":{"allow":["GET"]}}],"collection":[{"href":"https:\/\/incadebolivia.com\/index.php?rest_route=\/wp\/v2\/posts"}],"about":[{"href":"https:\/\/incadebolivia.com\/index.php?rest_route=\/wp\/v2\/types\/post"}],"author":[{"embeddable":true,"href":"https:\/\/incadebolivia.com\/index.php?rest_route=\/wp\/v2\/users\/1"}],"replies":[{"embeddable":true,"href":"https:\/\/incadebolivia.com\/index.php?rest_route=%2Fwp%2Fv2%2Fcomments&post=189"}],"version-history":[{"count":1,"href":"https:\/\/incadebolivia.com\/index.php?rest_route=\/wp\/v2\/posts\/189\/revisions"}],"predecessor-version":[{"id":193,"href":"https:\/\/incadebolivia.com\/index.php?rest_route=\/wp\/v2\/posts\/189\/revisions\/193"}],"wp:featuredmedia":[{"embeddable":true,"href":"https:\/\/incadebolivia.com\/index.php?rest_route=\/wp\/v2\/media\/190"}],"wp:attachment":[{"href":"https:\/\/incadebolivia.com\/index.php?rest_route=%2Fwp%2Fv2%2Fmedia&parent=189"}],"wp:term":[{"taxonomy":"category","embeddable":true,"href":"https:\/\/incadebolivia.com\/index.php?rest_route=%2Fwp%2Fv2%2Fcategories&post=189"},{"taxonomy":"post_tag","embeddable":true,"href":"https:\/\/incadebolivia.com\/index.php?rest_route=%2Fwp%2Fv2%2Ftags&post=189"}],"curies":[{"name":"wp","href":"https:\/\/api.w.org\/{rel}","templated":true}]}}