{"id":202,"date":"2018-07-25T07:39:00","date_gmt":"2018-07-25T11:39:00","guid":{"rendered":"https:\/\/incadebolivia.com\/?p=202"},"modified":"2024-02-13T07:46:08","modified_gmt":"2024-02-13T11:46:08","slug":"ucb-y-gtccyj-firman-convenio","status":"publish","type":"post","link":"https:\/\/incadebolivia.com\/?p=202","title":{"rendered":"UCB y GTCCyJ firman convenio"},"content":{"rendered":"<div class=\"itemIntroText\">\n<p>Este martes 24 de julio, la Universidad Cat\u00f3lica Boliviana (UCB) San Pablo, de la Unidad Acad\u00e9mica Santa Cruz y el Grupo de Trabajo Cambio Clim\u00e1tico y Justicia (GTCC-J), Regional Santa Cruz, firmaron un Convenio de Cooperaci\u00f3n Interinstitucional para una Investigaci\u00f3n sobre el uso de agroqu\u00edmicos en la producci\u00f3n agr\u00edcola y sus efectos en la salud humana, a realizarse en los Municipios de San Pedro (norte), Cabezas (sur), Cuatro Ca\u00f1adas (este) y Pampagrande (oeste) del Departamento de Santa Cruz.<\/p>\n<\/div>\n<p><!--more--><\/p>\n<div class=\"itemFullText\">\n<p>En la oportunidad, la Lic. Adriana Montero de Burela, Directora del Instituto de Capacitaci\u00f3n para el Desarrollo INCADE, en su calidad de Coordinadora Nacional del GTCC-J, dio a conocer la naturaleza y fines del GTCC-J, enfatizando en la agenda nacional y regional, indicando que en Santa Cruz la tem\u00e1tica de inter\u00e9s es la seguridad y soberan\u00eda alimentaria, muy relacionada a los modos de producci\u00f3n y a la alimentaci\u00f3n, que tiene sus efectos directos en la salud humana y el medio ambiente. Valor\u00f3 enormemente la alianza interinstitucional entre la UCB, as\u00ed como con la UAGRM y el GTCC-J que tiene como com\u00fan denominador la defensa de la vida, indic\u00f3.<\/p>\n<p>Por su parte, el Lic. Gorka Cubero Fern\u00e1ndez, T\u00e9cnico de ICO, en su calidad de Coordinador Regional del GTCC-J Santa Cruz, resalt\u00f3 la importancia de la alianza ONGs y Universidades, que permite dar respaldo cient\u00edfico a las opiniones y acciones de las ONG y a la Universidad cumplir su misi\u00f3n de b\u00fasqueda de la verdad y el desarrollo integral de la sociedad. Tambi\u00e9n indic\u00f3 los antecedentes de la primera fase de investigaci\u00f3n realizada desde agosto 2017 destinada a conocer el uso y manejo de agroqu\u00edmicos en la producci\u00f3n agr\u00edcola, y la finalidad de esta segunda fase que consiste en determinar los probables efectos que pudiera haber en la salud humana a trav\u00e9s de los an\u00e1lisis de sangre y orina de los peque\u00f1os productores rurales.<\/p>\n<p>Finalmente, el Lic. Pablo Herrera A\u00f1ez, Rector Regional de la UCB, dijo que con este convenio la UCB cumple con su rol de servicio al pa\u00eds y a la regi\u00f3n, en el marco de su filosof\u00eda institucional. Resalt\u00f3 la importancia de la rigurosidad cient\u00edfica que pueda dar solvencia al informe de investigaci\u00f3n, llamando al mismo tiempo a la discreci\u00f3n, la inteligencia y la sabidur\u00eda en la comunicaci\u00f3n de resultados, con la responsabilidad y protocolo \u00e9tico correspondientes. Finalmente abri\u00f3 la posibilidad para nuevos emprendimientos en el futuro, siempre en ese equilibrio entre la verdad cient\u00edfica y la verdad revelada, augurando una investigaci\u00f3n exitosa para el Bien Com\u00fan.<\/p>\n<\/div>\n<div style=\"margin-top: 0px; margin-bottom: 0px;\" class=\"sharethis-inline-reaction-buttons\" ><\/div>","protected":false},"excerpt":{"rendered":"<p>Este martes 24 de julio, la Universidad Cat\u00f3lica Boliviana (UCB) San Pablo, de la Unidad Acad\u00e9mica Santa Cruz y el Grupo de Trabajo Cambio Clim\u00e1tico y Justicia (GTCC-J), Regional Santa Cruz, firmaron un Convenio de Cooperaci\u00f3n Interinstitucional para una Investigaci\u00f3n sobre el uso de agroqu\u00edmicos en la producci\u00f3n agr\u00edcola y sus efectos en la salud [&hellip;]<\/p>\n","protected":false},"author":1,"featured_media":203,"comment_status":"open","ping_status":"open","sticky":false,"template":"","format":"standard","meta":{"footnotes":""},"categories":[25],"tags":[],"class_list":["post-202","post","type-post","status-publish","format-standard","has-post-thumbnail","hentry","category-noticias"],"yoast_head":"<!-- This site is optimized with the Yoast SEO plugin v27.4 - https:\/\/yoast.com\/product\/yoast-seo-wordpress\/ -->\n<title>UCB y GTCCyJ firman convenio - INCADE<\/title>\n<meta name=\"robots\" content=\"index, follow, max-snippet:-1, max-image-preview:large, max-video-preview:-1\" \/>\n<link rel=\"canonical\" href=\"https:\/\/incadebolivia.com\/?p=202\" \/>\n<meta property=\"og:locale\" content=\"es_ES\" \/>\n<meta property=\"og:type\" content=\"article\" \/>\n<meta property=\"og:title\" content=\"UCB y GTCCyJ firman convenio - INCADE\" \/>\n<meta property=\"og:description\" content=\"Este martes 24 de julio, la Universidad Cat\u00f3lica Boliviana (UCB) San Pablo, de la Unidad Acad\u00e9mica Santa Cruz y el Grupo de Trabajo Cambio Clim\u00e1tico y Justicia (GTCC-J), Regional Santa Cruz, firmaron un Convenio de Cooperaci\u00f3n Interinstitucional para una Investigaci\u00f3n sobre el uso de agroqu\u00edmicos en la producci\u00f3n agr\u00edcola y sus efectos en la salud [&hellip;]\" \/>\n<meta property=\"og:url\" content=\"https:\/\/incadebolivia.com\/?p=202\" \/>\n<meta property=\"og:site_name\" content=\"INCADE\" \/>\n<meta property=\"article:publisher\" content=\"https:\/\/www.facebook.com\/IncadeMontero\" \/>\n<meta property=\"article:published_time\" content=\"2018-07-25T11:39:00+00:00\" \/>\n<meta property=\"article:modified_time\" content=\"2024-02-13T11:46:08+00:00\" \/>\n<meta property=\"og:image\" content=\"https:\/\/incadebolivia.com\/wp-content\/uploads\/2024\/02\/convenio.jpg\" \/>\n\t<meta property=\"og:image:width\" content=\"620\" \/>\n\t<meta property=\"og:image:height\" content=\"350\" \/>\n\t<meta property=\"og:image:type\" content=\"image\/jpeg\" \/>\n<meta name=\"author\" content=\"INCADE\" \/>\n<meta name=\"twitter:card\" content=\"summary_large_image\" \/>\n<meta name=\"twitter:label1\" content=\"Escrito por\" \/>\n\t<meta name=\"twitter:data1\" content=\"INCADE\" \/>\n\t<meta name=\"twitter:label2\" content=\"Tiempo de lectura\" \/>\n\t<meta name=\"twitter:data2\" content=\"2 minutos\" \/>\n<script type=\"application\/ld+json\" class=\"yoast-schema-graph\">{\"@context\":\"https:\\\/\\\/schema.org\",\"@graph\":[{\"@type\":\"Article\",\"@id\":\"https:\\\/\\\/incadebolivia.com\\\/?p=202#article\",\"isPartOf\":{\"@id\":\"https:\\\/\\\/incadebolivia.com\\\/?p=202\"},\"author\":{\"name\":\"INCADE\",\"@id\":\"https:\\\/\\\/incadebolivia.com\\\/#\\\/schema\\\/person\\\/7c960bd9d6253dfb1820037a95b6ec50\"},\"headline\":\"UCB y GTCCyJ firman convenio\",\"datePublished\":\"2018-07-25T11:39:00+00:00\",\"dateModified\":\"2024-02-13T11:46:08+00:00\",\"mainEntityOfPage\":{\"@id\":\"https:\\\/\\\/incadebolivia.com\\\/?p=202\"},\"wordCount\":460,\"commentCount\":0,\"publisher\":{\"@id\":\"https:\\\/\\\/incadebolivia.com\\\/#organization\"},\"image\":{\"@id\":\"https:\\\/\\\/incadebolivia.com\\\/?p=202#primaryimage\"},\"thumbnailUrl\":\"https:\\\/\\\/incadebolivia.com\\\/wp-content\\\/uploads\\\/2024\\\/02\\\/convenio.jpg\",\"articleSection\":[\"Noticias\"],\"inLanguage\":\"es\",\"potentialAction\":[{\"@type\":\"CommentAction\",\"name\":\"Comment\",\"target\":[\"https:\\\/\\\/incadebolivia.com\\\/?p=202#respond\"]}]},{\"@type\":\"WebPage\",\"@id\":\"https:\\\/\\\/incadebolivia.com\\\/?p=202\",\"url\":\"https:\\\/\\\/incadebolivia.com\\\/?p=202\",\"name\":\"UCB y GTCCyJ firman convenio - INCADE\",\"isPartOf\":{\"@id\":\"https:\\\/\\\/incadebolivia.com\\\/#website\"},\"primaryImageOfPage\":{\"@id\":\"https:\\\/\\\/incadebolivia.com\\\/?p=202#primaryimage\"},\"image\":{\"@id\":\"https:\\\/\\\/incadebolivia.com\\\/?p=202#primaryimage\"},\"thumbnailUrl\":\"https:\\\/\\\/incadebolivia.com\\\/wp-content\\\/uploads\\\/2024\\\/02\\\/convenio.jpg\",\"datePublished\":\"2018-07-25T11:39:00+00:00\",\"dateModified\":\"2024-02-13T11:46:08+00:00\",\"breadcrumb\":{\"@id\":\"https:\\\/\\\/incadebolivia.com\\\/?p=202#breadcrumb\"},\"inLanguage\":\"es\",\"potentialAction\":[{\"@type\":\"ReadAction\",\"target\":[\"https:\\\/\\\/incadebolivia.com\\\/?p=202\"]}]},{\"@type\":\"ImageObject\",\"inLanguage\":\"es\",\"@id\":\"https:\\\/\\\/incadebolivia.com\\\/?p=202#primaryimage\",\"url\":\"https:\\\/\\\/incadebolivia.com\\\/wp-content\\\/uploads\\\/2024\\\/02\\\/convenio.jpg\",\"contentUrl\":\"https:\\\/\\\/incadebolivia.com\\\/wp-content\\\/uploads\\\/2024\\\/02\\\/convenio.jpg\",\"width\":620,\"height\":350},{\"@type\":\"BreadcrumbList\",\"@id\":\"https:\\\/\\\/incadebolivia.com\\\/?p=202#breadcrumb\",\"itemListElement\":[{\"@type\":\"ListItem\",\"position\":1,\"name\":\"Portada\",\"item\":\"https:\\\/\\\/incadebolivia.com\\\/\"},{\"@type\":\"ListItem\",\"position\":2,\"name\":\"UCB y GTCCyJ firman convenio\"}]},{\"@type\":\"WebSite\",\"@id\":\"https:\\\/\\\/incadebolivia.com\\\/#website\",\"url\":\"https:\\\/\\\/incadebolivia.com\\\/\",\"name\":\"INCADE\",\"description\":\"Instituto de Capacitaci\u00f3n para el Desarrollo\",\"publisher\":{\"@id\":\"https:\\\/\\\/incadebolivia.com\\\/#organization\"},\"potentialAction\":[{\"@type\":\"SearchAction\",\"target\":{\"@type\":\"EntryPoint\",\"urlTemplate\":\"https:\\\/\\\/incadebolivia.com\\\/?s={search_term_string}\"},\"query-input\":{\"@type\":\"PropertyValueSpecification\",\"valueRequired\":true,\"valueName\":\"search_term_string\"}}],\"inLanguage\":\"es\"},{\"@type\":\"Organization\",\"@id\":\"https:\\\/\\\/incadebolivia.com\\\/#organization\",\"name\":\"Instituto de Capacitaci\u00f3n para el Desarrollo\",\"url\":\"https:\\\/\\\/incadebolivia.com\\\/\",\"logo\":{\"@type\":\"ImageObject\",\"inLanguage\":\"es\",\"@id\":\"https:\\\/\\\/incadebolivia.com\\\/#\\\/schema\\\/logo\\\/image\\\/\",\"url\":\"https:\\\/\\\/incadebolivia.com\\\/wp-content\\\/uploads\\\/2025\\\/07\\\/ligo-inade.png\",\"contentUrl\":\"https:\\\/\\\/incadebolivia.com\\\/wp-content\\\/uploads\\\/2025\\\/07\\\/ligo-inade.png\",\"width\":430,\"height\":128,\"caption\":\"Instituto de Capacitaci\u00f3n para el Desarrollo\"},\"image\":{\"@id\":\"https:\\\/\\\/incadebolivia.com\\\/#\\\/schema\\\/logo\\\/image\\\/\"},\"sameAs\":[\"https:\\\/\\\/www.facebook.com\\\/IncadeMontero\"]},{\"@type\":\"Person\",\"@id\":\"https:\\\/\\\/incadebolivia.com\\\/#\\\/schema\\\/person\\\/7c960bd9d6253dfb1820037a95b6ec50\",\"name\":\"INCADE\",\"image\":{\"@type\":\"ImageObject\",\"inLanguage\":\"es\",\"@id\":\"https:\\\/\\\/secure.gravatar.com\\\/avatar\\\/bf27e9186df568254093afa216f887fece17605302c6ff12f3980422fffa52e6?s=96&d=mm&r=g\",\"url\":\"https:\\\/\\\/secure.gravatar.com\\\/avatar\\\/bf27e9186df568254093afa216f887fece17605302c6ff12f3980422fffa52e6?s=96&d=mm&r=g\",\"contentUrl\":\"https:\\\/\\\/secure.gravatar.com\\\/avatar\\\/bf27e9186df568254093afa216f887fece17605302c6ff12f3980422fffa52e6?s=96&d=mm&r=g\",\"caption\":\"INCADE\"},\"sameAs\":[\"https:\\\/\\\/incadebolivia.com\"],\"url\":\"https:\\\/\\\/incadebolivia.com\\\/?author=1\"}]}<\/script>\n<!-- \/ Yoast SEO plugin. -->","yoast_head_json":{"title":"UCB y GTCCyJ firman convenio - INCADE","robots":{"index":"index","follow":"follow","max-snippet":"max-snippet:-1","max-image-preview":"max-image-preview:large","max-video-preview":"max-video-preview:-1"},"canonical":"https:\/\/incadebolivia.com\/?p=202","og_locale":"es_ES","og_type":"article","og_title":"UCB y GTCCyJ firman convenio - INCADE","og_description":"Este martes 24 de julio, la Universidad Cat\u00f3lica Boliviana (UCB) San Pablo, de la Unidad Acad\u00e9mica Santa Cruz y el Grupo de Trabajo Cambio Clim\u00e1tico y Justicia (GTCC-J), Regional Santa Cruz, firmaron un Convenio de Cooperaci\u00f3n Interinstitucional para una Investigaci\u00f3n sobre el uso de agroqu\u00edmicos en la producci\u00f3n agr\u00edcola y sus efectos en la salud [&hellip;]","og_url":"https:\/\/incadebolivia.com\/?p=202","og_site_name":"INCADE","article_publisher":"https:\/\/www.facebook.com\/IncadeMontero","article_published_time":"2018-07-25T11:39:00+00:00","article_modified_time":"2024-02-13T11:46:08+00:00","og_image":[{"width":620,"height":350,"url":"https:\/\/incadebolivia.com\/wp-content\/uploads\/2024\/02\/convenio.jpg","type":"image\/jpeg"}],"author":"INCADE","twitter_card":"summary_large_image","twitter_misc":{"Escrito por":"INCADE","Tiempo de lectura":"2 minutos"},"schema":{"@context":"https:\/\/schema.org","@graph":[{"@type":"Article","@id":"https:\/\/incadebolivia.com\/?p=202#article","isPartOf":{"@id":"https:\/\/incadebolivia.com\/?p=202"},"author":{"name":"INCADE","@id":"https:\/\/incadebolivia.com\/#\/schema\/person\/7c960bd9d6253dfb1820037a95b6ec50"},"headline":"UCB y GTCCyJ firman convenio","datePublished":"2018-07-25T11:39:00+00:00","dateModified":"2024-02-13T11:46:08+00:00","mainEntityOfPage":{"@id":"https:\/\/incadebolivia.com\/?p=202"},"wordCount":460,"commentCount":0,"publisher":{"@id":"https:\/\/incadebolivia.com\/#organization"},"image":{"@id":"https:\/\/incadebolivia.com\/?p=202#primaryimage"},"thumbnailUrl":"https:\/\/incadebolivia.com\/wp-content\/uploads\/2024\/02\/convenio.jpg","articleSection":["Noticias"],"inLanguage":"es","potentialAction":[{"@type":"CommentAction","name":"Comment","target":["https:\/\/incadebolivia.com\/?p=202#respond"]}]},{"@type":"WebPage","@id":"https:\/\/incadebolivia.com\/?p=202","url":"https:\/\/incadebolivia.com\/?p=202","name":"UCB y GTCCyJ firman convenio - INCADE","isPartOf":{"@id":"https:\/\/incadebolivia.com\/#website"},"primaryImageOfPage":{"@id":"https:\/\/incadebolivia.com\/?p=202#primaryimage"},"image":{"@id":"https:\/\/incadebolivia.com\/?p=202#primaryimage"},"thumbnailUrl":"https:\/\/incadebolivia.com\/wp-content\/uploads\/2024\/02\/convenio.jpg","datePublished":"2018-07-25T11:39:00+00:00","dateModified":"2024-02-13T11:46:08+00:00","breadcrumb":{"@id":"https:\/\/incadebolivia.com\/?p=202#breadcrumb"},"inLanguage":"es","potentialAction":[{"@type":"ReadAction","target":["https:\/\/incadebolivia.com\/?p=202"]}]},{"@type":"ImageObject","inLanguage":"es","@id":"https:\/\/incadebolivia.com\/?p=202#primaryimage","url":"https:\/\/incadebolivia.com\/wp-content\/uploads\/2024\/02\/convenio.jpg","contentUrl":"https:\/\/incadebolivia.com\/wp-content\/uploads\/2024\/02\/convenio.jpg","width":620,"height":350},{"@type":"BreadcrumbList","@id":"https:\/\/incadebolivia.com\/?p=202#breadcrumb","itemListElement":[{"@type":"ListItem","position":1,"name":"Portada","item":"https:\/\/incadebolivia.com\/"},{"@type":"ListItem","position":2,"name":"UCB y GTCCyJ firman convenio"}]},{"@type":"WebSite","@id":"https:\/\/incadebolivia.com\/#website","url":"https:\/\/incadebolivia.com\/","name":"INCADE","description":"Instituto de Capacitaci\u00f3n para el Desarrollo","publisher":{"@id":"https:\/\/incadebolivia.com\/#organization"},"potentialAction":[{"@type":"SearchAction","target":{"@type":"EntryPoint","urlTemplate":"https:\/\/incadebolivia.com\/?s={search_term_string}"},"query-input":{"@type":"PropertyValueSpecification","valueRequired":true,"valueName":"search_term_string"}}],"inLanguage":"es"},{"@type":"Organization","@id":"https:\/\/incadebolivia.com\/#organization","name":"Instituto de Capacitaci\u00f3n para el Desarrollo","url":"https:\/\/incadebolivia.com\/","logo":{"@type":"ImageObject","inLanguage":"es","@id":"https:\/\/incadebolivia.com\/#\/schema\/logo\/image\/","url":"https:\/\/incadebolivia.com\/wp-content\/uploads\/2025\/07\/ligo-inade.png","contentUrl":"https:\/\/incadebolivia.com\/wp-content\/uploads\/2025\/07\/ligo-inade.png","width":430,"height":128,"caption":"Instituto de Capacitaci\u00f3n para el Desarrollo"},"image":{"@id":"https:\/\/incadebolivia.com\/#\/schema\/logo\/image\/"},"sameAs":["https:\/\/www.facebook.com\/IncadeMontero"]},{"@type":"Person","@id":"https:\/\/incadebolivia.com\/#\/schema\/person\/7c960bd9d6253dfb1820037a95b6ec50","name":"INCADE","image":{"@type":"ImageObject","inLanguage":"es","@id":"https:\/\/secure.gravatar.com\/avatar\/bf27e9186df568254093afa216f887fece17605302c6ff12f3980422fffa52e6?s=96&d=mm&r=g","url":"https:\/\/secure.gravatar.com\/avatar\/bf27e9186df568254093afa216f887fece17605302c6ff12f3980422fffa52e6?s=96&d=mm&r=g","contentUrl":"https:\/\/secure.gravatar.com\/avatar\/bf27e9186df568254093afa216f887fece17605302c6ff12f3980422fffa52e6?s=96&d=mm&r=g","caption":"INCADE"},"sameAs":["https:\/\/incadebolivia.com"],"url":"https:\/\/incadebolivia.com\/?author=1"}]}},"_links":{"self":[{"href":"https:\/\/incadebolivia.com\/index.php?rest_route=\/wp\/v2\/posts\/202","targetHints":{"allow":["GET"]}}],"collection":[{"href":"https:\/\/incadebolivia.com\/index.php?rest_route=\/wp\/v2\/posts"}],"about":[{"href":"https:\/\/incadebolivia.com\/index.php?rest_route=\/wp\/v2\/types\/post"}],"author":[{"embeddable":true,"href":"https:\/\/incadebolivia.com\/index.php?rest_route=\/wp\/v2\/users\/1"}],"replies":[{"embeddable":true,"href":"https:\/\/incadebolivia.com\/index.php?rest_route=%2Fwp%2Fv2%2Fcomments&post=202"}],"version-history":[{"count":1,"href":"https:\/\/incadebolivia.com\/index.php?rest_route=\/wp\/v2\/posts\/202\/revisions"}],"predecessor-version":[{"id":204,"href":"https:\/\/incadebolivia.com\/index.php?rest_route=\/wp\/v2\/posts\/202\/revisions\/204"}],"wp:featuredmedia":[{"embeddable":true,"href":"https:\/\/incadebolivia.com\/index.php?rest_route=\/wp\/v2\/media\/203"}],"wp:attachment":[{"href":"https:\/\/incadebolivia.com\/index.php?rest_route=%2Fwp%2Fv2%2Fmedia&parent=202"}],"wp:term":[{"taxonomy":"category","embeddable":true,"href":"https:\/\/incadebolivia.com\/index.php?rest_route=%2Fwp%2Fv2%2Fcategories&post=202"},{"taxonomy":"post_tag","embeddable":true,"href":"https:\/\/incadebolivia.com\/index.php?rest_route=%2Fwp%2Fv2%2Ftags&post=202"}],"curies":[{"name":"wp","href":"https:\/\/api.w.org\/{rel}","templated":true}]}}