{"id":211,"date":"2018-08-09T07:51:00","date_gmt":"2018-08-09T11:51:00","guid":{"rendered":"https:\/\/incadebolivia.com\/?p=211"},"modified":"2024-02-13T07:56:22","modified_gmt":"2024-02-13T11:56:22","slug":"firma-de-acta-de-fundacion-del-observatorio-del-gtccyj-santa-cruz","status":"publish","type":"post","link":"https:\/\/incadebolivia.com\/?p=211","title":{"rendered":"Firma de acta de fundaci\u00f3n del observatorio del GTCCyJ Santa Cruz"},"content":{"rendered":"<div class=\"itemIntroText\">\n<p>En un acto especial celebrado este 8 de agosto, se firm\u00f3 el\u00a0<strong>Acta de Fundaci\u00f3n del Observatorio a la Gesti\u00f3n del Patrimonio Natural y Territorio<\/strong>, del Grupo de Trabajo Cambio Clim\u00e1tico y Justicia (GTCC-J), Regional Santa Cruz.<\/p>\n<\/div>\n<p><!--more--><\/p>\n<div class=\"itemFullText\">\n<p>El Observatorio es un brazo operativo y t\u00e9cnico del GTCC-J, Regional Santa Cruz, constituido para la promoci\u00f3n y defensa del patrimonio natural y los derechos de los pueblos, en estricta observancia de los valores, principios y derechos reconocidos en la Constituci\u00f3n Pol\u00edtica del Estado, las leyes nacionales y subnacionales y los instrumentos internacionales en materia de recursos naturales y de Derechos Humanos.<\/p>\n<p><strong>El Observatorio tiene como finalidades:<\/strong><\/p>\n<p>1)\u00a0\u00a0 \u00a0Monitorear y analizar la informaci\u00f3n p\u00fablica y privada sobre normas, pol\u00edticas p\u00fablicas, planes, medidas, acciones y del ejercicio del Control Social, en relaci\u00f3n al uso y aprovechamiento de la naturaleza.<\/p>\n<p>2) Realizar investigaciones pertinentes sobre los derechos socio-ambientales y agroalimentarios ante los posibles impactos por el uso y aprovechamiento agrario y extractivo de la naturaleza.<\/p>\n<p>3) Generar\u00a0\u00a0\u00a0\u00a0\u00a0 \u00a0productos\u00a0\u00a0\u00a0\u00a0\u00a0 \u00a0comunicacionales\u00a0\u00a0\u00a0\u00a0\u00a0 \u00a0de sensibilizaci\u00f3n social e incidencia pol\u00edtica en base a las acciones que realice el Observatorio.<\/p>\n<p>4) Crear espacios de debate torno a temas y acciones ambientales y su interrelaci\u00f3n con din\u00e1micas y cambios pol\u00edticos, econ\u00f3micos, sociales y culturales.<\/p>\n<p>5)\u00a0\u00a0 \u00a0Realizar y\/o apoyar a titulares de derechos en iniciativas de incidencia pol\u00edtica sobre normas o medidas p\u00fablicas o privadas que amenacen o afecten derechos ambientales y sus efectos en la alimentaci\u00f3n, adem\u00e1s de la vulneraci\u00f3n de derechos sociales y culturales.<\/p>\n<p>6)\u00a0\u00a0 \u00a0Participar activamente de otros espacios interinstitucionales de la sociedad civil y del Estado que trate los asuntos de inter\u00e9s del Observatorio.<\/p>\n<p>7)\u00a0\u00a0 \u00a0Prestar servicios de informaci\u00f3n, capacitaci\u00f3n y sensibilizaci\u00f3n social sobre la agenda tem\u00e1tica del Observatorio.<\/p>\n<\/div>\n<div style=\"margin-top: 0px; margin-bottom: 0px;\" class=\"sharethis-inline-reaction-buttons\" ><\/div>","protected":false},"excerpt":{"rendered":"<p>En un acto especial celebrado este 8 de agosto, se firm\u00f3 el\u00a0Acta de Fundaci\u00f3n del Observatorio a la Gesti\u00f3n del Patrimonio Natural y Territorio, del Grupo de Trabajo Cambio Clim\u00e1tico y Justicia (GTCC-J), Regional Santa Cruz.<\/p>\n","protected":false},"author":1,"featured_media":212,"comment_status":"open","ping_status":"open","sticky":false,"template":"","format":"standard","meta":{"footnotes":""},"categories":[25],"tags":[],"class_list":["post-211","post","type-post","status-publish","format-standard","has-post-thumbnail","hentry","category-noticias"],"yoast_head":"<!-- This site is optimized with the Yoast SEO plugin v27.4 - https:\/\/yoast.com\/product\/yoast-seo-wordpress\/ -->\n<title>Firma de acta de fundaci\u00f3n del observatorio del GTCCyJ Santa Cruz - INCADE<\/title>\n<meta name=\"robots\" content=\"index, follow, max-snippet:-1, max-image-preview:large, max-video-preview:-1\" \/>\n<link rel=\"canonical\" href=\"https:\/\/incadebolivia.com\/?p=211\" \/>\n<meta property=\"og:locale\" content=\"es_ES\" \/>\n<meta property=\"og:type\" content=\"article\" \/>\n<meta property=\"og:title\" content=\"Firma de acta de fundaci\u00f3n del observatorio del GTCCyJ Santa Cruz - INCADE\" \/>\n<meta property=\"og:description\" content=\"En un acto especial celebrado este 8 de agosto, se firm\u00f3 el\u00a0Acta de Fundaci\u00f3n del Observatorio a la Gesti\u00f3n del Patrimonio Natural y Territorio, del Grupo de Trabajo Cambio Clim\u00e1tico y Justicia (GTCC-J), Regional Santa Cruz.\" \/>\n<meta property=\"og:url\" content=\"https:\/\/incadebolivia.com\/?p=211\" \/>\n<meta property=\"og:site_name\" content=\"INCADE\" \/>\n<meta property=\"article:publisher\" content=\"https:\/\/www.facebook.com\/IncadeMontero\" \/>\n<meta property=\"article:published_time\" content=\"2018-08-09T11:51:00+00:00\" \/>\n<meta property=\"article:modified_time\" content=\"2024-02-13T11:56:22+00:00\" \/>\n<meta property=\"og:image\" content=\"https:\/\/incadebolivia.com\/wp-content\/uploads\/2024\/02\/fundacion-observatorio.jpg\" \/>\n\t<meta property=\"og:image:width\" content=\"620\" \/>\n\t<meta property=\"og:image:height\" content=\"350\" \/>\n\t<meta property=\"og:image:type\" content=\"image\/jpeg\" \/>\n<meta name=\"author\" content=\"INCADE\" \/>\n<meta name=\"twitter:card\" content=\"summary_large_image\" \/>\n<meta name=\"twitter:label1\" content=\"Escrito por\" \/>\n\t<meta name=\"twitter:data1\" content=\"INCADE\" \/>\n\t<meta name=\"twitter:label2\" content=\"Tiempo de lectura\" \/>\n\t<meta name=\"twitter:data2\" content=\"2 minutos\" \/>\n<script type=\"application\/ld+json\" class=\"yoast-schema-graph\">{\"@context\":\"https:\\\/\\\/schema.org\",\"@graph\":[{\"@type\":\"Article\",\"@id\":\"https:\\\/\\\/incadebolivia.com\\\/?p=211#article\",\"isPartOf\":{\"@id\":\"https:\\\/\\\/incadebolivia.com\\\/?p=211\"},\"author\":{\"name\":\"INCADE\",\"@id\":\"https:\\\/\\\/incadebolivia.com\\\/#\\\/schema\\\/person\\\/7c960bd9d6253dfb1820037a95b6ec50\"},\"headline\":\"Firma de acta de fundaci\u00f3n del observatorio del GTCCyJ Santa Cruz\",\"datePublished\":\"2018-08-09T11:51:00+00:00\",\"dateModified\":\"2024-02-13T11:56:22+00:00\",\"mainEntityOfPage\":{\"@id\":\"https:\\\/\\\/incadebolivia.com\\\/?p=211\"},\"wordCount\":313,\"commentCount\":0,\"publisher\":{\"@id\":\"https:\\\/\\\/incadebolivia.com\\\/#organization\"},\"image\":{\"@id\":\"https:\\\/\\\/incadebolivia.com\\\/?p=211#primaryimage\"},\"thumbnailUrl\":\"https:\\\/\\\/incadebolivia.com\\\/wp-content\\\/uploads\\\/2024\\\/02\\\/fundacion-observatorio.jpg\",\"articleSection\":[\"Noticias\"],\"inLanguage\":\"es\",\"potentialAction\":[{\"@type\":\"CommentAction\",\"name\":\"Comment\",\"target\":[\"https:\\\/\\\/incadebolivia.com\\\/?p=211#respond\"]}]},{\"@type\":\"WebPage\",\"@id\":\"https:\\\/\\\/incadebolivia.com\\\/?p=211\",\"url\":\"https:\\\/\\\/incadebolivia.com\\\/?p=211\",\"name\":\"Firma de acta de fundaci\u00f3n del observatorio del GTCCyJ Santa Cruz - INCADE\",\"isPartOf\":{\"@id\":\"https:\\\/\\\/incadebolivia.com\\\/#website\"},\"primaryImageOfPage\":{\"@id\":\"https:\\\/\\\/incadebolivia.com\\\/?p=211#primaryimage\"},\"image\":{\"@id\":\"https:\\\/\\\/incadebolivia.com\\\/?p=211#primaryimage\"},\"thumbnailUrl\":\"https:\\\/\\\/incadebolivia.com\\\/wp-content\\\/uploads\\\/2024\\\/02\\\/fundacion-observatorio.jpg\",\"datePublished\":\"2018-08-09T11:51:00+00:00\",\"dateModified\":\"2024-02-13T11:56:22+00:00\",\"breadcrumb\":{\"@id\":\"https:\\\/\\\/incadebolivia.com\\\/?p=211#breadcrumb\"},\"inLanguage\":\"es\",\"potentialAction\":[{\"@type\":\"ReadAction\",\"target\":[\"https:\\\/\\\/incadebolivia.com\\\/?p=211\"]}]},{\"@type\":\"ImageObject\",\"inLanguage\":\"es\",\"@id\":\"https:\\\/\\\/incadebolivia.com\\\/?p=211#primaryimage\",\"url\":\"https:\\\/\\\/incadebolivia.com\\\/wp-content\\\/uploads\\\/2024\\\/02\\\/fundacion-observatorio.jpg\",\"contentUrl\":\"https:\\\/\\\/incadebolivia.com\\\/wp-content\\\/uploads\\\/2024\\\/02\\\/fundacion-observatorio.jpg\",\"width\":620,\"height\":350},{\"@type\":\"BreadcrumbList\",\"@id\":\"https:\\\/\\\/incadebolivia.com\\\/?p=211#breadcrumb\",\"itemListElement\":[{\"@type\":\"ListItem\",\"position\":1,\"name\":\"Portada\",\"item\":\"https:\\\/\\\/incadebolivia.com\\\/\"},{\"@type\":\"ListItem\",\"position\":2,\"name\":\"Firma de acta de fundaci\u00f3n del observatorio del GTCCyJ Santa Cruz\"}]},{\"@type\":\"WebSite\",\"@id\":\"https:\\\/\\\/incadebolivia.com\\\/#website\",\"url\":\"https:\\\/\\\/incadebolivia.com\\\/\",\"name\":\"INCADE\",\"description\":\"Instituto de Capacitaci\u00f3n para el Desarrollo\",\"publisher\":{\"@id\":\"https:\\\/\\\/incadebolivia.com\\\/#organization\"},\"potentialAction\":[{\"@type\":\"SearchAction\",\"target\":{\"@type\":\"EntryPoint\",\"urlTemplate\":\"https:\\\/\\\/incadebolivia.com\\\/?s={search_term_string}\"},\"query-input\":{\"@type\":\"PropertyValueSpecification\",\"valueRequired\":true,\"valueName\":\"search_term_string\"}}],\"inLanguage\":\"es\"},{\"@type\":\"Organization\",\"@id\":\"https:\\\/\\\/incadebolivia.com\\\/#organization\",\"name\":\"Instituto de Capacitaci\u00f3n para el Desarrollo\",\"url\":\"https:\\\/\\\/incadebolivia.com\\\/\",\"logo\":{\"@type\":\"ImageObject\",\"inLanguage\":\"es\",\"@id\":\"https:\\\/\\\/incadebolivia.com\\\/#\\\/schema\\\/logo\\\/image\\\/\",\"url\":\"https:\\\/\\\/incadebolivia.com\\\/wp-content\\\/uploads\\\/2025\\\/07\\\/ligo-inade.png\",\"contentUrl\":\"https:\\\/\\\/incadebolivia.com\\\/wp-content\\\/uploads\\\/2025\\\/07\\\/ligo-inade.png\",\"width\":430,\"height\":128,\"caption\":\"Instituto de Capacitaci\u00f3n para el Desarrollo\"},\"image\":{\"@id\":\"https:\\\/\\\/incadebolivia.com\\\/#\\\/schema\\\/logo\\\/image\\\/\"},\"sameAs\":[\"https:\\\/\\\/www.facebook.com\\\/IncadeMontero\"]},{\"@type\":\"Person\",\"@id\":\"https:\\\/\\\/incadebolivia.com\\\/#\\\/schema\\\/person\\\/7c960bd9d6253dfb1820037a95b6ec50\",\"name\":\"INCADE\",\"image\":{\"@type\":\"ImageObject\",\"inLanguage\":\"es\",\"@id\":\"https:\\\/\\\/secure.gravatar.com\\\/avatar\\\/bf27e9186df568254093afa216f887fece17605302c6ff12f3980422fffa52e6?s=96&d=mm&r=g\",\"url\":\"https:\\\/\\\/secure.gravatar.com\\\/avatar\\\/bf27e9186df568254093afa216f887fece17605302c6ff12f3980422fffa52e6?s=96&d=mm&r=g\",\"contentUrl\":\"https:\\\/\\\/secure.gravatar.com\\\/avatar\\\/bf27e9186df568254093afa216f887fece17605302c6ff12f3980422fffa52e6?s=96&d=mm&r=g\",\"caption\":\"INCADE\"},\"sameAs\":[\"https:\\\/\\\/incadebolivia.com\"],\"url\":\"https:\\\/\\\/incadebolivia.com\\\/?author=1\"}]}<\/script>\n<!-- \/ Yoast SEO plugin. -->","yoast_head_json":{"title":"Firma de acta de fundaci\u00f3n del observatorio del GTCCyJ Santa Cruz - INCADE","robots":{"index":"index","follow":"follow","max-snippet":"max-snippet:-1","max-image-preview":"max-image-preview:large","max-video-preview":"max-video-preview:-1"},"canonical":"https:\/\/incadebolivia.com\/?p=211","og_locale":"es_ES","og_type":"article","og_title":"Firma de acta de fundaci\u00f3n del observatorio del GTCCyJ Santa Cruz - INCADE","og_description":"En un acto especial celebrado este 8 de agosto, se firm\u00f3 el\u00a0Acta de Fundaci\u00f3n del Observatorio a la Gesti\u00f3n del Patrimonio Natural y Territorio, del Grupo de Trabajo Cambio Clim\u00e1tico y Justicia (GTCC-J), Regional Santa Cruz.","og_url":"https:\/\/incadebolivia.com\/?p=211","og_site_name":"INCADE","article_publisher":"https:\/\/www.facebook.com\/IncadeMontero","article_published_time":"2018-08-09T11:51:00+00:00","article_modified_time":"2024-02-13T11:56:22+00:00","og_image":[{"width":620,"height":350,"url":"https:\/\/incadebolivia.com\/wp-content\/uploads\/2024\/02\/fundacion-observatorio.jpg","type":"image\/jpeg"}],"author":"INCADE","twitter_card":"summary_large_image","twitter_misc":{"Escrito por":"INCADE","Tiempo de lectura":"2 minutos"},"schema":{"@context":"https:\/\/schema.org","@graph":[{"@type":"Article","@id":"https:\/\/incadebolivia.com\/?p=211#article","isPartOf":{"@id":"https:\/\/incadebolivia.com\/?p=211"},"author":{"name":"INCADE","@id":"https:\/\/incadebolivia.com\/#\/schema\/person\/7c960bd9d6253dfb1820037a95b6ec50"},"headline":"Firma de acta de fundaci\u00f3n del observatorio del GTCCyJ Santa Cruz","datePublished":"2018-08-09T11:51:00+00:00","dateModified":"2024-02-13T11:56:22+00:00","mainEntityOfPage":{"@id":"https:\/\/incadebolivia.com\/?p=211"},"wordCount":313,"commentCount":0,"publisher":{"@id":"https:\/\/incadebolivia.com\/#organization"},"image":{"@id":"https:\/\/incadebolivia.com\/?p=211#primaryimage"},"thumbnailUrl":"https:\/\/incadebolivia.com\/wp-content\/uploads\/2024\/02\/fundacion-observatorio.jpg","articleSection":["Noticias"],"inLanguage":"es","potentialAction":[{"@type":"CommentAction","name":"Comment","target":["https:\/\/incadebolivia.com\/?p=211#respond"]}]},{"@type":"WebPage","@id":"https:\/\/incadebolivia.com\/?p=211","url":"https:\/\/incadebolivia.com\/?p=211","name":"Firma de acta de fundaci\u00f3n del observatorio del GTCCyJ Santa Cruz - INCADE","isPartOf":{"@id":"https:\/\/incadebolivia.com\/#website"},"primaryImageOfPage":{"@id":"https:\/\/incadebolivia.com\/?p=211#primaryimage"},"image":{"@id":"https:\/\/incadebolivia.com\/?p=211#primaryimage"},"thumbnailUrl":"https:\/\/incadebolivia.com\/wp-content\/uploads\/2024\/02\/fundacion-observatorio.jpg","datePublished":"2018-08-09T11:51:00+00:00","dateModified":"2024-02-13T11:56:22+00:00","breadcrumb":{"@id":"https:\/\/incadebolivia.com\/?p=211#breadcrumb"},"inLanguage":"es","potentialAction":[{"@type":"ReadAction","target":["https:\/\/incadebolivia.com\/?p=211"]}]},{"@type":"ImageObject","inLanguage":"es","@id":"https:\/\/incadebolivia.com\/?p=211#primaryimage","url":"https:\/\/incadebolivia.com\/wp-content\/uploads\/2024\/02\/fundacion-observatorio.jpg","contentUrl":"https:\/\/incadebolivia.com\/wp-content\/uploads\/2024\/02\/fundacion-observatorio.jpg","width":620,"height":350},{"@type":"BreadcrumbList","@id":"https:\/\/incadebolivia.com\/?p=211#breadcrumb","itemListElement":[{"@type":"ListItem","position":1,"name":"Portada","item":"https:\/\/incadebolivia.com\/"},{"@type":"ListItem","position":2,"name":"Firma de acta de fundaci\u00f3n del observatorio del GTCCyJ Santa Cruz"}]},{"@type":"WebSite","@id":"https:\/\/incadebolivia.com\/#website","url":"https:\/\/incadebolivia.com\/","name":"INCADE","description":"Instituto de Capacitaci\u00f3n para el Desarrollo","publisher":{"@id":"https:\/\/incadebolivia.com\/#organization"},"potentialAction":[{"@type":"SearchAction","target":{"@type":"EntryPoint","urlTemplate":"https:\/\/incadebolivia.com\/?s={search_term_string}"},"query-input":{"@type":"PropertyValueSpecification","valueRequired":true,"valueName":"search_term_string"}}],"inLanguage":"es"},{"@type":"Organization","@id":"https:\/\/incadebolivia.com\/#organization","name":"Instituto de Capacitaci\u00f3n para el Desarrollo","url":"https:\/\/incadebolivia.com\/","logo":{"@type":"ImageObject","inLanguage":"es","@id":"https:\/\/incadebolivia.com\/#\/schema\/logo\/image\/","url":"https:\/\/incadebolivia.com\/wp-content\/uploads\/2025\/07\/ligo-inade.png","contentUrl":"https:\/\/incadebolivia.com\/wp-content\/uploads\/2025\/07\/ligo-inade.png","width":430,"height":128,"caption":"Instituto de Capacitaci\u00f3n para el Desarrollo"},"image":{"@id":"https:\/\/incadebolivia.com\/#\/schema\/logo\/image\/"},"sameAs":["https:\/\/www.facebook.com\/IncadeMontero"]},{"@type":"Person","@id":"https:\/\/incadebolivia.com\/#\/schema\/person\/7c960bd9d6253dfb1820037a95b6ec50","name":"INCADE","image":{"@type":"ImageObject","inLanguage":"es","@id":"https:\/\/secure.gravatar.com\/avatar\/bf27e9186df568254093afa216f887fece17605302c6ff12f3980422fffa52e6?s=96&d=mm&r=g","url":"https:\/\/secure.gravatar.com\/avatar\/bf27e9186df568254093afa216f887fece17605302c6ff12f3980422fffa52e6?s=96&d=mm&r=g","contentUrl":"https:\/\/secure.gravatar.com\/avatar\/bf27e9186df568254093afa216f887fece17605302c6ff12f3980422fffa52e6?s=96&d=mm&r=g","caption":"INCADE"},"sameAs":["https:\/\/incadebolivia.com"],"url":"https:\/\/incadebolivia.com\/?author=1"}]}},"_links":{"self":[{"href":"https:\/\/incadebolivia.com\/index.php?rest_route=\/wp\/v2\/posts\/211","targetHints":{"allow":["GET"]}}],"collection":[{"href":"https:\/\/incadebolivia.com\/index.php?rest_route=\/wp\/v2\/posts"}],"about":[{"href":"https:\/\/incadebolivia.com\/index.php?rest_route=\/wp\/v2\/types\/post"}],"author":[{"embeddable":true,"href":"https:\/\/incadebolivia.com\/index.php?rest_route=\/wp\/v2\/users\/1"}],"replies":[{"embeddable":true,"href":"https:\/\/incadebolivia.com\/index.php?rest_route=%2Fwp%2Fv2%2Fcomments&post=211"}],"version-history":[{"count":1,"href":"https:\/\/incadebolivia.com\/index.php?rest_route=\/wp\/v2\/posts\/211\/revisions"}],"predecessor-version":[{"id":213,"href":"https:\/\/incadebolivia.com\/index.php?rest_route=\/wp\/v2\/posts\/211\/revisions\/213"}],"wp:featuredmedia":[{"embeddable":true,"href":"https:\/\/incadebolivia.com\/index.php?rest_route=\/wp\/v2\/media\/212"}],"wp:attachment":[{"href":"https:\/\/incadebolivia.com\/index.php?rest_route=%2Fwp%2Fv2%2Fmedia&parent=211"}],"wp:term":[{"taxonomy":"category","embeddable":true,"href":"https:\/\/incadebolivia.com\/index.php?rest_route=%2Fwp%2Fv2%2Fcategories&post=211"},{"taxonomy":"post_tag","embeddable":true,"href":"https:\/\/incadebolivia.com\/index.php?rest_route=%2Fwp%2Fv2%2Ftags&post=211"}],"curies":[{"name":"wp","href":"https:\/\/api.w.org\/{rel}","templated":true}]}}