{"id":214,"date":"2018-08-09T07:57:00","date_gmt":"2018-08-09T11:57:00","guid":{"rendered":"https:\/\/incadebolivia.com\/?p=214"},"modified":"2024-02-13T08:12:16","modified_gmt":"2024-02-13T12:12:16","slug":"incade-inicia-taller-de-produccion-de-teatro-alternativo-para-maestras-y-maestros","status":"publish","type":"post","link":"https:\/\/incadebolivia.com\/?p=214","title":{"rendered":"INCADE inicia taller de producci\u00f3n de teatro alternativo para maestras y maestros."},"content":{"rendered":"<div class=\"itemIntroText\">\n<p>Con el objetivo de incentivar la producci\u00f3n teatral, el Instituto de Capacitaci\u00f3n para el Desarrollo INCADE iniciar\u00e1 desde este s\u00e1bado 11 de agosto el taller de producci\u00f3n de teatro alternativo que contempla: producci\u00f3n, tramoya, iluminaci\u00f3n y vestuario reciclado dirigido a maestras y maestros de las unidades educativas del proyecto la escuela defiende la salud y la vida.<\/p>\n<\/div>\n<p><!--more--><\/p>\n<div class=\"itemFullText\">\n<p>Ser\u00e1n 4 clases intensivas y se realizar\u00e1n este 11, 18, 25 de agosto y 1 de septiembre en el sal\u00f3n Mario Pani de la Parroquia San Jos\u00e9 de la Floresta en horario de 8:00 a 12:00 de la ma\u00f1ana.<\/p>\n<p>La directora del INCADE Lic. Adriana Montero record\u00f3 que los talleres de teatro que cursan los estudiantes est\u00e1n bien avanzados sin embargo se quiere dejar un aporte para las maestras y maestro con la finalidad que puedan acompa\u00f1ar este proceso que est\u00e1n viviendo los estudiantes con el arte de las tablas.<\/p>\n<p>El escenario, la iluminaci\u00f3n, el sonido y el vestuario son elementos fundamentales a la hora de poner en escena una obra teatral y de eso se tratar\u00e1 los talleres para que los maestros, aprendan sobre como armar un escenario con iluminaci\u00f3n y sonido adem\u00e1s de producir el vestuario a partir de material reciclado.<\/p>\n<p>Es un aporte m\u00e1s a la educaci\u00f3n en Montero que hace el INCADE, ya que el teatro ha despertado inter\u00e9s y motivaci\u00f3n en ni\u00f1os y j\u00f3venes y se espera que sigan estudiando y form\u00e1ndose como l\u00edderes en sus unidades educativas.<\/p>\n<\/div>\n<div style=\"margin-top: 0px; margin-bottom: 0px;\" class=\"sharethis-inline-reaction-buttons\" ><\/div>","protected":false},"excerpt":{"rendered":"<p>Con el objetivo de incentivar la producci\u00f3n teatral, el Instituto de Capacitaci\u00f3n para el Desarrollo INCADE iniciar\u00e1 desde este s\u00e1bado 11 de agosto el taller de producci\u00f3n de teatro alternativo que contempla: producci\u00f3n, tramoya, iluminaci\u00f3n y vestuario reciclado dirigido a maestras y maestros de las unidades educativas del proyecto la escuela defiende la salud y [&hellip;]<\/p>\n","protected":false},"author":1,"featured_media":215,"comment_status":"open","ping_status":"open","sticky":false,"template":"","format":"standard","meta":{"footnotes":""},"categories":[25],"tags":[],"class_list":["post-214","post","type-post","status-publish","format-standard","has-post-thumbnail","hentry","category-noticias"],"yoast_head":"<!-- This site is optimized with the Yoast SEO plugin v27.4 - https:\/\/yoast.com\/product\/yoast-seo-wordpress\/ -->\n<title>INCADE inicia taller de producci\u00f3n de teatro alternativo para maestras y maestros. - INCADE<\/title>\n<meta name=\"robots\" content=\"index, follow, max-snippet:-1, max-image-preview:large, max-video-preview:-1\" \/>\n<link rel=\"canonical\" href=\"https:\/\/incadebolivia.com\/?p=214\" \/>\n<meta property=\"og:locale\" content=\"es_ES\" \/>\n<meta property=\"og:type\" content=\"article\" \/>\n<meta property=\"og:title\" content=\"INCADE inicia taller de producci\u00f3n de teatro alternativo para maestras y maestros. - INCADE\" \/>\n<meta property=\"og:description\" content=\"Con el objetivo de incentivar la producci\u00f3n teatral, el Instituto de Capacitaci\u00f3n para el Desarrollo INCADE iniciar\u00e1 desde este s\u00e1bado 11 de agosto el taller de producci\u00f3n de teatro alternativo que contempla: producci\u00f3n, tramoya, iluminaci\u00f3n y vestuario reciclado dirigido a maestras y maestros de las unidades educativas del proyecto la escuela defiende la salud y [&hellip;]\" \/>\n<meta property=\"og:url\" content=\"https:\/\/incadebolivia.com\/?p=214\" \/>\n<meta property=\"og:site_name\" content=\"INCADE\" \/>\n<meta property=\"article:publisher\" content=\"https:\/\/www.facebook.com\/IncadeMontero\" \/>\n<meta property=\"article:published_time\" content=\"2018-08-09T11:57:00+00:00\" \/>\n<meta property=\"article:modified_time\" content=\"2024-02-13T12:12:16+00:00\" \/>\n<meta property=\"og:image\" content=\"https:\/\/incadebolivia.com\/wp-content\/uploads\/2024\/02\/Lic-Adriana-Montero.jpeg\" \/>\n\t<meta property=\"og:image:width\" content=\"620\" \/>\n\t<meta property=\"og:image:height\" content=\"413\" \/>\n\t<meta property=\"og:image:type\" content=\"image\/jpeg\" \/>\n<meta name=\"author\" content=\"INCADE\" \/>\n<meta name=\"twitter:card\" content=\"summary_large_image\" \/>\n<meta name=\"twitter:label1\" content=\"Escrito por\" \/>\n\t<meta name=\"twitter:data1\" content=\"INCADE\" \/>\n\t<meta name=\"twitter:label2\" content=\"Tiempo de lectura\" \/>\n\t<meta name=\"twitter:data2\" content=\"1 minuto\" \/>\n<script type=\"application\/ld+json\" class=\"yoast-schema-graph\">{\"@context\":\"https:\\\/\\\/schema.org\",\"@graph\":[{\"@type\":\"Article\",\"@id\":\"https:\\\/\\\/incadebolivia.com\\\/?p=214#article\",\"isPartOf\":{\"@id\":\"https:\\\/\\\/incadebolivia.com\\\/?p=214\"},\"author\":{\"name\":\"INCADE\",\"@id\":\"https:\\\/\\\/incadebolivia.com\\\/#\\\/schema\\\/person\\\/7c960bd9d6253dfb1820037a95b6ec50\"},\"headline\":\"INCADE inicia taller de producci\u00f3n de teatro alternativo para maestras y maestros.\",\"datePublished\":\"2018-08-09T11:57:00+00:00\",\"dateModified\":\"2024-02-13T12:12:16+00:00\",\"mainEntityOfPage\":{\"@id\":\"https:\\\/\\\/incadebolivia.com\\\/?p=214\"},\"wordCount\":269,\"commentCount\":0,\"publisher\":{\"@id\":\"https:\\\/\\\/incadebolivia.com\\\/#organization\"},\"image\":{\"@id\":\"https:\\\/\\\/incadebolivia.com\\\/?p=214#primaryimage\"},\"thumbnailUrl\":\"https:\\\/\\\/incadebolivia.com\\\/wp-content\\\/uploads\\\/2024\\\/02\\\/Lic-Adriana-Montero.jpeg\",\"articleSection\":[\"Noticias\"],\"inLanguage\":\"es\",\"potentialAction\":[{\"@type\":\"CommentAction\",\"name\":\"Comment\",\"target\":[\"https:\\\/\\\/incadebolivia.com\\\/?p=214#respond\"]}]},{\"@type\":\"WebPage\",\"@id\":\"https:\\\/\\\/incadebolivia.com\\\/?p=214\",\"url\":\"https:\\\/\\\/incadebolivia.com\\\/?p=214\",\"name\":\"INCADE inicia taller de producci\u00f3n de teatro alternativo para maestras y maestros. - INCADE\",\"isPartOf\":{\"@id\":\"https:\\\/\\\/incadebolivia.com\\\/#website\"},\"primaryImageOfPage\":{\"@id\":\"https:\\\/\\\/incadebolivia.com\\\/?p=214#primaryimage\"},\"image\":{\"@id\":\"https:\\\/\\\/incadebolivia.com\\\/?p=214#primaryimage\"},\"thumbnailUrl\":\"https:\\\/\\\/incadebolivia.com\\\/wp-content\\\/uploads\\\/2024\\\/02\\\/Lic-Adriana-Montero.jpeg\",\"datePublished\":\"2018-08-09T11:57:00+00:00\",\"dateModified\":\"2024-02-13T12:12:16+00:00\",\"breadcrumb\":{\"@id\":\"https:\\\/\\\/incadebolivia.com\\\/?p=214#breadcrumb\"},\"inLanguage\":\"es\",\"potentialAction\":[{\"@type\":\"ReadAction\",\"target\":[\"https:\\\/\\\/incadebolivia.com\\\/?p=214\"]}]},{\"@type\":\"ImageObject\",\"inLanguage\":\"es\",\"@id\":\"https:\\\/\\\/incadebolivia.com\\\/?p=214#primaryimage\",\"url\":\"https:\\\/\\\/incadebolivia.com\\\/wp-content\\\/uploads\\\/2024\\\/02\\\/Lic-Adriana-Montero.jpeg\",\"contentUrl\":\"https:\\\/\\\/incadebolivia.com\\\/wp-content\\\/uploads\\\/2024\\\/02\\\/Lic-Adriana-Montero.jpeg\",\"width\":620,\"height\":413},{\"@type\":\"BreadcrumbList\",\"@id\":\"https:\\\/\\\/incadebolivia.com\\\/?p=214#breadcrumb\",\"itemListElement\":[{\"@type\":\"ListItem\",\"position\":1,\"name\":\"Portada\",\"item\":\"https:\\\/\\\/incadebolivia.com\\\/\"},{\"@type\":\"ListItem\",\"position\":2,\"name\":\"INCADE inicia taller de producci\u00f3n de teatro alternativo para maestras y maestros.\"}]},{\"@type\":\"WebSite\",\"@id\":\"https:\\\/\\\/incadebolivia.com\\\/#website\",\"url\":\"https:\\\/\\\/incadebolivia.com\\\/\",\"name\":\"INCADE\",\"description\":\"Instituto de Capacitaci\u00f3n para el Desarrollo\",\"publisher\":{\"@id\":\"https:\\\/\\\/incadebolivia.com\\\/#organization\"},\"potentialAction\":[{\"@type\":\"SearchAction\",\"target\":{\"@type\":\"EntryPoint\",\"urlTemplate\":\"https:\\\/\\\/incadebolivia.com\\\/?s={search_term_string}\"},\"query-input\":{\"@type\":\"PropertyValueSpecification\",\"valueRequired\":true,\"valueName\":\"search_term_string\"}}],\"inLanguage\":\"es\"},{\"@type\":\"Organization\",\"@id\":\"https:\\\/\\\/incadebolivia.com\\\/#organization\",\"name\":\"Instituto de Capacitaci\u00f3n para el Desarrollo\",\"url\":\"https:\\\/\\\/incadebolivia.com\\\/\",\"logo\":{\"@type\":\"ImageObject\",\"inLanguage\":\"es\",\"@id\":\"https:\\\/\\\/incadebolivia.com\\\/#\\\/schema\\\/logo\\\/image\\\/\",\"url\":\"https:\\\/\\\/incadebolivia.com\\\/wp-content\\\/uploads\\\/2025\\\/07\\\/ligo-inade.png\",\"contentUrl\":\"https:\\\/\\\/incadebolivia.com\\\/wp-content\\\/uploads\\\/2025\\\/07\\\/ligo-inade.png\",\"width\":430,\"height\":128,\"caption\":\"Instituto de Capacitaci\u00f3n para el Desarrollo\"},\"image\":{\"@id\":\"https:\\\/\\\/incadebolivia.com\\\/#\\\/schema\\\/logo\\\/image\\\/\"},\"sameAs\":[\"https:\\\/\\\/www.facebook.com\\\/IncadeMontero\"]},{\"@type\":\"Person\",\"@id\":\"https:\\\/\\\/incadebolivia.com\\\/#\\\/schema\\\/person\\\/7c960bd9d6253dfb1820037a95b6ec50\",\"name\":\"INCADE\",\"image\":{\"@type\":\"ImageObject\",\"inLanguage\":\"es\",\"@id\":\"https:\\\/\\\/secure.gravatar.com\\\/avatar\\\/bf27e9186df568254093afa216f887fece17605302c6ff12f3980422fffa52e6?s=96&d=mm&r=g\",\"url\":\"https:\\\/\\\/secure.gravatar.com\\\/avatar\\\/bf27e9186df568254093afa216f887fece17605302c6ff12f3980422fffa52e6?s=96&d=mm&r=g\",\"contentUrl\":\"https:\\\/\\\/secure.gravatar.com\\\/avatar\\\/bf27e9186df568254093afa216f887fece17605302c6ff12f3980422fffa52e6?s=96&d=mm&r=g\",\"caption\":\"INCADE\"},\"sameAs\":[\"https:\\\/\\\/incadebolivia.com\"],\"url\":\"https:\\\/\\\/incadebolivia.com\\\/?author=1\"}]}<\/script>\n<!-- \/ Yoast SEO plugin. -->","yoast_head_json":{"title":"INCADE inicia taller de producci\u00f3n de teatro alternativo para maestras y maestros. - INCADE","robots":{"index":"index","follow":"follow","max-snippet":"max-snippet:-1","max-image-preview":"max-image-preview:large","max-video-preview":"max-video-preview:-1"},"canonical":"https:\/\/incadebolivia.com\/?p=214","og_locale":"es_ES","og_type":"article","og_title":"INCADE inicia taller de producci\u00f3n de teatro alternativo para maestras y maestros. - INCADE","og_description":"Con el objetivo de incentivar la producci\u00f3n teatral, el Instituto de Capacitaci\u00f3n para el Desarrollo INCADE iniciar\u00e1 desde este s\u00e1bado 11 de agosto el taller de producci\u00f3n de teatro alternativo que contempla: producci\u00f3n, tramoya, iluminaci\u00f3n y vestuario reciclado dirigido a maestras y maestros de las unidades educativas del proyecto la escuela defiende la salud y [&hellip;]","og_url":"https:\/\/incadebolivia.com\/?p=214","og_site_name":"INCADE","article_publisher":"https:\/\/www.facebook.com\/IncadeMontero","article_published_time":"2018-08-09T11:57:00+00:00","article_modified_time":"2024-02-13T12:12:16+00:00","og_image":[{"width":620,"height":413,"url":"https:\/\/incadebolivia.com\/wp-content\/uploads\/2024\/02\/Lic-Adriana-Montero.jpeg","type":"image\/jpeg"}],"author":"INCADE","twitter_card":"summary_large_image","twitter_misc":{"Escrito por":"INCADE","Tiempo de lectura":"1 minuto"},"schema":{"@context":"https:\/\/schema.org","@graph":[{"@type":"Article","@id":"https:\/\/incadebolivia.com\/?p=214#article","isPartOf":{"@id":"https:\/\/incadebolivia.com\/?p=214"},"author":{"name":"INCADE","@id":"https:\/\/incadebolivia.com\/#\/schema\/person\/7c960bd9d6253dfb1820037a95b6ec50"},"headline":"INCADE inicia taller de producci\u00f3n de teatro alternativo para maestras y maestros.","datePublished":"2018-08-09T11:57:00+00:00","dateModified":"2024-02-13T12:12:16+00:00","mainEntityOfPage":{"@id":"https:\/\/incadebolivia.com\/?p=214"},"wordCount":269,"commentCount":0,"publisher":{"@id":"https:\/\/incadebolivia.com\/#organization"},"image":{"@id":"https:\/\/incadebolivia.com\/?p=214#primaryimage"},"thumbnailUrl":"https:\/\/incadebolivia.com\/wp-content\/uploads\/2024\/02\/Lic-Adriana-Montero.jpeg","articleSection":["Noticias"],"inLanguage":"es","potentialAction":[{"@type":"CommentAction","name":"Comment","target":["https:\/\/incadebolivia.com\/?p=214#respond"]}]},{"@type":"WebPage","@id":"https:\/\/incadebolivia.com\/?p=214","url":"https:\/\/incadebolivia.com\/?p=214","name":"INCADE inicia taller de producci\u00f3n de teatro alternativo para maestras y maestros. - INCADE","isPartOf":{"@id":"https:\/\/incadebolivia.com\/#website"},"primaryImageOfPage":{"@id":"https:\/\/incadebolivia.com\/?p=214#primaryimage"},"image":{"@id":"https:\/\/incadebolivia.com\/?p=214#primaryimage"},"thumbnailUrl":"https:\/\/incadebolivia.com\/wp-content\/uploads\/2024\/02\/Lic-Adriana-Montero.jpeg","datePublished":"2018-08-09T11:57:00+00:00","dateModified":"2024-02-13T12:12:16+00:00","breadcrumb":{"@id":"https:\/\/incadebolivia.com\/?p=214#breadcrumb"},"inLanguage":"es","potentialAction":[{"@type":"ReadAction","target":["https:\/\/incadebolivia.com\/?p=214"]}]},{"@type":"ImageObject","inLanguage":"es","@id":"https:\/\/incadebolivia.com\/?p=214#primaryimage","url":"https:\/\/incadebolivia.com\/wp-content\/uploads\/2024\/02\/Lic-Adriana-Montero.jpeg","contentUrl":"https:\/\/incadebolivia.com\/wp-content\/uploads\/2024\/02\/Lic-Adriana-Montero.jpeg","width":620,"height":413},{"@type":"BreadcrumbList","@id":"https:\/\/incadebolivia.com\/?p=214#breadcrumb","itemListElement":[{"@type":"ListItem","position":1,"name":"Portada","item":"https:\/\/incadebolivia.com\/"},{"@type":"ListItem","position":2,"name":"INCADE inicia taller de producci\u00f3n de teatro alternativo para maestras y maestros."}]},{"@type":"WebSite","@id":"https:\/\/incadebolivia.com\/#website","url":"https:\/\/incadebolivia.com\/","name":"INCADE","description":"Instituto de Capacitaci\u00f3n para el Desarrollo","publisher":{"@id":"https:\/\/incadebolivia.com\/#organization"},"potentialAction":[{"@type":"SearchAction","target":{"@type":"EntryPoint","urlTemplate":"https:\/\/incadebolivia.com\/?s={search_term_string}"},"query-input":{"@type":"PropertyValueSpecification","valueRequired":true,"valueName":"search_term_string"}}],"inLanguage":"es"},{"@type":"Organization","@id":"https:\/\/incadebolivia.com\/#organization","name":"Instituto de Capacitaci\u00f3n para el Desarrollo","url":"https:\/\/incadebolivia.com\/","logo":{"@type":"ImageObject","inLanguage":"es","@id":"https:\/\/incadebolivia.com\/#\/schema\/logo\/image\/","url":"https:\/\/incadebolivia.com\/wp-content\/uploads\/2025\/07\/ligo-inade.png","contentUrl":"https:\/\/incadebolivia.com\/wp-content\/uploads\/2025\/07\/ligo-inade.png","width":430,"height":128,"caption":"Instituto de Capacitaci\u00f3n para el Desarrollo"},"image":{"@id":"https:\/\/incadebolivia.com\/#\/schema\/logo\/image\/"},"sameAs":["https:\/\/www.facebook.com\/IncadeMontero"]},{"@type":"Person","@id":"https:\/\/incadebolivia.com\/#\/schema\/person\/7c960bd9d6253dfb1820037a95b6ec50","name":"INCADE","image":{"@type":"ImageObject","inLanguage":"es","@id":"https:\/\/secure.gravatar.com\/avatar\/bf27e9186df568254093afa216f887fece17605302c6ff12f3980422fffa52e6?s=96&d=mm&r=g","url":"https:\/\/secure.gravatar.com\/avatar\/bf27e9186df568254093afa216f887fece17605302c6ff12f3980422fffa52e6?s=96&d=mm&r=g","contentUrl":"https:\/\/secure.gravatar.com\/avatar\/bf27e9186df568254093afa216f887fece17605302c6ff12f3980422fffa52e6?s=96&d=mm&r=g","caption":"INCADE"},"sameAs":["https:\/\/incadebolivia.com"],"url":"https:\/\/incadebolivia.com\/?author=1"}]}},"_links":{"self":[{"href":"https:\/\/incadebolivia.com\/index.php?rest_route=\/wp\/v2\/posts\/214","targetHints":{"allow":["GET"]}}],"collection":[{"href":"https:\/\/incadebolivia.com\/index.php?rest_route=\/wp\/v2\/posts"}],"about":[{"href":"https:\/\/incadebolivia.com\/index.php?rest_route=\/wp\/v2\/types\/post"}],"author":[{"embeddable":true,"href":"https:\/\/incadebolivia.com\/index.php?rest_route=\/wp\/v2\/users\/1"}],"replies":[{"embeddable":true,"href":"https:\/\/incadebolivia.com\/index.php?rest_route=%2Fwp%2Fv2%2Fcomments&post=214"}],"version-history":[{"count":1,"href":"https:\/\/incadebolivia.com\/index.php?rest_route=\/wp\/v2\/posts\/214\/revisions"}],"predecessor-version":[{"id":216,"href":"https:\/\/incadebolivia.com\/index.php?rest_route=\/wp\/v2\/posts\/214\/revisions\/216"}],"wp:featuredmedia":[{"embeddable":true,"href":"https:\/\/incadebolivia.com\/index.php?rest_route=\/wp\/v2\/media\/215"}],"wp:attachment":[{"href":"https:\/\/incadebolivia.com\/index.php?rest_route=%2Fwp%2Fv2%2Fmedia&parent=214"}],"wp:term":[{"taxonomy":"category","embeddable":true,"href":"https:\/\/incadebolivia.com\/index.php?rest_route=%2Fwp%2Fv2%2Fcategories&post=214"},{"taxonomy":"post_tag","embeddable":true,"href":"https:\/\/incadebolivia.com\/index.php?rest_route=%2Fwp%2Fv2%2Ftags&post=214"}],"curies":[{"name":"wp","href":"https:\/\/api.w.org\/{rel}","templated":true}]}}