{"id":230,"date":"2018-09-21T08:27:00","date_gmt":"2018-09-21T12:27:00","guid":{"rendered":"https:\/\/incadebolivia.com\/?p=230"},"modified":"2024-02-13T08:31:18","modified_gmt":"2024-02-13T12:31:18","slug":"presentaron-la-propuesta-de-ley-de-alimentacion-y-vida-saludable","status":"publish","type":"post","link":"https:\/\/incadebolivia.com\/?p=230","title":{"rendered":"Presentaron la propuesta de ley de Alimentaci\u00f3n y Vida Saludable"},"content":{"rendered":"<div class=\"itemIntroText\">\n<p>Como estaba previsto, el concejo municipal recibi\u00f3 en audiencia a los directores del distrito 5 que elaboraron la propuesta de ley de ALIMENTACION Y VIDA SALUDABLE, que despu\u00e9s de haberla socializado y haber recibido el respaldo de varias instituciones y organizaciones como el control social, Consejo Social Municipal de Salud y Comit\u00e9 C\u00edvico la presentaron al pleno del concejo municipal en sesi\u00f3n ordinaria del jueves 20 de septiembre.<\/p>\n<\/div>\n<p><!--more--><\/p>\n<div class=\"itemFullText\">\n<p>La presentaci\u00f3n estuvo precedida por una caminata pacifica de directores, personal de salud, padres de familia y algunos estudiantes que se concentraron en la acera del banco Uni\u00f3n y caminaron hacia el Concejo Municipal con pancartas y estribillos en alusi\u00f3n a la alimentaci\u00f3n saludable.<\/p>\n<p><img loading=\"lazy\" decoding=\"async\" class=\"size-full wp-image-232 aligncenter\" src=\"https:\/\/incadebolivia.com\/wp-content\/uploads\/2024\/02\/ley3.jpeg\" alt=\"\" width=\"620\" height=\"413\" srcset=\"https:\/\/incadebolivia.com\/wp-content\/uploads\/2024\/02\/ley3.jpeg 620w, https:\/\/incadebolivia.com\/wp-content\/uploads\/2024\/02\/ley3-300x200.jpeg 300w\" sizes=\"auto, (max-width: 620px) 100vw, 620px\" \/><\/p>\n<p>La presentaci\u00f3n de la propuesta de ley de Alimentaci\u00f3n y Vida Saludable estuvo a cargo de dos directores Lic. Santos Franc\u00e9s y Lic. Abel Acebedo, que encabezaron la elaboraci\u00f3n de la propuesta de ley con el apoyo y asesoramiento del INCADE.<\/p>\n<p>Los concejales recibieron un ejemplar de la propuesta en f\u00edsico y digital para su posterior an\u00e1lisis y consideraci\u00f3n, con el compromiso de que en breve una comisi\u00f3n estudiar\u00e1 el proyecto de ley y realizar\u00e1 las observaciones correspondientes para su posterior aprobaci\u00f3n y reglamentaci\u00f3n, pero por sobre todo para aplicar la norma que pondr\u00e1 a Montero como el \u00fanico municipio de Bolivia que tiene una ley de esta magnitud.<\/p>\n<p><img loading=\"lazy\" decoding=\"async\" class=\"size-full wp-image-233 aligncenter\" src=\"https:\/\/incadebolivia.com\/wp-content\/uploads\/2024\/02\/ley5.jpeg\" alt=\"\" width=\"620\" height=\"413\" srcset=\"https:\/\/incadebolivia.com\/wp-content\/uploads\/2024\/02\/ley5.jpeg 620w, https:\/\/incadebolivia.com\/wp-content\/uploads\/2024\/02\/ley5-300x200.jpeg 300w\" sizes=\"auto, (max-width: 620px) 100vw, 620px\" \/><\/p>\n<\/div>\n<div style=\"margin-top: 0px; margin-bottom: 0px;\" class=\"sharethis-inline-reaction-buttons\" ><\/div>","protected":false},"excerpt":{"rendered":"<p>Como estaba previsto, el concejo municipal recibi\u00f3 en audiencia a los directores del distrito 5 que elaboraron la propuesta de ley de ALIMENTACION Y VIDA SALUDABLE, que despu\u00e9s de haberla socializado y haber recibido el respaldo de varias instituciones y organizaciones como el control social, Consejo Social Municipal de Salud y Comit\u00e9 C\u00edvico la presentaron [&hellip;]<\/p>\n","protected":false},"author":1,"featured_media":231,"comment_status":"open","ping_status":"open","sticky":false,"template":"","format":"standard","meta":{"footnotes":""},"categories":[25],"tags":[],"class_list":["post-230","post","type-post","status-publish","format-standard","has-post-thumbnail","hentry","category-noticias"],"yoast_head":"<!-- This site is optimized with the Yoast SEO plugin v27.4 - https:\/\/yoast.com\/product\/yoast-seo-wordpress\/ -->\n<title>Presentaron la propuesta de ley de Alimentaci\u00f3n y Vida Saludable - INCADE<\/title>\n<meta name=\"robots\" content=\"index, follow, max-snippet:-1, max-image-preview:large, max-video-preview:-1\" \/>\n<link rel=\"canonical\" href=\"https:\/\/incadebolivia.com\/?p=230\" \/>\n<meta property=\"og:locale\" content=\"es_ES\" \/>\n<meta property=\"og:type\" content=\"article\" \/>\n<meta property=\"og:title\" content=\"Presentaron la propuesta de ley de Alimentaci\u00f3n y Vida Saludable - INCADE\" \/>\n<meta property=\"og:description\" content=\"Como estaba previsto, el concejo municipal recibi\u00f3 en audiencia a los directores del distrito 5 que elaboraron la propuesta de ley de ALIMENTACION Y VIDA SALUDABLE, que despu\u00e9s de haberla socializado y haber recibido el respaldo de varias instituciones y organizaciones como el control social, Consejo Social Municipal de Salud y Comit\u00e9 C\u00edvico la presentaron [&hellip;]\" \/>\n<meta property=\"og:url\" content=\"https:\/\/incadebolivia.com\/?p=230\" \/>\n<meta property=\"og:site_name\" content=\"INCADE\" \/>\n<meta property=\"article:publisher\" content=\"https:\/\/www.facebook.com\/IncadeMontero\" \/>\n<meta property=\"article:published_time\" content=\"2018-09-21T12:27:00+00:00\" \/>\n<meta property=\"article:modified_time\" content=\"2024-02-13T12:31:18+00:00\" \/>\n<meta property=\"og:image\" content=\"https:\/\/incadebolivia.com\/wp-content\/uploads\/2024\/02\/ley1.jpeg\" \/>\n\t<meta property=\"og:image:width\" content=\"620\" \/>\n\t<meta property=\"og:image:height\" content=\"413\" \/>\n\t<meta property=\"og:image:type\" content=\"image\/jpeg\" \/>\n<meta name=\"author\" content=\"INCADE\" \/>\n<meta name=\"twitter:card\" content=\"summary_large_image\" \/>\n<meta name=\"twitter:label1\" content=\"Escrito por\" \/>\n\t<meta name=\"twitter:data1\" content=\"INCADE\" \/>\n\t<meta name=\"twitter:label2\" content=\"Tiempo de lectura\" \/>\n\t<meta name=\"twitter:data2\" content=\"1 minuto\" \/>\n<script type=\"application\/ld+json\" class=\"yoast-schema-graph\">{\"@context\":\"https:\\\/\\\/schema.org\",\"@graph\":[{\"@type\":\"Article\",\"@id\":\"https:\\\/\\\/incadebolivia.com\\\/?p=230#article\",\"isPartOf\":{\"@id\":\"https:\\\/\\\/incadebolivia.com\\\/?p=230\"},\"author\":{\"name\":\"INCADE\",\"@id\":\"https:\\\/\\\/incadebolivia.com\\\/#\\\/schema\\\/person\\\/7c960bd9d6253dfb1820037a95b6ec50\"},\"headline\":\"Presentaron la propuesta de ley de Alimentaci\u00f3n y Vida Saludable\",\"datePublished\":\"2018-09-21T12:27:00+00:00\",\"dateModified\":\"2024-02-13T12:31:18+00:00\",\"mainEntityOfPage\":{\"@id\":\"https:\\\/\\\/incadebolivia.com\\\/?p=230\"},\"wordCount\":247,\"commentCount\":0,\"publisher\":{\"@id\":\"https:\\\/\\\/incadebolivia.com\\\/#organization\"},\"image\":{\"@id\":\"https:\\\/\\\/incadebolivia.com\\\/?p=230#primaryimage\"},\"thumbnailUrl\":\"https:\\\/\\\/incadebolivia.com\\\/wp-content\\\/uploads\\\/2024\\\/02\\\/ley1.jpeg\",\"articleSection\":[\"Noticias\"],\"inLanguage\":\"es\",\"potentialAction\":[{\"@type\":\"CommentAction\",\"name\":\"Comment\",\"target\":[\"https:\\\/\\\/incadebolivia.com\\\/?p=230#respond\"]}]},{\"@type\":\"WebPage\",\"@id\":\"https:\\\/\\\/incadebolivia.com\\\/?p=230\",\"url\":\"https:\\\/\\\/incadebolivia.com\\\/?p=230\",\"name\":\"Presentaron la propuesta de ley de Alimentaci\u00f3n y Vida Saludable - INCADE\",\"isPartOf\":{\"@id\":\"https:\\\/\\\/incadebolivia.com\\\/#website\"},\"primaryImageOfPage\":{\"@id\":\"https:\\\/\\\/incadebolivia.com\\\/?p=230#primaryimage\"},\"image\":{\"@id\":\"https:\\\/\\\/incadebolivia.com\\\/?p=230#primaryimage\"},\"thumbnailUrl\":\"https:\\\/\\\/incadebolivia.com\\\/wp-content\\\/uploads\\\/2024\\\/02\\\/ley1.jpeg\",\"datePublished\":\"2018-09-21T12:27:00+00:00\",\"dateModified\":\"2024-02-13T12:31:18+00:00\",\"breadcrumb\":{\"@id\":\"https:\\\/\\\/incadebolivia.com\\\/?p=230#breadcrumb\"},\"inLanguage\":\"es\",\"potentialAction\":[{\"@type\":\"ReadAction\",\"target\":[\"https:\\\/\\\/incadebolivia.com\\\/?p=230\"]}]},{\"@type\":\"ImageObject\",\"inLanguage\":\"es\",\"@id\":\"https:\\\/\\\/incadebolivia.com\\\/?p=230#primaryimage\",\"url\":\"https:\\\/\\\/incadebolivia.com\\\/wp-content\\\/uploads\\\/2024\\\/02\\\/ley1.jpeg\",\"contentUrl\":\"https:\\\/\\\/incadebolivia.com\\\/wp-content\\\/uploads\\\/2024\\\/02\\\/ley1.jpeg\",\"width\":620,\"height\":413},{\"@type\":\"BreadcrumbList\",\"@id\":\"https:\\\/\\\/incadebolivia.com\\\/?p=230#breadcrumb\",\"itemListElement\":[{\"@type\":\"ListItem\",\"position\":1,\"name\":\"Portada\",\"item\":\"https:\\\/\\\/incadebolivia.com\\\/\"},{\"@type\":\"ListItem\",\"position\":2,\"name\":\"Presentaron la propuesta de ley de Alimentaci\u00f3n y Vida Saludable\"}]},{\"@type\":\"WebSite\",\"@id\":\"https:\\\/\\\/incadebolivia.com\\\/#website\",\"url\":\"https:\\\/\\\/incadebolivia.com\\\/\",\"name\":\"INCADE\",\"description\":\"Instituto de Capacitaci\u00f3n para el Desarrollo\",\"publisher\":{\"@id\":\"https:\\\/\\\/incadebolivia.com\\\/#organization\"},\"potentialAction\":[{\"@type\":\"SearchAction\",\"target\":{\"@type\":\"EntryPoint\",\"urlTemplate\":\"https:\\\/\\\/incadebolivia.com\\\/?s={search_term_string}\"},\"query-input\":{\"@type\":\"PropertyValueSpecification\",\"valueRequired\":true,\"valueName\":\"search_term_string\"}}],\"inLanguage\":\"es\"},{\"@type\":\"Organization\",\"@id\":\"https:\\\/\\\/incadebolivia.com\\\/#organization\",\"name\":\"Instituto de Capacitaci\u00f3n para el Desarrollo\",\"url\":\"https:\\\/\\\/incadebolivia.com\\\/\",\"logo\":{\"@type\":\"ImageObject\",\"inLanguage\":\"es\",\"@id\":\"https:\\\/\\\/incadebolivia.com\\\/#\\\/schema\\\/logo\\\/image\\\/\",\"url\":\"https:\\\/\\\/incadebolivia.com\\\/wp-content\\\/uploads\\\/2025\\\/07\\\/ligo-inade.png\",\"contentUrl\":\"https:\\\/\\\/incadebolivia.com\\\/wp-content\\\/uploads\\\/2025\\\/07\\\/ligo-inade.png\",\"width\":430,\"height\":128,\"caption\":\"Instituto de Capacitaci\u00f3n para el Desarrollo\"},\"image\":{\"@id\":\"https:\\\/\\\/incadebolivia.com\\\/#\\\/schema\\\/logo\\\/image\\\/\"},\"sameAs\":[\"https:\\\/\\\/www.facebook.com\\\/IncadeMontero\"]},{\"@type\":\"Person\",\"@id\":\"https:\\\/\\\/incadebolivia.com\\\/#\\\/schema\\\/person\\\/7c960bd9d6253dfb1820037a95b6ec50\",\"name\":\"INCADE\",\"image\":{\"@type\":\"ImageObject\",\"inLanguage\":\"es\",\"@id\":\"https:\\\/\\\/secure.gravatar.com\\\/avatar\\\/bf27e9186df568254093afa216f887fece17605302c6ff12f3980422fffa52e6?s=96&d=mm&r=g\",\"url\":\"https:\\\/\\\/secure.gravatar.com\\\/avatar\\\/bf27e9186df568254093afa216f887fece17605302c6ff12f3980422fffa52e6?s=96&d=mm&r=g\",\"contentUrl\":\"https:\\\/\\\/secure.gravatar.com\\\/avatar\\\/bf27e9186df568254093afa216f887fece17605302c6ff12f3980422fffa52e6?s=96&d=mm&r=g\",\"caption\":\"INCADE\"},\"sameAs\":[\"https:\\\/\\\/incadebolivia.com\"],\"url\":\"https:\\\/\\\/incadebolivia.com\\\/?author=1\"}]}<\/script>\n<!-- \/ Yoast SEO plugin. -->","yoast_head_json":{"title":"Presentaron la propuesta de ley de Alimentaci\u00f3n y Vida Saludable - INCADE","robots":{"index":"index","follow":"follow","max-snippet":"max-snippet:-1","max-image-preview":"max-image-preview:large","max-video-preview":"max-video-preview:-1"},"canonical":"https:\/\/incadebolivia.com\/?p=230","og_locale":"es_ES","og_type":"article","og_title":"Presentaron la propuesta de ley de Alimentaci\u00f3n y Vida Saludable - INCADE","og_description":"Como estaba previsto, el concejo municipal recibi\u00f3 en audiencia a los directores del distrito 5 que elaboraron la propuesta de ley de ALIMENTACION Y VIDA SALUDABLE, que despu\u00e9s de haberla socializado y haber recibido el respaldo de varias instituciones y organizaciones como el control social, Consejo Social Municipal de Salud y Comit\u00e9 C\u00edvico la presentaron [&hellip;]","og_url":"https:\/\/incadebolivia.com\/?p=230","og_site_name":"INCADE","article_publisher":"https:\/\/www.facebook.com\/IncadeMontero","article_published_time":"2018-09-21T12:27:00+00:00","article_modified_time":"2024-02-13T12:31:18+00:00","og_image":[{"width":620,"height":413,"url":"https:\/\/incadebolivia.com\/wp-content\/uploads\/2024\/02\/ley1.jpeg","type":"image\/jpeg"}],"author":"INCADE","twitter_card":"summary_large_image","twitter_misc":{"Escrito por":"INCADE","Tiempo de lectura":"1 minuto"},"schema":{"@context":"https:\/\/schema.org","@graph":[{"@type":"Article","@id":"https:\/\/incadebolivia.com\/?p=230#article","isPartOf":{"@id":"https:\/\/incadebolivia.com\/?p=230"},"author":{"name":"INCADE","@id":"https:\/\/incadebolivia.com\/#\/schema\/person\/7c960bd9d6253dfb1820037a95b6ec50"},"headline":"Presentaron la propuesta de ley de Alimentaci\u00f3n y Vida Saludable","datePublished":"2018-09-21T12:27:00+00:00","dateModified":"2024-02-13T12:31:18+00:00","mainEntityOfPage":{"@id":"https:\/\/incadebolivia.com\/?p=230"},"wordCount":247,"commentCount":0,"publisher":{"@id":"https:\/\/incadebolivia.com\/#organization"},"image":{"@id":"https:\/\/incadebolivia.com\/?p=230#primaryimage"},"thumbnailUrl":"https:\/\/incadebolivia.com\/wp-content\/uploads\/2024\/02\/ley1.jpeg","articleSection":["Noticias"],"inLanguage":"es","potentialAction":[{"@type":"CommentAction","name":"Comment","target":["https:\/\/incadebolivia.com\/?p=230#respond"]}]},{"@type":"WebPage","@id":"https:\/\/incadebolivia.com\/?p=230","url":"https:\/\/incadebolivia.com\/?p=230","name":"Presentaron la propuesta de ley de Alimentaci\u00f3n y Vida Saludable - INCADE","isPartOf":{"@id":"https:\/\/incadebolivia.com\/#website"},"primaryImageOfPage":{"@id":"https:\/\/incadebolivia.com\/?p=230#primaryimage"},"image":{"@id":"https:\/\/incadebolivia.com\/?p=230#primaryimage"},"thumbnailUrl":"https:\/\/incadebolivia.com\/wp-content\/uploads\/2024\/02\/ley1.jpeg","datePublished":"2018-09-21T12:27:00+00:00","dateModified":"2024-02-13T12:31:18+00:00","breadcrumb":{"@id":"https:\/\/incadebolivia.com\/?p=230#breadcrumb"},"inLanguage":"es","potentialAction":[{"@type":"ReadAction","target":["https:\/\/incadebolivia.com\/?p=230"]}]},{"@type":"ImageObject","inLanguage":"es","@id":"https:\/\/incadebolivia.com\/?p=230#primaryimage","url":"https:\/\/incadebolivia.com\/wp-content\/uploads\/2024\/02\/ley1.jpeg","contentUrl":"https:\/\/incadebolivia.com\/wp-content\/uploads\/2024\/02\/ley1.jpeg","width":620,"height":413},{"@type":"BreadcrumbList","@id":"https:\/\/incadebolivia.com\/?p=230#breadcrumb","itemListElement":[{"@type":"ListItem","position":1,"name":"Portada","item":"https:\/\/incadebolivia.com\/"},{"@type":"ListItem","position":2,"name":"Presentaron la propuesta de ley de Alimentaci\u00f3n y Vida Saludable"}]},{"@type":"WebSite","@id":"https:\/\/incadebolivia.com\/#website","url":"https:\/\/incadebolivia.com\/","name":"INCADE","description":"Instituto de Capacitaci\u00f3n para el Desarrollo","publisher":{"@id":"https:\/\/incadebolivia.com\/#organization"},"potentialAction":[{"@type":"SearchAction","target":{"@type":"EntryPoint","urlTemplate":"https:\/\/incadebolivia.com\/?s={search_term_string}"},"query-input":{"@type":"PropertyValueSpecification","valueRequired":true,"valueName":"search_term_string"}}],"inLanguage":"es"},{"@type":"Organization","@id":"https:\/\/incadebolivia.com\/#organization","name":"Instituto de Capacitaci\u00f3n para el Desarrollo","url":"https:\/\/incadebolivia.com\/","logo":{"@type":"ImageObject","inLanguage":"es","@id":"https:\/\/incadebolivia.com\/#\/schema\/logo\/image\/","url":"https:\/\/incadebolivia.com\/wp-content\/uploads\/2025\/07\/ligo-inade.png","contentUrl":"https:\/\/incadebolivia.com\/wp-content\/uploads\/2025\/07\/ligo-inade.png","width":430,"height":128,"caption":"Instituto de Capacitaci\u00f3n para el Desarrollo"},"image":{"@id":"https:\/\/incadebolivia.com\/#\/schema\/logo\/image\/"},"sameAs":["https:\/\/www.facebook.com\/IncadeMontero"]},{"@type":"Person","@id":"https:\/\/incadebolivia.com\/#\/schema\/person\/7c960bd9d6253dfb1820037a95b6ec50","name":"INCADE","image":{"@type":"ImageObject","inLanguage":"es","@id":"https:\/\/secure.gravatar.com\/avatar\/bf27e9186df568254093afa216f887fece17605302c6ff12f3980422fffa52e6?s=96&d=mm&r=g","url":"https:\/\/secure.gravatar.com\/avatar\/bf27e9186df568254093afa216f887fece17605302c6ff12f3980422fffa52e6?s=96&d=mm&r=g","contentUrl":"https:\/\/secure.gravatar.com\/avatar\/bf27e9186df568254093afa216f887fece17605302c6ff12f3980422fffa52e6?s=96&d=mm&r=g","caption":"INCADE"},"sameAs":["https:\/\/incadebolivia.com"],"url":"https:\/\/incadebolivia.com\/?author=1"}]}},"_links":{"self":[{"href":"https:\/\/incadebolivia.com\/index.php?rest_route=\/wp\/v2\/posts\/230","targetHints":{"allow":["GET"]}}],"collection":[{"href":"https:\/\/incadebolivia.com\/index.php?rest_route=\/wp\/v2\/posts"}],"about":[{"href":"https:\/\/incadebolivia.com\/index.php?rest_route=\/wp\/v2\/types\/post"}],"author":[{"embeddable":true,"href":"https:\/\/incadebolivia.com\/index.php?rest_route=\/wp\/v2\/users\/1"}],"replies":[{"embeddable":true,"href":"https:\/\/incadebolivia.com\/index.php?rest_route=%2Fwp%2Fv2%2Fcomments&post=230"}],"version-history":[{"count":1,"href":"https:\/\/incadebolivia.com\/index.php?rest_route=\/wp\/v2\/posts\/230\/revisions"}],"predecessor-version":[{"id":234,"href":"https:\/\/incadebolivia.com\/index.php?rest_route=\/wp\/v2\/posts\/230\/revisions\/234"}],"wp:featuredmedia":[{"embeddable":true,"href":"https:\/\/incadebolivia.com\/index.php?rest_route=\/wp\/v2\/media\/231"}],"wp:attachment":[{"href":"https:\/\/incadebolivia.com\/index.php?rest_route=%2Fwp%2Fv2%2Fmedia&parent=230"}],"wp:term":[{"taxonomy":"category","embeddable":true,"href":"https:\/\/incadebolivia.com\/index.php?rest_route=%2Fwp%2Fv2%2Fcategories&post=230"},{"taxonomy":"post_tag","embeddable":true,"href":"https:\/\/incadebolivia.com\/index.php?rest_route=%2Fwp%2Fv2%2Ftags&post=230"}],"curies":[{"name":"wp","href":"https:\/\/api.w.org\/{rel}","templated":true}]}}