{"id":248,"date":"2019-03-28T08:45:00","date_gmt":"2019-03-28T12:45:00","guid":{"rendered":"https:\/\/incadebolivia.com\/?p=248"},"modified":"2024-02-13T08:50:32","modified_gmt":"2024-02-13T12:50:32","slug":"presentaron-la-investigacion-uso-y-manejo-de-agroquimicos-en-la-produccion-agricola","status":"publish","type":"post","link":"https:\/\/incadebolivia.com\/?p=248","title":{"rendered":"Presentaron la investigaci\u00f3n \u201cUso y manejo de agroqu\u00edmicos en la producci\u00f3n agr\u00edcola\u201d"},"content":{"rendered":"<div class=\"itemIntroText\">\n<p>El Museo de Historia de la Universidad Aut\u00f3noma Gabriel Ren\u00e9 Moreno (UAGRM) fue escenario de la presentaci\u00f3n del libro de investigaci\u00f3n \u201cUso y manejo de agroqu\u00edmicos en la producci\u00f3n agr\u00edcola\u201d estudio de casos: Yateirenda, Hardeman, nuevo Palmar y Los Negros, comunidades ubicadas en cuatro regiones diferentes del departamento de Santa Cruz.<\/p>\n<\/div>\n<p><!--more--><\/p>\n<div class=\"itemFullText\">\n<p>La investigaci\u00f3n liderada por el Grupo de Trabajo Cambio Clim\u00e1tico y Justicia (GTCCJ) regional Santa Cruz, El Instituto de Investigaci\u00f3n de la Facultad de Humanidades (INIFH), adem\u00e1s de diversas instituciones no gubernamentales y personalidades independientes, recogi\u00f3 y sistematiz\u00f3 informaci\u00f3n sobre los modos de producci\u00f3n de cada comunidad y sobre el uso y manejo de agroqu\u00edmicos entre los productores en diversas las diversas comunidades donde se desarroll\u00f3 la investigaci\u00f3n.<\/p>\n<p>El estudio identifica un total de 243 nombres de agroqu\u00edmicos utilizados en las diversas actividades agr\u00edcolas; 164 en Los Negros municipio de Pampagrande, 104 en Hardeman en el municipio de San Pedro, 34 en la comunidad de Nuevo Palmar del municipio de Cuatro Ca\u00f1adas y 31 en la comunidad de Yateirenda del municipio de Cabezas.<\/p>\n<p>La investigaci\u00f3n devela que el agroqu\u00edmico m\u00e1s mencionado en las cuatro comunidades es el Glifosato, utilizado por un 33% de los encuestados; seg\u00fan un estudio de Greenpeace indica que la exposici\u00f3n de los seres humanos al glifosato ha sido vinculada a varios efectos cr\u00f3nicos: reproductivos defectos de nacimiento, c\u00e1ncer, neurol\u00f3gicos incluso implicado en causar el mal de Parkinson, y efectos agudos por el uso directo del producto por los agricultores\u00a0 o por la exposici\u00f3n de los habitantes (Greenpeace Argentina, 2011).<\/p>\n<p>Otros datos que sostiene el libro es que el 8,3% calificado como agroqu\u00edmico muy peligroso (etiqueta roja), contiene ingredientes que han sido regulados en 2015, mediante las Resoluciones Administrativas 24 y 25 del SENASAG, que proh\u00edben el registro, importaci\u00f3n, comercializaci\u00f3n, distribuci\u00f3n y uso de plaguicidas; sin embargo, estos siguen siendo comercializados y utilizados sin ning\u00fan control.<\/p>\n<p><img loading=\"lazy\" decoding=\"async\" class=\"size-full wp-image-250 aligncenter\" src=\"https:\/\/incadebolivia.com\/wp-content\/uploads\/2024\/02\/libro_2.jpg\" alt=\"\" width=\"620\" height=\"413\" srcset=\"https:\/\/incadebolivia.com\/wp-content\/uploads\/2024\/02\/libro_2.jpg 620w, https:\/\/incadebolivia.com\/wp-content\/uploads\/2024\/02\/libro_2-300x200.jpg 300w\" sizes=\"auto, (max-width: 620px) 100vw, 620px\" \/><\/p>\n<p>Los asistentes al evento de presentaci\u00f3n de la investigaci\u00f3n destacaron la importancia de la alianza entre la sociedad civil y la universidad que adem\u00e1s de identificar las graves consecuencias que trae consigo el uso y manejo de los agroqu\u00edmicos le da solvencia y calidad cient\u00edfica a la investigaci\u00f3n.<\/p>\n<p>La segunda etapa de la investigaci\u00f3n ser\u00e1 comprobar los efectos en la salud de los agricultores, sus familias y los consumidores, adem\u00e1s del da\u00f1o al medio ambiente que causa la utilizaci\u00f3n de los agroqu\u00edmicos en la producci\u00f3n de alimentos.<\/p>\n<p><img loading=\"lazy\" decoding=\"async\" class=\"size-full wp-image-251 aligncenter\" src=\"https:\/\/incadebolivia.com\/wp-content\/uploads\/2024\/02\/libro_3.jpg\" alt=\"\" width=\"450\" height=\"578\" srcset=\"https:\/\/incadebolivia.com\/wp-content\/uploads\/2024\/02\/libro_3.jpg 450w, https:\/\/incadebolivia.com\/wp-content\/uploads\/2024\/02\/libro_3-234x300.jpg 234w\" sizes=\"auto, (max-width: 450px) 100vw, 450px\" \/><\/p>\n<\/div>\n<div style=\"margin-top: 0px; margin-bottom: 0px;\" class=\"sharethis-inline-reaction-buttons\" ><\/div>","protected":false},"excerpt":{"rendered":"<p>El Museo de Historia de la Universidad Aut\u00f3noma Gabriel Ren\u00e9 Moreno (UAGRM) fue escenario de la presentaci\u00f3n del libro de investigaci\u00f3n \u201cUso y manejo de agroqu\u00edmicos en la producci\u00f3n agr\u00edcola\u201d estudio de casos: Yateirenda, Hardeman, nuevo Palmar y Los Negros, comunidades ubicadas en cuatro regiones diferentes del departamento de Santa Cruz.<\/p>\n","protected":false},"author":1,"featured_media":249,"comment_status":"open","ping_status":"open","sticky":false,"template":"","format":"standard","meta":{"footnotes":""},"categories":[25],"tags":[],"class_list":["post-248","post","type-post","status-publish","format-standard","has-post-thumbnail","hentry","category-noticias"],"yoast_head":"<!-- This site is optimized with the Yoast SEO plugin v27.4 - https:\/\/yoast.com\/product\/yoast-seo-wordpress\/ -->\n<title>Presentaron la investigaci\u00f3n \u201cUso y manejo de agroqu\u00edmicos en la producci\u00f3n agr\u00edcola\u201d - INCADE<\/title>\n<meta name=\"robots\" content=\"index, follow, max-snippet:-1, max-image-preview:large, max-video-preview:-1\" \/>\n<link rel=\"canonical\" href=\"https:\/\/incadebolivia.com\/?p=248\" \/>\n<meta property=\"og:locale\" content=\"es_ES\" \/>\n<meta property=\"og:type\" content=\"article\" \/>\n<meta property=\"og:title\" content=\"Presentaron la investigaci\u00f3n \u201cUso y manejo de agroqu\u00edmicos en la producci\u00f3n agr\u00edcola\u201d - INCADE\" \/>\n<meta property=\"og:description\" content=\"El Museo de Historia de la Universidad Aut\u00f3noma Gabriel Ren\u00e9 Moreno (UAGRM) fue escenario de la presentaci\u00f3n del libro de investigaci\u00f3n \u201cUso y manejo de agroqu\u00edmicos en la producci\u00f3n agr\u00edcola\u201d estudio de casos: Yateirenda, Hardeman, nuevo Palmar y Los Negros, comunidades ubicadas en cuatro regiones diferentes del departamento de Santa Cruz.\" \/>\n<meta property=\"og:url\" content=\"https:\/\/incadebolivia.com\/?p=248\" \/>\n<meta property=\"og:site_name\" content=\"INCADE\" \/>\n<meta property=\"article:publisher\" content=\"https:\/\/www.facebook.com\/IncadeMontero\" \/>\n<meta property=\"article:published_time\" content=\"2019-03-28T12:45:00+00:00\" \/>\n<meta property=\"article:modified_time\" content=\"2024-02-13T12:50:32+00:00\" \/>\n<meta property=\"og:image\" content=\"https:\/\/incadebolivia.com\/wp-content\/uploads\/2024\/02\/libro_1.jpg\" \/>\n\t<meta property=\"og:image:width\" content=\"620\" \/>\n\t<meta property=\"og:image:height\" content=\"413\" \/>\n\t<meta property=\"og:image:type\" content=\"image\/jpeg\" \/>\n<meta name=\"author\" content=\"INCADE\" \/>\n<meta name=\"twitter:card\" content=\"summary_large_image\" \/>\n<meta name=\"twitter:label1\" content=\"Escrito por\" \/>\n\t<meta name=\"twitter:data1\" content=\"INCADE\" \/>\n\t<meta name=\"twitter:label2\" content=\"Tiempo de lectura\" \/>\n\t<meta name=\"twitter:data2\" content=\"2 minutos\" \/>\n<script type=\"application\/ld+json\" class=\"yoast-schema-graph\">{\"@context\":\"https:\\\/\\\/schema.org\",\"@graph\":[{\"@type\":\"Article\",\"@id\":\"https:\\\/\\\/incadebolivia.com\\\/?p=248#article\",\"isPartOf\":{\"@id\":\"https:\\\/\\\/incadebolivia.com\\\/?p=248\"},\"author\":{\"name\":\"INCADE\",\"@id\":\"https:\\\/\\\/incadebolivia.com\\\/#\\\/schema\\\/person\\\/7c960bd9d6253dfb1820037a95b6ec50\"},\"headline\":\"Presentaron la investigaci\u00f3n \u201cUso y manejo de agroqu\u00edmicos en la producci\u00f3n agr\u00edcola\u201d\",\"datePublished\":\"2019-03-28T12:45:00+00:00\",\"dateModified\":\"2024-02-13T12:50:32+00:00\",\"mainEntityOfPage\":{\"@id\":\"https:\\\/\\\/incadebolivia.com\\\/?p=248\"},\"wordCount\":446,\"commentCount\":0,\"publisher\":{\"@id\":\"https:\\\/\\\/incadebolivia.com\\\/#organization\"},\"image\":{\"@id\":\"https:\\\/\\\/incadebolivia.com\\\/?p=248#primaryimage\"},\"thumbnailUrl\":\"https:\\\/\\\/incadebolivia.com\\\/wp-content\\\/uploads\\\/2024\\\/02\\\/libro_1.jpg\",\"articleSection\":[\"Noticias\"],\"inLanguage\":\"es\",\"potentialAction\":[{\"@type\":\"CommentAction\",\"name\":\"Comment\",\"target\":[\"https:\\\/\\\/incadebolivia.com\\\/?p=248#respond\"]}]},{\"@type\":\"WebPage\",\"@id\":\"https:\\\/\\\/incadebolivia.com\\\/?p=248\",\"url\":\"https:\\\/\\\/incadebolivia.com\\\/?p=248\",\"name\":\"Presentaron la investigaci\u00f3n \u201cUso y manejo de agroqu\u00edmicos en la producci\u00f3n agr\u00edcola\u201d - INCADE\",\"isPartOf\":{\"@id\":\"https:\\\/\\\/incadebolivia.com\\\/#website\"},\"primaryImageOfPage\":{\"@id\":\"https:\\\/\\\/incadebolivia.com\\\/?p=248#primaryimage\"},\"image\":{\"@id\":\"https:\\\/\\\/incadebolivia.com\\\/?p=248#primaryimage\"},\"thumbnailUrl\":\"https:\\\/\\\/incadebolivia.com\\\/wp-content\\\/uploads\\\/2024\\\/02\\\/libro_1.jpg\",\"datePublished\":\"2019-03-28T12:45:00+00:00\",\"dateModified\":\"2024-02-13T12:50:32+00:00\",\"breadcrumb\":{\"@id\":\"https:\\\/\\\/incadebolivia.com\\\/?p=248#breadcrumb\"},\"inLanguage\":\"es\",\"potentialAction\":[{\"@type\":\"ReadAction\",\"target\":[\"https:\\\/\\\/incadebolivia.com\\\/?p=248\"]}]},{\"@type\":\"ImageObject\",\"inLanguage\":\"es\",\"@id\":\"https:\\\/\\\/incadebolivia.com\\\/?p=248#primaryimage\",\"url\":\"https:\\\/\\\/incadebolivia.com\\\/wp-content\\\/uploads\\\/2024\\\/02\\\/libro_1.jpg\",\"contentUrl\":\"https:\\\/\\\/incadebolivia.com\\\/wp-content\\\/uploads\\\/2024\\\/02\\\/libro_1.jpg\",\"width\":620,\"height\":413},{\"@type\":\"BreadcrumbList\",\"@id\":\"https:\\\/\\\/incadebolivia.com\\\/?p=248#breadcrumb\",\"itemListElement\":[{\"@type\":\"ListItem\",\"position\":1,\"name\":\"Portada\",\"item\":\"https:\\\/\\\/incadebolivia.com\\\/\"},{\"@type\":\"ListItem\",\"position\":2,\"name\":\"Presentaron la investigaci\u00f3n \u201cUso y manejo de agroqu\u00edmicos en la producci\u00f3n agr\u00edcola\u201d\"}]},{\"@type\":\"WebSite\",\"@id\":\"https:\\\/\\\/incadebolivia.com\\\/#website\",\"url\":\"https:\\\/\\\/incadebolivia.com\\\/\",\"name\":\"INCADE\",\"description\":\"Instituto de Capacitaci\u00f3n para el Desarrollo\",\"publisher\":{\"@id\":\"https:\\\/\\\/incadebolivia.com\\\/#organization\"},\"potentialAction\":[{\"@type\":\"SearchAction\",\"target\":{\"@type\":\"EntryPoint\",\"urlTemplate\":\"https:\\\/\\\/incadebolivia.com\\\/?s={search_term_string}\"},\"query-input\":{\"@type\":\"PropertyValueSpecification\",\"valueRequired\":true,\"valueName\":\"search_term_string\"}}],\"inLanguage\":\"es\"},{\"@type\":\"Organization\",\"@id\":\"https:\\\/\\\/incadebolivia.com\\\/#organization\",\"name\":\"Instituto de Capacitaci\u00f3n para el Desarrollo\",\"url\":\"https:\\\/\\\/incadebolivia.com\\\/\",\"logo\":{\"@type\":\"ImageObject\",\"inLanguage\":\"es\",\"@id\":\"https:\\\/\\\/incadebolivia.com\\\/#\\\/schema\\\/logo\\\/image\\\/\",\"url\":\"https:\\\/\\\/incadebolivia.com\\\/wp-content\\\/uploads\\\/2025\\\/07\\\/ligo-inade.png\",\"contentUrl\":\"https:\\\/\\\/incadebolivia.com\\\/wp-content\\\/uploads\\\/2025\\\/07\\\/ligo-inade.png\",\"width\":430,\"height\":128,\"caption\":\"Instituto de Capacitaci\u00f3n para el Desarrollo\"},\"image\":{\"@id\":\"https:\\\/\\\/incadebolivia.com\\\/#\\\/schema\\\/logo\\\/image\\\/\"},\"sameAs\":[\"https:\\\/\\\/www.facebook.com\\\/IncadeMontero\"]},{\"@type\":\"Person\",\"@id\":\"https:\\\/\\\/incadebolivia.com\\\/#\\\/schema\\\/person\\\/7c960bd9d6253dfb1820037a95b6ec50\",\"name\":\"INCADE\",\"image\":{\"@type\":\"ImageObject\",\"inLanguage\":\"es\",\"@id\":\"https:\\\/\\\/secure.gravatar.com\\\/avatar\\\/bf27e9186df568254093afa216f887fece17605302c6ff12f3980422fffa52e6?s=96&d=mm&r=g\",\"url\":\"https:\\\/\\\/secure.gravatar.com\\\/avatar\\\/bf27e9186df568254093afa216f887fece17605302c6ff12f3980422fffa52e6?s=96&d=mm&r=g\",\"contentUrl\":\"https:\\\/\\\/secure.gravatar.com\\\/avatar\\\/bf27e9186df568254093afa216f887fece17605302c6ff12f3980422fffa52e6?s=96&d=mm&r=g\",\"caption\":\"INCADE\"},\"sameAs\":[\"https:\\\/\\\/incadebolivia.com\"],\"url\":\"https:\\\/\\\/incadebolivia.com\\\/?author=1\"}]}<\/script>\n<!-- \/ Yoast SEO plugin. -->","yoast_head_json":{"title":"Presentaron la investigaci\u00f3n \u201cUso y manejo de agroqu\u00edmicos en la producci\u00f3n agr\u00edcola\u201d - INCADE","robots":{"index":"index","follow":"follow","max-snippet":"max-snippet:-1","max-image-preview":"max-image-preview:large","max-video-preview":"max-video-preview:-1"},"canonical":"https:\/\/incadebolivia.com\/?p=248","og_locale":"es_ES","og_type":"article","og_title":"Presentaron la investigaci\u00f3n \u201cUso y manejo de agroqu\u00edmicos en la producci\u00f3n agr\u00edcola\u201d - INCADE","og_description":"El Museo de Historia de la Universidad Aut\u00f3noma Gabriel Ren\u00e9 Moreno (UAGRM) fue escenario de la presentaci\u00f3n del libro de investigaci\u00f3n \u201cUso y manejo de agroqu\u00edmicos en la producci\u00f3n agr\u00edcola\u201d estudio de casos: Yateirenda, Hardeman, nuevo Palmar y Los Negros, comunidades ubicadas en cuatro regiones diferentes del departamento de Santa Cruz.","og_url":"https:\/\/incadebolivia.com\/?p=248","og_site_name":"INCADE","article_publisher":"https:\/\/www.facebook.com\/IncadeMontero","article_published_time":"2019-03-28T12:45:00+00:00","article_modified_time":"2024-02-13T12:50:32+00:00","og_image":[{"width":620,"height":413,"url":"https:\/\/incadebolivia.com\/wp-content\/uploads\/2024\/02\/libro_1.jpg","type":"image\/jpeg"}],"author":"INCADE","twitter_card":"summary_large_image","twitter_misc":{"Escrito por":"INCADE","Tiempo de lectura":"2 minutos"},"schema":{"@context":"https:\/\/schema.org","@graph":[{"@type":"Article","@id":"https:\/\/incadebolivia.com\/?p=248#article","isPartOf":{"@id":"https:\/\/incadebolivia.com\/?p=248"},"author":{"name":"INCADE","@id":"https:\/\/incadebolivia.com\/#\/schema\/person\/7c960bd9d6253dfb1820037a95b6ec50"},"headline":"Presentaron la investigaci\u00f3n \u201cUso y manejo de agroqu\u00edmicos en la producci\u00f3n agr\u00edcola\u201d","datePublished":"2019-03-28T12:45:00+00:00","dateModified":"2024-02-13T12:50:32+00:00","mainEntityOfPage":{"@id":"https:\/\/incadebolivia.com\/?p=248"},"wordCount":446,"commentCount":0,"publisher":{"@id":"https:\/\/incadebolivia.com\/#organization"},"image":{"@id":"https:\/\/incadebolivia.com\/?p=248#primaryimage"},"thumbnailUrl":"https:\/\/incadebolivia.com\/wp-content\/uploads\/2024\/02\/libro_1.jpg","articleSection":["Noticias"],"inLanguage":"es","potentialAction":[{"@type":"CommentAction","name":"Comment","target":["https:\/\/incadebolivia.com\/?p=248#respond"]}]},{"@type":"WebPage","@id":"https:\/\/incadebolivia.com\/?p=248","url":"https:\/\/incadebolivia.com\/?p=248","name":"Presentaron la investigaci\u00f3n \u201cUso y manejo de agroqu\u00edmicos en la producci\u00f3n agr\u00edcola\u201d - INCADE","isPartOf":{"@id":"https:\/\/incadebolivia.com\/#website"},"primaryImageOfPage":{"@id":"https:\/\/incadebolivia.com\/?p=248#primaryimage"},"image":{"@id":"https:\/\/incadebolivia.com\/?p=248#primaryimage"},"thumbnailUrl":"https:\/\/incadebolivia.com\/wp-content\/uploads\/2024\/02\/libro_1.jpg","datePublished":"2019-03-28T12:45:00+00:00","dateModified":"2024-02-13T12:50:32+00:00","breadcrumb":{"@id":"https:\/\/incadebolivia.com\/?p=248#breadcrumb"},"inLanguage":"es","potentialAction":[{"@type":"ReadAction","target":["https:\/\/incadebolivia.com\/?p=248"]}]},{"@type":"ImageObject","inLanguage":"es","@id":"https:\/\/incadebolivia.com\/?p=248#primaryimage","url":"https:\/\/incadebolivia.com\/wp-content\/uploads\/2024\/02\/libro_1.jpg","contentUrl":"https:\/\/incadebolivia.com\/wp-content\/uploads\/2024\/02\/libro_1.jpg","width":620,"height":413},{"@type":"BreadcrumbList","@id":"https:\/\/incadebolivia.com\/?p=248#breadcrumb","itemListElement":[{"@type":"ListItem","position":1,"name":"Portada","item":"https:\/\/incadebolivia.com\/"},{"@type":"ListItem","position":2,"name":"Presentaron la investigaci\u00f3n \u201cUso y manejo de agroqu\u00edmicos en la producci\u00f3n agr\u00edcola\u201d"}]},{"@type":"WebSite","@id":"https:\/\/incadebolivia.com\/#website","url":"https:\/\/incadebolivia.com\/","name":"INCADE","description":"Instituto de Capacitaci\u00f3n para el Desarrollo","publisher":{"@id":"https:\/\/incadebolivia.com\/#organization"},"potentialAction":[{"@type":"SearchAction","target":{"@type":"EntryPoint","urlTemplate":"https:\/\/incadebolivia.com\/?s={search_term_string}"},"query-input":{"@type":"PropertyValueSpecification","valueRequired":true,"valueName":"search_term_string"}}],"inLanguage":"es"},{"@type":"Organization","@id":"https:\/\/incadebolivia.com\/#organization","name":"Instituto de Capacitaci\u00f3n para el Desarrollo","url":"https:\/\/incadebolivia.com\/","logo":{"@type":"ImageObject","inLanguage":"es","@id":"https:\/\/incadebolivia.com\/#\/schema\/logo\/image\/","url":"https:\/\/incadebolivia.com\/wp-content\/uploads\/2025\/07\/ligo-inade.png","contentUrl":"https:\/\/incadebolivia.com\/wp-content\/uploads\/2025\/07\/ligo-inade.png","width":430,"height":128,"caption":"Instituto de Capacitaci\u00f3n para el Desarrollo"},"image":{"@id":"https:\/\/incadebolivia.com\/#\/schema\/logo\/image\/"},"sameAs":["https:\/\/www.facebook.com\/IncadeMontero"]},{"@type":"Person","@id":"https:\/\/incadebolivia.com\/#\/schema\/person\/7c960bd9d6253dfb1820037a95b6ec50","name":"INCADE","image":{"@type":"ImageObject","inLanguage":"es","@id":"https:\/\/secure.gravatar.com\/avatar\/bf27e9186df568254093afa216f887fece17605302c6ff12f3980422fffa52e6?s=96&d=mm&r=g","url":"https:\/\/secure.gravatar.com\/avatar\/bf27e9186df568254093afa216f887fece17605302c6ff12f3980422fffa52e6?s=96&d=mm&r=g","contentUrl":"https:\/\/secure.gravatar.com\/avatar\/bf27e9186df568254093afa216f887fece17605302c6ff12f3980422fffa52e6?s=96&d=mm&r=g","caption":"INCADE"},"sameAs":["https:\/\/incadebolivia.com"],"url":"https:\/\/incadebolivia.com\/?author=1"}]}},"_links":{"self":[{"href":"https:\/\/incadebolivia.com\/index.php?rest_route=\/wp\/v2\/posts\/248","targetHints":{"allow":["GET"]}}],"collection":[{"href":"https:\/\/incadebolivia.com\/index.php?rest_route=\/wp\/v2\/posts"}],"about":[{"href":"https:\/\/incadebolivia.com\/index.php?rest_route=\/wp\/v2\/types\/post"}],"author":[{"embeddable":true,"href":"https:\/\/incadebolivia.com\/index.php?rest_route=\/wp\/v2\/users\/1"}],"replies":[{"embeddable":true,"href":"https:\/\/incadebolivia.com\/index.php?rest_route=%2Fwp%2Fv2%2Fcomments&post=248"}],"version-history":[{"count":1,"href":"https:\/\/incadebolivia.com\/index.php?rest_route=\/wp\/v2\/posts\/248\/revisions"}],"predecessor-version":[{"id":252,"href":"https:\/\/incadebolivia.com\/index.php?rest_route=\/wp\/v2\/posts\/248\/revisions\/252"}],"wp:featuredmedia":[{"embeddable":true,"href":"https:\/\/incadebolivia.com\/index.php?rest_route=\/wp\/v2\/media\/249"}],"wp:attachment":[{"href":"https:\/\/incadebolivia.com\/index.php?rest_route=%2Fwp%2Fv2%2Fmedia&parent=248"}],"wp:term":[{"taxonomy":"category","embeddable":true,"href":"https:\/\/incadebolivia.com\/index.php?rest_route=%2Fwp%2Fv2%2Fcategories&post=248"},{"taxonomy":"post_tag","embeddable":true,"href":"https:\/\/incadebolivia.com\/index.php?rest_route=%2Fwp%2Fv2%2Ftags&post=248"}],"curies":[{"name":"wp","href":"https:\/\/api.w.org\/{rel}","templated":true}]}}