{"id":265,"date":"2019-05-22T09:32:00","date_gmt":"2019-05-22T13:32:00","guid":{"rendered":"https:\/\/incadebolivia.com\/?p=265"},"modified":"2024-02-13T09:41:00","modified_gmt":"2024-02-13T13:41:00","slug":"la-unidad-educativa-nueva-esperanza-realizo-su-feria-de-la-alimentacion-saludable","status":"publish","type":"post","link":"https:\/\/incadebolivia.com\/?p=265","title":{"rendered":"La Unidad Educativa Nueva Esperanza realizo su feria de La Alimentaci\u00f3n Saludable"},"content":{"rendered":"<div class=\"itemIntroText\">\n<p>La alimentaci\u00f3n saludable fue el tema central de la feria del Proyecto Socio Comunitario Productivo PSP de la Unidad Educativa Nueva Esperanza del distrito 5.<\/p>\n<\/div>\n<p><!--more--><\/p>\n<div class=\"itemFullText\">\n<p>Estudiantes, profesores y padres de familia trabajaron para presentar los beneficios que obtenemos al tener una alimentaci\u00f3n adecuada basada en productos naturales como la qu\u00ednoa, soya, avena adem\u00e1s de frutas y verduras.<\/p>\n<p>El director de esta Unidad Educativa Lic. L\u00e1zaro Toconas nos cont\u00f3 que los estudiantes junto a sus padres han preparado todos los productos que se presentan en esta feria, resultado de una investigaci\u00f3n y de experimentar probando y compartiendo con los compa\u00f1eros las exquisiteces que se puede preparar con productos sanos y naturales.<\/p>\n<p>Se encontr\u00f3 asaditos de avena, hamburguesas de soya, tartaletas de qu\u00ednoa, te de la cascara de naranja, pollo a la pi\u00f1a, derivados del pl\u00e1tano y una variedad de jugos y queques que se oferto para que los asistentes puedan probar.<\/p>\n<p>Destacar la participaci\u00f3n de los padres de familia que han acompa\u00f1ado a sus hijos en la preparaci\u00f3n, pero tambi\u00e9n en la investigaci\u00f3n de las propiedades nutritivas de los productos que se utilizaron dijo el director de la unidad educativa L\u00e1zaro Toconas.<\/p>\n<p>Los mejores proyectos clasificar\u00e1n y participar\u00e1n en la feria del PSP del distrito 5 que se realizar\u00e1 en octubre pr\u00f3ximo en la plaza principal de Montero.<\/p>\n<\/div>\n\n\n<figure class=\"wp-block-gallery has-nested-images columns-default is-cropped wp-block-gallery-1 is-layout-flex wp-block-gallery-is-layout-flex\">\n<figure class=\"wp-block-image size-large\"><img loading=\"lazy\" decoding=\"async\" width=\"620\" height=\"413\" data-id=\"267\" src=\"https:\/\/incadebolivia.com\/wp-content\/uploads\/2024\/02\/nueva_esperanza_4.jpg\" alt=\"\" class=\"wp-image-267\" srcset=\"https:\/\/incadebolivia.com\/wp-content\/uploads\/2024\/02\/nueva_esperanza_4.jpg 620w, https:\/\/incadebolivia.com\/wp-content\/uploads\/2024\/02\/nueva_esperanza_4-300x200.jpg 300w\" sizes=\"auto, (max-width: 620px) 100vw, 620px\" \/><\/figure>\n\n\n\n<figure class=\"wp-block-image size-large\"><img loading=\"lazy\" decoding=\"async\" width=\"620\" height=\"413\" data-id=\"269\" src=\"https:\/\/incadebolivia.com\/wp-content\/uploads\/2024\/02\/nueva_esperanza_2.jpg\" alt=\"\" class=\"wp-image-269\" srcset=\"https:\/\/incadebolivia.com\/wp-content\/uploads\/2024\/02\/nueva_esperanza_2.jpg 620w, https:\/\/incadebolivia.com\/wp-content\/uploads\/2024\/02\/nueva_esperanza_2-300x200.jpg 300w\" sizes=\"auto, (max-width: 620px) 100vw, 620px\" \/><\/figure>\n\n\n\n<figure class=\"wp-block-image size-large\"><img loading=\"lazy\" decoding=\"async\" width=\"620\" height=\"413\" data-id=\"268\" src=\"https:\/\/incadebolivia.com\/wp-content\/uploads\/2024\/02\/nueva_esperanza_1.jpg\" alt=\"\" class=\"wp-image-268\" srcset=\"https:\/\/incadebolivia.com\/wp-content\/uploads\/2024\/02\/nueva_esperanza_1.jpg 620w, https:\/\/incadebolivia.com\/wp-content\/uploads\/2024\/02\/nueva_esperanza_1-300x200.jpg 300w\" sizes=\"auto, (max-width: 620px) 100vw, 620px\" \/><\/figure>\n<\/figure>\n<div style=\"margin-top: 0px; margin-bottom: 0px;\" class=\"sharethis-inline-reaction-buttons\" ><\/div>","protected":false},"excerpt":{"rendered":"<p>La alimentaci\u00f3n saludable fue el tema central de la feria del Proyecto Socio Comunitario Productivo PSP de la Unidad Educativa Nueva Esperanza del distrito 5.<\/p>\n","protected":false},"author":1,"featured_media":266,"comment_status":"open","ping_status":"open","sticky":false,"template":"","format":"standard","meta":{"footnotes":""},"categories":[25],"tags":[],"class_list":["post-265","post","type-post","status-publish","format-standard","has-post-thumbnail","hentry","category-noticias"],"yoast_head":"<!-- This site is optimized with the Yoast SEO plugin v27.4 - https:\/\/yoast.com\/product\/yoast-seo-wordpress\/ -->\n<title>La Unidad Educativa Nueva Esperanza realizo su feria de La Alimentaci\u00f3n Saludable - INCADE<\/title>\n<meta name=\"robots\" content=\"index, follow, max-snippet:-1, max-image-preview:large, max-video-preview:-1\" \/>\n<link rel=\"canonical\" href=\"https:\/\/incadebolivia.com\/?p=265\" \/>\n<meta property=\"og:locale\" content=\"es_ES\" \/>\n<meta property=\"og:type\" content=\"article\" \/>\n<meta property=\"og:title\" content=\"La Unidad Educativa Nueva Esperanza realizo su feria de La Alimentaci\u00f3n Saludable - INCADE\" \/>\n<meta property=\"og:description\" content=\"La alimentaci\u00f3n saludable fue el tema central de la feria del Proyecto Socio Comunitario Productivo PSP de la Unidad Educativa Nueva Esperanza del distrito 5.\" \/>\n<meta property=\"og:url\" content=\"https:\/\/incadebolivia.com\/?p=265\" \/>\n<meta property=\"og:site_name\" content=\"INCADE\" \/>\n<meta property=\"article:publisher\" content=\"https:\/\/www.facebook.com\/IncadeMontero\" \/>\n<meta property=\"article:published_time\" content=\"2019-05-22T13:32:00+00:00\" \/>\n<meta property=\"article:modified_time\" content=\"2024-02-13T13:41:00+00:00\" \/>\n<meta property=\"og:image\" content=\"https:\/\/incadebolivia.com\/wp-content\/uploads\/2024\/02\/nueva_esperanza_3.jpg\" \/>\n\t<meta property=\"og:image:width\" content=\"620\" \/>\n\t<meta property=\"og:image:height\" content=\"413\" \/>\n\t<meta property=\"og:image:type\" content=\"image\/jpeg\" \/>\n<meta name=\"author\" content=\"INCADE\" \/>\n<meta name=\"twitter:card\" content=\"summary_large_image\" \/>\n<meta name=\"twitter:label1\" content=\"Escrito por\" \/>\n\t<meta name=\"twitter:data1\" content=\"INCADE\" \/>\n\t<meta name=\"twitter:label2\" content=\"Tiempo de lectura\" \/>\n\t<meta name=\"twitter:data2\" content=\"1 minuto\" \/>\n<script type=\"application\/ld+json\" class=\"yoast-schema-graph\">{\"@context\":\"https:\\\/\\\/schema.org\",\"@graph\":[{\"@type\":\"Article\",\"@id\":\"https:\\\/\\\/incadebolivia.com\\\/?p=265#article\",\"isPartOf\":{\"@id\":\"https:\\\/\\\/incadebolivia.com\\\/?p=265\"},\"author\":{\"name\":\"INCADE\",\"@id\":\"https:\\\/\\\/incadebolivia.com\\\/#\\\/schema\\\/person\\\/7c960bd9d6253dfb1820037a95b6ec50\"},\"headline\":\"La Unidad Educativa Nueva Esperanza realizo su feria de La Alimentaci\u00f3n Saludable\",\"datePublished\":\"2019-05-22T13:32:00+00:00\",\"dateModified\":\"2024-02-13T13:41:00+00:00\",\"mainEntityOfPage\":{\"@id\":\"https:\\\/\\\/incadebolivia.com\\\/?p=265\"},\"wordCount\":247,\"commentCount\":0,\"publisher\":{\"@id\":\"https:\\\/\\\/incadebolivia.com\\\/#organization\"},\"image\":{\"@id\":\"https:\\\/\\\/incadebolivia.com\\\/?p=265#primaryimage\"},\"thumbnailUrl\":\"https:\\\/\\\/incadebolivia.com\\\/wp-content\\\/uploads\\\/2024\\\/02\\\/nueva_esperanza_3.jpg\",\"articleSection\":[\"Noticias\"],\"inLanguage\":\"es\",\"potentialAction\":[{\"@type\":\"CommentAction\",\"name\":\"Comment\",\"target\":[\"https:\\\/\\\/incadebolivia.com\\\/?p=265#respond\"]}]},{\"@type\":\"WebPage\",\"@id\":\"https:\\\/\\\/incadebolivia.com\\\/?p=265\",\"url\":\"https:\\\/\\\/incadebolivia.com\\\/?p=265\",\"name\":\"La Unidad Educativa Nueva Esperanza realizo su feria de La Alimentaci\u00f3n Saludable - INCADE\",\"isPartOf\":{\"@id\":\"https:\\\/\\\/incadebolivia.com\\\/#website\"},\"primaryImageOfPage\":{\"@id\":\"https:\\\/\\\/incadebolivia.com\\\/?p=265#primaryimage\"},\"image\":{\"@id\":\"https:\\\/\\\/incadebolivia.com\\\/?p=265#primaryimage\"},\"thumbnailUrl\":\"https:\\\/\\\/incadebolivia.com\\\/wp-content\\\/uploads\\\/2024\\\/02\\\/nueva_esperanza_3.jpg\",\"datePublished\":\"2019-05-22T13:32:00+00:00\",\"dateModified\":\"2024-02-13T13:41:00+00:00\",\"breadcrumb\":{\"@id\":\"https:\\\/\\\/incadebolivia.com\\\/?p=265#breadcrumb\"},\"inLanguage\":\"es\",\"potentialAction\":[{\"@type\":\"ReadAction\",\"target\":[\"https:\\\/\\\/incadebolivia.com\\\/?p=265\"]}]},{\"@type\":\"ImageObject\",\"inLanguage\":\"es\",\"@id\":\"https:\\\/\\\/incadebolivia.com\\\/?p=265#primaryimage\",\"url\":\"https:\\\/\\\/incadebolivia.com\\\/wp-content\\\/uploads\\\/2024\\\/02\\\/nueva_esperanza_3.jpg\",\"contentUrl\":\"https:\\\/\\\/incadebolivia.com\\\/wp-content\\\/uploads\\\/2024\\\/02\\\/nueva_esperanza_3.jpg\",\"width\":620,\"height\":413,\"caption\":\"Estudiantes de la Unidad Educativa Nueva Esperanza. Foto: INCADE\"},{\"@type\":\"BreadcrumbList\",\"@id\":\"https:\\\/\\\/incadebolivia.com\\\/?p=265#breadcrumb\",\"itemListElement\":[{\"@type\":\"ListItem\",\"position\":1,\"name\":\"Portada\",\"item\":\"https:\\\/\\\/incadebolivia.com\\\/\"},{\"@type\":\"ListItem\",\"position\":2,\"name\":\"La Unidad Educativa Nueva Esperanza realizo su feria de La Alimentaci\u00f3n Saludable\"}]},{\"@type\":\"WebSite\",\"@id\":\"https:\\\/\\\/incadebolivia.com\\\/#website\",\"url\":\"https:\\\/\\\/incadebolivia.com\\\/\",\"name\":\"INCADE\",\"description\":\"Instituto de Capacitaci\u00f3n para el Desarrollo\",\"publisher\":{\"@id\":\"https:\\\/\\\/incadebolivia.com\\\/#organization\"},\"potentialAction\":[{\"@type\":\"SearchAction\",\"target\":{\"@type\":\"EntryPoint\",\"urlTemplate\":\"https:\\\/\\\/incadebolivia.com\\\/?s={search_term_string}\"},\"query-input\":{\"@type\":\"PropertyValueSpecification\",\"valueRequired\":true,\"valueName\":\"search_term_string\"}}],\"inLanguage\":\"es\"},{\"@type\":\"Organization\",\"@id\":\"https:\\\/\\\/incadebolivia.com\\\/#organization\",\"name\":\"Instituto de Capacitaci\u00f3n para el Desarrollo\",\"url\":\"https:\\\/\\\/incadebolivia.com\\\/\",\"logo\":{\"@type\":\"ImageObject\",\"inLanguage\":\"es\",\"@id\":\"https:\\\/\\\/incadebolivia.com\\\/#\\\/schema\\\/logo\\\/image\\\/\",\"url\":\"https:\\\/\\\/incadebolivia.com\\\/wp-content\\\/uploads\\\/2025\\\/07\\\/ligo-inade.png\",\"contentUrl\":\"https:\\\/\\\/incadebolivia.com\\\/wp-content\\\/uploads\\\/2025\\\/07\\\/ligo-inade.png\",\"width\":430,\"height\":128,\"caption\":\"Instituto de Capacitaci\u00f3n para el Desarrollo\"},\"image\":{\"@id\":\"https:\\\/\\\/incadebolivia.com\\\/#\\\/schema\\\/logo\\\/image\\\/\"},\"sameAs\":[\"https:\\\/\\\/www.facebook.com\\\/IncadeMontero\"]},{\"@type\":\"Person\",\"@id\":\"https:\\\/\\\/incadebolivia.com\\\/#\\\/schema\\\/person\\\/7c960bd9d6253dfb1820037a95b6ec50\",\"name\":\"INCADE\",\"image\":{\"@type\":\"ImageObject\",\"inLanguage\":\"es\",\"@id\":\"https:\\\/\\\/secure.gravatar.com\\\/avatar\\\/bf27e9186df568254093afa216f887fece17605302c6ff12f3980422fffa52e6?s=96&d=mm&r=g\",\"url\":\"https:\\\/\\\/secure.gravatar.com\\\/avatar\\\/bf27e9186df568254093afa216f887fece17605302c6ff12f3980422fffa52e6?s=96&d=mm&r=g\",\"contentUrl\":\"https:\\\/\\\/secure.gravatar.com\\\/avatar\\\/bf27e9186df568254093afa216f887fece17605302c6ff12f3980422fffa52e6?s=96&d=mm&r=g\",\"caption\":\"INCADE\"},\"sameAs\":[\"https:\\\/\\\/incadebolivia.com\"],\"url\":\"https:\\\/\\\/incadebolivia.com\\\/?author=1\"}]}<\/script>\n<!-- \/ Yoast SEO plugin. -->","yoast_head_json":{"title":"La Unidad Educativa Nueva Esperanza realizo su feria de La Alimentaci\u00f3n Saludable - INCADE","robots":{"index":"index","follow":"follow","max-snippet":"max-snippet:-1","max-image-preview":"max-image-preview:large","max-video-preview":"max-video-preview:-1"},"canonical":"https:\/\/incadebolivia.com\/?p=265","og_locale":"es_ES","og_type":"article","og_title":"La Unidad Educativa Nueva Esperanza realizo su feria de La Alimentaci\u00f3n Saludable - INCADE","og_description":"La alimentaci\u00f3n saludable fue el tema central de la feria del Proyecto Socio Comunitario Productivo PSP de la Unidad Educativa Nueva Esperanza del distrito 5.","og_url":"https:\/\/incadebolivia.com\/?p=265","og_site_name":"INCADE","article_publisher":"https:\/\/www.facebook.com\/IncadeMontero","article_published_time":"2019-05-22T13:32:00+00:00","article_modified_time":"2024-02-13T13:41:00+00:00","og_image":[{"width":620,"height":413,"url":"https:\/\/incadebolivia.com\/wp-content\/uploads\/2024\/02\/nueva_esperanza_3.jpg","type":"image\/jpeg"}],"author":"INCADE","twitter_card":"summary_large_image","twitter_misc":{"Escrito por":"INCADE","Tiempo de lectura":"1 minuto"},"schema":{"@context":"https:\/\/schema.org","@graph":[{"@type":"Article","@id":"https:\/\/incadebolivia.com\/?p=265#article","isPartOf":{"@id":"https:\/\/incadebolivia.com\/?p=265"},"author":{"name":"INCADE","@id":"https:\/\/incadebolivia.com\/#\/schema\/person\/7c960bd9d6253dfb1820037a95b6ec50"},"headline":"La Unidad Educativa Nueva Esperanza realizo su feria de La Alimentaci\u00f3n Saludable","datePublished":"2019-05-22T13:32:00+00:00","dateModified":"2024-02-13T13:41:00+00:00","mainEntityOfPage":{"@id":"https:\/\/incadebolivia.com\/?p=265"},"wordCount":247,"commentCount":0,"publisher":{"@id":"https:\/\/incadebolivia.com\/#organization"},"image":{"@id":"https:\/\/incadebolivia.com\/?p=265#primaryimage"},"thumbnailUrl":"https:\/\/incadebolivia.com\/wp-content\/uploads\/2024\/02\/nueva_esperanza_3.jpg","articleSection":["Noticias"],"inLanguage":"es","potentialAction":[{"@type":"CommentAction","name":"Comment","target":["https:\/\/incadebolivia.com\/?p=265#respond"]}]},{"@type":"WebPage","@id":"https:\/\/incadebolivia.com\/?p=265","url":"https:\/\/incadebolivia.com\/?p=265","name":"La Unidad Educativa Nueva Esperanza realizo su feria de La Alimentaci\u00f3n Saludable - INCADE","isPartOf":{"@id":"https:\/\/incadebolivia.com\/#website"},"primaryImageOfPage":{"@id":"https:\/\/incadebolivia.com\/?p=265#primaryimage"},"image":{"@id":"https:\/\/incadebolivia.com\/?p=265#primaryimage"},"thumbnailUrl":"https:\/\/incadebolivia.com\/wp-content\/uploads\/2024\/02\/nueva_esperanza_3.jpg","datePublished":"2019-05-22T13:32:00+00:00","dateModified":"2024-02-13T13:41:00+00:00","breadcrumb":{"@id":"https:\/\/incadebolivia.com\/?p=265#breadcrumb"},"inLanguage":"es","potentialAction":[{"@type":"ReadAction","target":["https:\/\/incadebolivia.com\/?p=265"]}]},{"@type":"ImageObject","inLanguage":"es","@id":"https:\/\/incadebolivia.com\/?p=265#primaryimage","url":"https:\/\/incadebolivia.com\/wp-content\/uploads\/2024\/02\/nueva_esperanza_3.jpg","contentUrl":"https:\/\/incadebolivia.com\/wp-content\/uploads\/2024\/02\/nueva_esperanza_3.jpg","width":620,"height":413,"caption":"Estudiantes de la Unidad Educativa Nueva Esperanza. Foto: INCADE"},{"@type":"BreadcrumbList","@id":"https:\/\/incadebolivia.com\/?p=265#breadcrumb","itemListElement":[{"@type":"ListItem","position":1,"name":"Portada","item":"https:\/\/incadebolivia.com\/"},{"@type":"ListItem","position":2,"name":"La Unidad Educativa Nueva Esperanza realizo su feria de La Alimentaci\u00f3n Saludable"}]},{"@type":"WebSite","@id":"https:\/\/incadebolivia.com\/#website","url":"https:\/\/incadebolivia.com\/","name":"INCADE","description":"Instituto de Capacitaci\u00f3n para el Desarrollo","publisher":{"@id":"https:\/\/incadebolivia.com\/#organization"},"potentialAction":[{"@type":"SearchAction","target":{"@type":"EntryPoint","urlTemplate":"https:\/\/incadebolivia.com\/?s={search_term_string}"},"query-input":{"@type":"PropertyValueSpecification","valueRequired":true,"valueName":"search_term_string"}}],"inLanguage":"es"},{"@type":"Organization","@id":"https:\/\/incadebolivia.com\/#organization","name":"Instituto de Capacitaci\u00f3n para el Desarrollo","url":"https:\/\/incadebolivia.com\/","logo":{"@type":"ImageObject","inLanguage":"es","@id":"https:\/\/incadebolivia.com\/#\/schema\/logo\/image\/","url":"https:\/\/incadebolivia.com\/wp-content\/uploads\/2025\/07\/ligo-inade.png","contentUrl":"https:\/\/incadebolivia.com\/wp-content\/uploads\/2025\/07\/ligo-inade.png","width":430,"height":128,"caption":"Instituto de Capacitaci\u00f3n para el Desarrollo"},"image":{"@id":"https:\/\/incadebolivia.com\/#\/schema\/logo\/image\/"},"sameAs":["https:\/\/www.facebook.com\/IncadeMontero"]},{"@type":"Person","@id":"https:\/\/incadebolivia.com\/#\/schema\/person\/7c960bd9d6253dfb1820037a95b6ec50","name":"INCADE","image":{"@type":"ImageObject","inLanguage":"es","@id":"https:\/\/secure.gravatar.com\/avatar\/bf27e9186df568254093afa216f887fece17605302c6ff12f3980422fffa52e6?s=96&d=mm&r=g","url":"https:\/\/secure.gravatar.com\/avatar\/bf27e9186df568254093afa216f887fece17605302c6ff12f3980422fffa52e6?s=96&d=mm&r=g","contentUrl":"https:\/\/secure.gravatar.com\/avatar\/bf27e9186df568254093afa216f887fece17605302c6ff12f3980422fffa52e6?s=96&d=mm&r=g","caption":"INCADE"},"sameAs":["https:\/\/incadebolivia.com"],"url":"https:\/\/incadebolivia.com\/?author=1"}]}},"_links":{"self":[{"href":"https:\/\/incadebolivia.com\/index.php?rest_route=\/wp\/v2\/posts\/265","targetHints":{"allow":["GET"]}}],"collection":[{"href":"https:\/\/incadebolivia.com\/index.php?rest_route=\/wp\/v2\/posts"}],"about":[{"href":"https:\/\/incadebolivia.com\/index.php?rest_route=\/wp\/v2\/types\/post"}],"author":[{"embeddable":true,"href":"https:\/\/incadebolivia.com\/index.php?rest_route=\/wp\/v2\/users\/1"}],"replies":[{"embeddable":true,"href":"https:\/\/incadebolivia.com\/index.php?rest_route=%2Fwp%2Fv2%2Fcomments&post=265"}],"version-history":[{"count":1,"href":"https:\/\/incadebolivia.com\/index.php?rest_route=\/wp\/v2\/posts\/265\/revisions"}],"predecessor-version":[{"id":271,"href":"https:\/\/incadebolivia.com\/index.php?rest_route=\/wp\/v2\/posts\/265\/revisions\/271"}],"wp:featuredmedia":[{"embeddable":true,"href":"https:\/\/incadebolivia.com\/index.php?rest_route=\/wp\/v2\/media\/266"}],"wp:attachment":[{"href":"https:\/\/incadebolivia.com\/index.php?rest_route=%2Fwp%2Fv2%2Fmedia&parent=265"}],"wp:term":[{"taxonomy":"category","embeddable":true,"href":"https:\/\/incadebolivia.com\/index.php?rest_route=%2Fwp%2Fv2%2Fcategories&post=265"},{"taxonomy":"post_tag","embeddable":true,"href":"https:\/\/incadebolivia.com\/index.php?rest_route=%2Fwp%2Fv2%2Ftags&post=265"}],"curies":[{"name":"wp","href":"https:\/\/api.w.org\/{rel}","templated":true}]}}