{"id":276,"date":"2019-05-31T09:48:00","date_gmt":"2019-05-31T13:48:00","guid":{"rendered":"https:\/\/incadebolivia.com\/?p=276"},"modified":"2024-02-13T09:54:58","modified_gmt":"2024-02-13T13:54:58","slug":"la-unidad-educativa-juancito-pinto-hoy-celebra-su-14-aniversario","status":"publish","type":"post","link":"https:\/\/incadebolivia.com\/?p=276","title":{"rendered":"La Unidad. Educativa Juancito Pinto hoy celebra su 14\u00b0 aniversario"},"content":{"rendered":"<div class=\"itemIntroText\">\n<p>La Unidad Educativa Juancito Pinto, est\u00e1 ubicada en el coraz\u00f3n de los barrios que conforman la Zona Oeste del Distrito Municipal N\u00ba 2, del Municipio de Montero.<\/p>\n<p>Los barrios de esta zona se caracterizan por estar poblados por familias emprendedoras que proceden de diversos lugares de la provincia y del pa\u00eds, llegaron buscando forjar un mejor futuro para sus familias en base a esfuerzo, trabajo y sacrificio.<\/p>\n<\/div>\n<p><!--more--><\/p>\n<div class=\"itemFullText\">\n<p><strong>LOS INCIADORES Y SUS PRIMEROS PASOS<\/strong><\/p>\n<p>Los inicios de la Unidad Educativa, nos remite al mes de febrero del 2005, fecha en la que fue creada con el nombre de \u201cAlfonso Ayala\u201d, siendo sus promotores los padres de familia del barrio \u201c25 de Enero\u201d y la Sra. Vanessa Aroni la primera presidenta de la Junta Escolar.<\/p>\n<p>Los costos para su funcionamiento fueron asumidos con el esfuerzo de los padres de familia, quienes construyeron dos peque\u00f1as aulas y contrataron al profesor Vicente Chirinos, quien fue el primer profesor al que encargaron la misi\u00f3n de educar y guiar a los 54 alumnos (24 ni\u00f1os y 30 ni\u00f1as) con los que se inici\u00f3 el funcionamiento de la Unidad Educativa.<\/p>\n<p>El profesor Vicente Chirinos, desarroll\u00f3 su actividad educativa los a\u00f1os 2005 y 2006. A partir del 2007 hasta el 2009 la Unidad Educativa estuvo a cargo de la profesora Isabel Justiniano.<\/p>\n<p><strong>CAMINO A SU INSTITUCIONALIZACI\u00d3N FORTALECIDA POR UNA MAYOR DEMANDA DE ALUMNOS<\/strong><\/p>\n<p><img loading=\"lazy\" decoding=\"async\" class=\"size-full wp-image-278 aligncenter\" src=\"https:\/\/incadebolivia.com\/wp-content\/uploads\/2024\/02\/JUANCITO_5.jpg\" alt=\"\" width=\"620\" height=\"413\" srcset=\"https:\/\/incadebolivia.com\/wp-content\/uploads\/2024\/02\/JUANCITO_5.jpg 620w, https:\/\/incadebolivia.com\/wp-content\/uploads\/2024\/02\/JUANCITO_5-300x200.jpg 300w\" sizes=\"auto, (max-width: 620px) 100vw, 620px\" \/><\/p>\n<p>En la apertura del a\u00f1o escolar del a\u00f1o 2010, la Unidad Educativa tiene una primera gran demanda de alumnos; la Direcci\u00f3n Distrital de Educaci\u00f3n encarga la direcci\u00f3n al profesor Wilfredo Lazcano Rea y se contrata 8 profesores, 4 de los cuales tienen \u00edtem, entre los que se encuentra el director encargado; los otros 4 profesores son pagados por los padres de familia. Los profesores estuvieron encargados de atender a 8 cursos y un total de 259 alumnos.<\/p>\n<p>La Asamblea de Padres de familia realizada en el 2010, acuerda por unanimidad cambiar el nombre de la Unidad Educativa, adoptando el nombre de\u00a0<strong><em>Juancito Pinto,<\/em><\/strong>\u00a0en homenaje al Ni\u00f1o h\u00e9roe y tamborillero que con s\u00f3lo 12 a\u00f1os de edad acompa\u00f1\u00f3 al ej\u00e9rcito boliviano durante la Guerra del Pac\u00edfico, falleciendo en combate dejando un legado de sacrificio, hero\u00edsmo y entrega por la patria.<\/p>\n<p>En el a\u00f1o 2011, nuevamente la Unidad Educativa tiene otra gran demanda, aumentando en casi 100 por ciento los alumnos matriculados, llegando a un total de 473 alumnos, distribuidos en 16 cursos; el personal docente se increment\u00f3 a 16 profesores, de los cuales los padres de familia asumieron el sueldo de 12 ya que s\u00f3lo 4 profesores ten\u00edan \u00edtem del TGN.<\/p>\n<p>En el 2012 de los meses de febrero a septiembre se encuentran como encargadas de la direcci\u00f3n de la unidad educativa la profesora Ana Mar\u00eda Quispe Cabello, continuando a partir del mes de octubre en esta responsabilidad la profesora Eugenia Molina. En esta nueva situaci\u00f3n la Junta Escolar asume un rol protag\u00f3nico bajo la presidencia de Jos\u00e9 Luis Mendoza Conde quien junto a los padres de familia, dirigentes y pobladores de la zona realizan una intensa actividad entre tr\u00e1mites, gestiones y protestas ante las autoridades competentes del sector de educaci\u00f3n de Montero y Santa Cruz exigiendo dos puntos fundamentales: 1. Reconocimiento de la Unidad Educativa y 2. Nombramiento de profesores con sus respectivos \u00edtems.<\/p>\n<p><strong>En 31 de mayo del 2012<\/strong>, se institucionaliza el funcionamiento de la Unidad Educativa Juancito Pinto, consiguiendo su personer\u00eda jur\u00eddica y la resoluci\u00f3n Ministerial mediante la cual se le reconoce como Unidad Educativa Fiscal en el \u00e1rea rural. Tambi\u00e9n, en ese mismo a\u00f1o se construye un primer pabell\u00f3n de 5 aulas y el 2013 se construye un segundo pabell\u00f3n con cinco aulas m\u00e1s.<\/p>\n<p><strong>SE INICIA EL NIVEL DE SECUNDARIA Y SE ABREN MAYORES PERSPECTIVAS<\/strong><\/p>\n<p><img loading=\"lazy\" decoding=\"async\" class=\"size-full wp-image-279 aligncenter\" src=\"https:\/\/incadebolivia.com\/wp-content\/uploads\/2024\/02\/JUANCITO_1.jpg\" alt=\"\" width=\"620\" height=\"413\" srcset=\"https:\/\/incadebolivia.com\/wp-content\/uploads\/2024\/02\/JUANCITO_1.jpg 620w, https:\/\/incadebolivia.com\/wp-content\/uploads\/2024\/02\/JUANCITO_1-300x200.jpg 300w\" sizes=\"auto, (max-width: 620px) 100vw, 620px\" \/><\/p>\n<p>Se debe destacar que en el a\u00f1o 2013 se inici\u00f3 el funcionamiento del nivel de secundaria con 30 alumnos, para lo cual se cont\u00f3 con el apoyo de los padres de familia y con el desprendimiento de los profesores quienes iniciaron trabajando de manera voluntaria; se debe destacar que la colaboraci\u00f3n voluntaria de los maestros, muchos de los cuales han trabajado sin remuneraci\u00f3n, se ha dado en reiteradas oportunidades y ha contribuido al desarrollo de la Unidad Educativa, como tambi\u00e9n el empuje, la fuerza y la lucha de los padres de familia organizados en la Junta Escolar, la que en todo momento est\u00e1n prestos a exigir y hacer respetar sus derechos, demostrando que \u201cS\u00f3lo con la lucha el pueblo se hace escuchar y consigue sus reivindicaciones\u201d.<\/p>\n<p>Mediante una convocatoria interna Distrital se nombra al Profesor Ra\u00fal Yances como director ejerciendo esta responsabilidad desde el mes de mayo del 2013 hasta julio 2015.<\/p>\n<p>Continuando con el mejoramiento de la infraestructura de la unidad educativa, el 2014 se inaugura el tercer pabell\u00f3n con 5 aulas, un ambiente para la direcci\u00f3n y el cerco perim\u00e9trico y en el 2015 se construye una nueva bater\u00eda de ba\u00f1os y un campo deportivo polifucional con grader\u00edas y tinglado.<\/p>\n<p>En el mes de julio del 2015 es nombrada como directora la profesora Matilde Carvajal Yucra, adem\u00e1s, por la ampliaci\u00f3n de la demanda estudiantil en el nivel secundario en el 2016 es nombrada la profesora Melvi Arauz Montero como directora de secundaria. En esta etapa con el esfuerzo del personal administrativo, docente, estudiantes y padres de familia, la Unidad Educativa adquiere una Banda de M\u00fasica constituy\u00e9ndose en un gran logro en el desarrollo institucional.<\/p>\n<p>En La Unidad Educativa Juancito Pinto funcionan 2 kioscos escolares, uno funciona en el turno de la ma\u00f1ana, atendido por la se\u00f1ora Florinda Ayala Claros quien a la vez es portera de la instituci\u00f3n y el otro kiosco funciona en el turno de tarde, atendido por la se\u00f1ora Yesenia Bonilla. Adem\u00e1s, se cuenta con la Sra. F\u00e1tima Padilla que se encarga de la limpieza y cuidado de los Servicios Higi\u00e9nicos.<\/p>\n<p><strong>ALIANZAS Y CONVENIOS CON OTRAS INSTITUCIONES<\/strong><\/p>\n<\/div>\n<p><img loading=\"lazy\" decoding=\"async\" class=\"alignnone size-full wp-image-280\" src=\"https:\/\/incadebolivia.com\/wp-content\/uploads\/2024\/02\/JUANCITO_4.jpg\" alt=\"\" width=\"620\" height=\"930\" srcset=\"https:\/\/incadebolivia.com\/wp-content\/uploads\/2024\/02\/JUANCITO_4.jpg 620w, https:\/\/incadebolivia.com\/wp-content\/uploads\/2024\/02\/JUANCITO_4-200x300.jpg 200w\" sizes=\"auto, (max-width: 620px) 100vw, 620px\" \/><\/p>\n<p>Es a mediados del 2015 que El Instituto de Capacitaci\u00f3n para el Desarrollo (INCADE), quien ven\u00eda trabajando con las OTBs de la zona oeste en diversas actividades de fortalecimiento institucional y asesoramiento de su gesti\u00f3n, toma contacto directo con la Direcci\u00f3n de la Unidad Educativa con la finalidad de desarrollar un diagn\u00f3stico de la Unidad Educativa para que las organizaciones de la zona tengan insumos para el Plan de Desarrollo de su Distrito y hagan propuestas dentro del POA Municipal en los procesos de planificaci\u00f3n participativa.<\/p>\n<p>Actualmente el INCADE viene trabajando en la implementaci\u00f3n de los huertos escolares integrales como una estrategia de apoyar en la implementaci\u00f3n del PSP\u00a0<strong><em>\u201cPor una alimentaci\u00f3n nutritiva para una vida saludable\u201d<\/em><\/strong><em>.<\/em>\u00a0\u00a0Proyecto Sociocomunitario Productivo que se implementa en la Unidad Educativa y en los distritos de Montero y que tiene como finalidad mejorar la calidad de la alimentaci\u00f3n de los estudiantes y promover su compromiso con el Cuidado de la Madre Tierra, lo que es complementado con capacitaci\u00f3n y apoyo a las ferias pedag\u00f3gicas en los temas de: Tratamiento de los residuos s\u00f3lidos, separaci\u00f3n de basura reciclaje y hacer compostaje de la basura org\u00e1nica, as\u00ed mismo promoviendo talleres de capacitaci\u00f3n sobre peligros de la comida chatarra y la importancia de una alimentaci\u00f3n saludable, estas campa\u00f1as se proyectan a las familias de los barrios en coordinaci\u00f3n y apoyo de las OTBs.<\/p>\n<p><strong>PROGRAMA DE EDUCACI\u00d3N DE ADULTOS, UNA ALTERNATIVA PARA PROMOVER LA EQUIDAD Y EL DESARROLLO INTEGRAL DE LA COMUNIDAD EDUCATIVA<\/strong><\/p>\n<p>La Unidad Educativa Juancito Pinto consciente de que la educaci\u00f3n es una herramienta para promover la equidad y el desarrollo integral de las personas y que nuestra sociedad arrastra un duro lastre de la \u00e9poca neoliberal donde las pol\u00edticas p\u00fablicas educativas fueron abandonadas, en el a\u00f1o 2014 se implementaron los programa de alfabetizaci\u00f3n y post alfabetizaci\u00f3n como una continuidad de la metodolog\u00eda YO SI PUEDO, con apoyo de la Alcald\u00eda de Montero, as\u00ed como el trabajo voluntario varios maestros en la que se encontraba la profesora Patricia Cayo.<\/p>\n<p>El nivel de educaci\u00f3n de adultos se ha venido desarrollando con muchos logros y marcha a consolidarse, desde el 2017 se consigui\u00f3 constituirse en Sub Centro dependiente del Centro de Educaci\u00f3n Alternativa \u201cRosenda de Rodr\u00edguez\u201d que funciona en la Unidad Educativa \u201cV\u00edctor Salvatierra\u201d, es una etapa de prueba y estamos seguros que pronto se conseguir\u00e1 la autonom\u00eda e independencia y continuara apoyando el desarrollo integral de todos los pobladores de los barrios de la zona oeste que quieren continuar educ\u00e1ndose y mejorando su calidad de vida.<\/p>\n<p>Actualmente el Sub Centro de Educaci\u00f3n de Adultos que funciona en nuestra Unidad Educativa Juancito Pinto cuenta con 2 profesoras, una de ellas con \u00edtem y coordinadora del programa que es la Profesora Yahanny Justiniano y la Profesora Natasli Regina Silva que trabaja voluntariamente y cuenta con un total de 64 estudiantes, 54 en la modalidad presencial y 10 en semi-presencial.<\/p>\n<p>La Unidad Educativa Juancito Pinto celebra sus XIV aniversario de funcionamiento, con la alegr\u00eda de estar contribuyendo con su labor educativa en la formaci\u00f3n de nuevas generaciones que ser\u00e1n la garant\u00eda del desarrollo y progreso de su familia, nuestro municipio y el pa\u00eds. En este proceso la comunidad educativa ha recorrido un amplio camino para su fortalecimiento y consolidaci\u00f3n en la que han marchado juntos: personal administrativo, profesores, estudiantes, padres de familia y personal de servicio que en todo momento vienen demostrando unidad, trabajo y lucha, as\u00ed como el apoyo de las autoridades, tanto del Gobierno Central y del Gobierno Aut\u00f3nomo Municipal de Montero y cuentan con una moderna infraestructura que alberga a cerca de 1500 estudiantes en los turnos de ma\u00f1ana tarde y noche y presta servicios en los niveles de inicial, primaria, secundaria y educaci\u00f3n de adultos.<\/p>\n<div style=\"margin-top: 0px; margin-bottom: 0px;\" class=\"sharethis-inline-reaction-buttons\" ><\/div>","protected":false},"excerpt":{"rendered":"<p>La Unidad Educativa Juancito Pinto, est\u00e1 ubicada en el coraz\u00f3n de los barrios que conforman la Zona Oeste del Distrito Municipal N\u00ba 2, del Municipio de Montero. Los barrios de esta zona se caracterizan por estar poblados por familias emprendedoras que proceden de diversos lugares de la provincia y del pa\u00eds, llegaron buscando forjar un [&hellip;]<\/p>\n","protected":false},"author":1,"featured_media":277,"comment_status":"open","ping_status":"open","sticky":false,"template":"","format":"standard","meta":{"footnotes":""},"categories":[25],"tags":[],"class_list":["post-276","post","type-post","status-publish","format-standard","has-post-thumbnail","hentry","category-noticias"],"yoast_head":"<!-- This site is optimized with the Yoast SEO plugin v27.4 - https:\/\/yoast.com\/product\/yoast-seo-wordpress\/ -->\n<title>La Unidad. Educativa Juancito Pinto hoy celebra su 14\u00b0 aniversario - INCADE<\/title>\n<meta name=\"robots\" content=\"index, follow, max-snippet:-1, max-image-preview:large, max-video-preview:-1\" \/>\n<link rel=\"canonical\" href=\"https:\/\/incadebolivia.com\/?p=276\" \/>\n<meta property=\"og:locale\" content=\"es_ES\" \/>\n<meta property=\"og:type\" content=\"article\" \/>\n<meta property=\"og:title\" content=\"La Unidad. Educativa Juancito Pinto hoy celebra su 14\u00b0 aniversario - INCADE\" \/>\n<meta property=\"og:description\" content=\"La Unidad Educativa Juancito Pinto, est\u00e1 ubicada en el coraz\u00f3n de los barrios que conforman la Zona Oeste del Distrito Municipal N\u00ba 2, del Municipio de Montero. Los barrios de esta zona se caracterizan por estar poblados por familias emprendedoras que proceden de diversos lugares de la provincia y del pa\u00eds, llegaron buscando forjar un [&hellip;]\" \/>\n<meta property=\"og:url\" content=\"https:\/\/incadebolivia.com\/?p=276\" \/>\n<meta property=\"og:site_name\" content=\"INCADE\" \/>\n<meta property=\"article:publisher\" content=\"https:\/\/www.facebook.com\/IncadeMontero\" \/>\n<meta property=\"article:published_time\" content=\"2019-05-31T13:48:00+00:00\" \/>\n<meta property=\"article:modified_time\" content=\"2024-02-13T13:54:58+00:00\" \/>\n<meta property=\"og:image\" content=\"https:\/\/incadebolivia.com\/wp-content\/uploads\/2024\/02\/JUANCITO_3.jpg\" \/>\n\t<meta property=\"og:image:width\" content=\"620\" \/>\n\t<meta property=\"og:image:height\" content=\"413\" \/>\n\t<meta property=\"og:image:type\" content=\"image\/jpeg\" \/>\n<meta name=\"author\" content=\"INCADE\" \/>\n<meta name=\"twitter:card\" content=\"summary_large_image\" \/>\n<meta name=\"twitter:label1\" content=\"Escrito por\" \/>\n\t<meta name=\"twitter:data1\" content=\"INCADE\" \/>\n\t<meta name=\"twitter:label2\" content=\"Tiempo de lectura\" \/>\n\t<meta name=\"twitter:data2\" content=\"8 minutos\" \/>\n<script type=\"application\/ld+json\" class=\"yoast-schema-graph\">{\"@context\":\"https:\\\/\\\/schema.org\",\"@graph\":[{\"@type\":\"Article\",\"@id\":\"https:\\\/\\\/incadebolivia.com\\\/?p=276#article\",\"isPartOf\":{\"@id\":\"https:\\\/\\\/incadebolivia.com\\\/?p=276\"},\"author\":{\"name\":\"INCADE\",\"@id\":\"https:\\\/\\\/incadebolivia.com\\\/#\\\/schema\\\/person\\\/7c960bd9d6253dfb1820037a95b6ec50\"},\"headline\":\"La Unidad. Educativa Juancito Pinto hoy celebra su 14\u00b0 aniversario\",\"datePublished\":\"2019-05-31T13:48:00+00:00\",\"dateModified\":\"2024-02-13T13:54:58+00:00\",\"mainEntityOfPage\":{\"@id\":\"https:\\\/\\\/incadebolivia.com\\\/?p=276\"},\"wordCount\":1649,\"commentCount\":0,\"publisher\":{\"@id\":\"https:\\\/\\\/incadebolivia.com\\\/#organization\"},\"image\":{\"@id\":\"https:\\\/\\\/incadebolivia.com\\\/?p=276#primaryimage\"},\"thumbnailUrl\":\"https:\\\/\\\/incadebolivia.com\\\/wp-content\\\/uploads\\\/2024\\\/02\\\/JUANCITO_3.jpg\",\"articleSection\":[\"Noticias\"],\"inLanguage\":\"es\",\"potentialAction\":[{\"@type\":\"CommentAction\",\"name\":\"Comment\",\"target\":[\"https:\\\/\\\/incadebolivia.com\\\/?p=276#respond\"]}]},{\"@type\":\"WebPage\",\"@id\":\"https:\\\/\\\/incadebolivia.com\\\/?p=276\",\"url\":\"https:\\\/\\\/incadebolivia.com\\\/?p=276\",\"name\":\"La Unidad. Educativa Juancito Pinto hoy celebra su 14\u00b0 aniversario - INCADE\",\"isPartOf\":{\"@id\":\"https:\\\/\\\/incadebolivia.com\\\/#website\"},\"primaryImageOfPage\":{\"@id\":\"https:\\\/\\\/incadebolivia.com\\\/?p=276#primaryimage\"},\"image\":{\"@id\":\"https:\\\/\\\/incadebolivia.com\\\/?p=276#primaryimage\"},\"thumbnailUrl\":\"https:\\\/\\\/incadebolivia.com\\\/wp-content\\\/uploads\\\/2024\\\/02\\\/JUANCITO_3.jpg\",\"datePublished\":\"2019-05-31T13:48:00+00:00\",\"dateModified\":\"2024-02-13T13:54:58+00:00\",\"breadcrumb\":{\"@id\":\"https:\\\/\\\/incadebolivia.com\\\/?p=276#breadcrumb\"},\"inLanguage\":\"es\",\"potentialAction\":[{\"@type\":\"ReadAction\",\"target\":[\"https:\\\/\\\/incadebolivia.com\\\/?p=276\"]}]},{\"@type\":\"ImageObject\",\"inLanguage\":\"es\",\"@id\":\"https:\\\/\\\/incadebolivia.com\\\/?p=276#primaryimage\",\"url\":\"https:\\\/\\\/incadebolivia.com\\\/wp-content\\\/uploads\\\/2024\\\/02\\\/JUANCITO_3.jpg\",\"contentUrl\":\"https:\\\/\\\/incadebolivia.com\\\/wp-content\\\/uploads\\\/2024\\\/02\\\/JUANCITO_3.jpg\",\"width\":620,\"height\":413},{\"@type\":\"BreadcrumbList\",\"@id\":\"https:\\\/\\\/incadebolivia.com\\\/?p=276#breadcrumb\",\"itemListElement\":[{\"@type\":\"ListItem\",\"position\":1,\"name\":\"Portada\",\"item\":\"https:\\\/\\\/incadebolivia.com\\\/\"},{\"@type\":\"ListItem\",\"position\":2,\"name\":\"La Unidad. Educativa Juancito Pinto hoy celebra su 14\u00b0 aniversario\"}]},{\"@type\":\"WebSite\",\"@id\":\"https:\\\/\\\/incadebolivia.com\\\/#website\",\"url\":\"https:\\\/\\\/incadebolivia.com\\\/\",\"name\":\"INCADE\",\"description\":\"Instituto de Capacitaci\u00f3n para el Desarrollo\",\"publisher\":{\"@id\":\"https:\\\/\\\/incadebolivia.com\\\/#organization\"},\"potentialAction\":[{\"@type\":\"SearchAction\",\"target\":{\"@type\":\"EntryPoint\",\"urlTemplate\":\"https:\\\/\\\/incadebolivia.com\\\/?s={search_term_string}\"},\"query-input\":{\"@type\":\"PropertyValueSpecification\",\"valueRequired\":true,\"valueName\":\"search_term_string\"}}],\"inLanguage\":\"es\"},{\"@type\":\"Organization\",\"@id\":\"https:\\\/\\\/incadebolivia.com\\\/#organization\",\"name\":\"Instituto de Capacitaci\u00f3n para el Desarrollo\",\"url\":\"https:\\\/\\\/incadebolivia.com\\\/\",\"logo\":{\"@type\":\"ImageObject\",\"inLanguage\":\"es\",\"@id\":\"https:\\\/\\\/incadebolivia.com\\\/#\\\/schema\\\/logo\\\/image\\\/\",\"url\":\"https:\\\/\\\/incadebolivia.com\\\/wp-content\\\/uploads\\\/2025\\\/07\\\/ligo-inade.png\",\"contentUrl\":\"https:\\\/\\\/incadebolivia.com\\\/wp-content\\\/uploads\\\/2025\\\/07\\\/ligo-inade.png\",\"width\":430,\"height\":128,\"caption\":\"Instituto de Capacitaci\u00f3n para el Desarrollo\"},\"image\":{\"@id\":\"https:\\\/\\\/incadebolivia.com\\\/#\\\/schema\\\/logo\\\/image\\\/\"},\"sameAs\":[\"https:\\\/\\\/www.facebook.com\\\/IncadeMontero\"]},{\"@type\":\"Person\",\"@id\":\"https:\\\/\\\/incadebolivia.com\\\/#\\\/schema\\\/person\\\/7c960bd9d6253dfb1820037a95b6ec50\",\"name\":\"INCADE\",\"image\":{\"@type\":\"ImageObject\",\"inLanguage\":\"es\",\"@id\":\"https:\\\/\\\/secure.gravatar.com\\\/avatar\\\/bf27e9186df568254093afa216f887fece17605302c6ff12f3980422fffa52e6?s=96&d=mm&r=g\",\"url\":\"https:\\\/\\\/secure.gravatar.com\\\/avatar\\\/bf27e9186df568254093afa216f887fece17605302c6ff12f3980422fffa52e6?s=96&d=mm&r=g\",\"contentUrl\":\"https:\\\/\\\/secure.gravatar.com\\\/avatar\\\/bf27e9186df568254093afa216f887fece17605302c6ff12f3980422fffa52e6?s=96&d=mm&r=g\",\"caption\":\"INCADE\"},\"sameAs\":[\"https:\\\/\\\/incadebolivia.com\"],\"url\":\"https:\\\/\\\/incadebolivia.com\\\/?author=1\"}]}<\/script>\n<!-- \/ Yoast SEO plugin. -->","yoast_head_json":{"title":"La Unidad. Educativa Juancito Pinto hoy celebra su 14\u00b0 aniversario - INCADE","robots":{"index":"index","follow":"follow","max-snippet":"max-snippet:-1","max-image-preview":"max-image-preview:large","max-video-preview":"max-video-preview:-1"},"canonical":"https:\/\/incadebolivia.com\/?p=276","og_locale":"es_ES","og_type":"article","og_title":"La Unidad. Educativa Juancito Pinto hoy celebra su 14\u00b0 aniversario - INCADE","og_description":"La Unidad Educativa Juancito Pinto, est\u00e1 ubicada en el coraz\u00f3n de los barrios que conforman la Zona Oeste del Distrito Municipal N\u00ba 2, del Municipio de Montero. Los barrios de esta zona se caracterizan por estar poblados por familias emprendedoras que proceden de diversos lugares de la provincia y del pa\u00eds, llegaron buscando forjar un [&hellip;]","og_url":"https:\/\/incadebolivia.com\/?p=276","og_site_name":"INCADE","article_publisher":"https:\/\/www.facebook.com\/IncadeMontero","article_published_time":"2019-05-31T13:48:00+00:00","article_modified_time":"2024-02-13T13:54:58+00:00","og_image":[{"width":620,"height":413,"url":"https:\/\/incadebolivia.com\/wp-content\/uploads\/2024\/02\/JUANCITO_3.jpg","type":"image\/jpeg"}],"author":"INCADE","twitter_card":"summary_large_image","twitter_misc":{"Escrito por":"INCADE","Tiempo de lectura":"8 minutos"},"schema":{"@context":"https:\/\/schema.org","@graph":[{"@type":"Article","@id":"https:\/\/incadebolivia.com\/?p=276#article","isPartOf":{"@id":"https:\/\/incadebolivia.com\/?p=276"},"author":{"name":"INCADE","@id":"https:\/\/incadebolivia.com\/#\/schema\/person\/7c960bd9d6253dfb1820037a95b6ec50"},"headline":"La Unidad. Educativa Juancito Pinto hoy celebra su 14\u00b0 aniversario","datePublished":"2019-05-31T13:48:00+00:00","dateModified":"2024-02-13T13:54:58+00:00","mainEntityOfPage":{"@id":"https:\/\/incadebolivia.com\/?p=276"},"wordCount":1649,"commentCount":0,"publisher":{"@id":"https:\/\/incadebolivia.com\/#organization"},"image":{"@id":"https:\/\/incadebolivia.com\/?p=276#primaryimage"},"thumbnailUrl":"https:\/\/incadebolivia.com\/wp-content\/uploads\/2024\/02\/JUANCITO_3.jpg","articleSection":["Noticias"],"inLanguage":"es","potentialAction":[{"@type":"CommentAction","name":"Comment","target":["https:\/\/incadebolivia.com\/?p=276#respond"]}]},{"@type":"WebPage","@id":"https:\/\/incadebolivia.com\/?p=276","url":"https:\/\/incadebolivia.com\/?p=276","name":"La Unidad. Educativa Juancito Pinto hoy celebra su 14\u00b0 aniversario - INCADE","isPartOf":{"@id":"https:\/\/incadebolivia.com\/#website"},"primaryImageOfPage":{"@id":"https:\/\/incadebolivia.com\/?p=276#primaryimage"},"image":{"@id":"https:\/\/incadebolivia.com\/?p=276#primaryimage"},"thumbnailUrl":"https:\/\/incadebolivia.com\/wp-content\/uploads\/2024\/02\/JUANCITO_3.jpg","datePublished":"2019-05-31T13:48:00+00:00","dateModified":"2024-02-13T13:54:58+00:00","breadcrumb":{"@id":"https:\/\/incadebolivia.com\/?p=276#breadcrumb"},"inLanguage":"es","potentialAction":[{"@type":"ReadAction","target":["https:\/\/incadebolivia.com\/?p=276"]}]},{"@type":"ImageObject","inLanguage":"es","@id":"https:\/\/incadebolivia.com\/?p=276#primaryimage","url":"https:\/\/incadebolivia.com\/wp-content\/uploads\/2024\/02\/JUANCITO_3.jpg","contentUrl":"https:\/\/incadebolivia.com\/wp-content\/uploads\/2024\/02\/JUANCITO_3.jpg","width":620,"height":413},{"@type":"BreadcrumbList","@id":"https:\/\/incadebolivia.com\/?p=276#breadcrumb","itemListElement":[{"@type":"ListItem","position":1,"name":"Portada","item":"https:\/\/incadebolivia.com\/"},{"@type":"ListItem","position":2,"name":"La Unidad. Educativa Juancito Pinto hoy celebra su 14\u00b0 aniversario"}]},{"@type":"WebSite","@id":"https:\/\/incadebolivia.com\/#website","url":"https:\/\/incadebolivia.com\/","name":"INCADE","description":"Instituto de Capacitaci\u00f3n para el Desarrollo","publisher":{"@id":"https:\/\/incadebolivia.com\/#organization"},"potentialAction":[{"@type":"SearchAction","target":{"@type":"EntryPoint","urlTemplate":"https:\/\/incadebolivia.com\/?s={search_term_string}"},"query-input":{"@type":"PropertyValueSpecification","valueRequired":true,"valueName":"search_term_string"}}],"inLanguage":"es"},{"@type":"Organization","@id":"https:\/\/incadebolivia.com\/#organization","name":"Instituto de Capacitaci\u00f3n para el Desarrollo","url":"https:\/\/incadebolivia.com\/","logo":{"@type":"ImageObject","inLanguage":"es","@id":"https:\/\/incadebolivia.com\/#\/schema\/logo\/image\/","url":"https:\/\/incadebolivia.com\/wp-content\/uploads\/2025\/07\/ligo-inade.png","contentUrl":"https:\/\/incadebolivia.com\/wp-content\/uploads\/2025\/07\/ligo-inade.png","width":430,"height":128,"caption":"Instituto de Capacitaci\u00f3n para el Desarrollo"},"image":{"@id":"https:\/\/incadebolivia.com\/#\/schema\/logo\/image\/"},"sameAs":["https:\/\/www.facebook.com\/IncadeMontero"]},{"@type":"Person","@id":"https:\/\/incadebolivia.com\/#\/schema\/person\/7c960bd9d6253dfb1820037a95b6ec50","name":"INCADE","image":{"@type":"ImageObject","inLanguage":"es","@id":"https:\/\/secure.gravatar.com\/avatar\/bf27e9186df568254093afa216f887fece17605302c6ff12f3980422fffa52e6?s=96&d=mm&r=g","url":"https:\/\/secure.gravatar.com\/avatar\/bf27e9186df568254093afa216f887fece17605302c6ff12f3980422fffa52e6?s=96&d=mm&r=g","contentUrl":"https:\/\/secure.gravatar.com\/avatar\/bf27e9186df568254093afa216f887fece17605302c6ff12f3980422fffa52e6?s=96&d=mm&r=g","caption":"INCADE"},"sameAs":["https:\/\/incadebolivia.com"],"url":"https:\/\/incadebolivia.com\/?author=1"}]}},"_links":{"self":[{"href":"https:\/\/incadebolivia.com\/index.php?rest_route=\/wp\/v2\/posts\/276","targetHints":{"allow":["GET"]}}],"collection":[{"href":"https:\/\/incadebolivia.com\/index.php?rest_route=\/wp\/v2\/posts"}],"about":[{"href":"https:\/\/incadebolivia.com\/index.php?rest_route=\/wp\/v2\/types\/post"}],"author":[{"embeddable":true,"href":"https:\/\/incadebolivia.com\/index.php?rest_route=\/wp\/v2\/users\/1"}],"replies":[{"embeddable":true,"href":"https:\/\/incadebolivia.com\/index.php?rest_route=%2Fwp%2Fv2%2Fcomments&post=276"}],"version-history":[{"count":1,"href":"https:\/\/incadebolivia.com\/index.php?rest_route=\/wp\/v2\/posts\/276\/revisions"}],"predecessor-version":[{"id":281,"href":"https:\/\/incadebolivia.com\/index.php?rest_route=\/wp\/v2\/posts\/276\/revisions\/281"}],"wp:featuredmedia":[{"embeddable":true,"href":"https:\/\/incadebolivia.com\/index.php?rest_route=\/wp\/v2\/media\/277"}],"wp:attachment":[{"href":"https:\/\/incadebolivia.com\/index.php?rest_route=%2Fwp%2Fv2%2Fmedia&parent=276"}],"wp:term":[{"taxonomy":"category","embeddable":true,"href":"https:\/\/incadebolivia.com\/index.php?rest_route=%2Fwp%2Fv2%2Fcategories&post=276"},{"taxonomy":"post_tag","embeddable":true,"href":"https:\/\/incadebolivia.com\/index.php?rest_route=%2Fwp%2Fv2%2Ftags&post=276"}],"curies":[{"name":"wp","href":"https:\/\/api.w.org\/{rel}","templated":true}]}}