{"id":282,"date":"2019-06-25T09:55:00","date_gmt":"2019-06-25T13:55:00","guid":{"rendered":"https:\/\/incadebolivia.com\/?p=282"},"modified":"2024-02-13T10:01:06","modified_gmt":"2024-02-13T14:01:06","slug":"exitosa-feria-de-alimentacion-saludable-en-la-unidad-educativa-nacional-guabira-2","status":"publish","type":"post","link":"https:\/\/incadebolivia.com\/?p=282","title":{"rendered":"Exitosa feria de alimentaci\u00f3n saludable en la unidad educativa Nacional Guabir\u00e1 2"},"content":{"rendered":"<div class=\"itemIntroText\">\n<p>La Unidad Educativa Nacional Guabir\u00e1 2 realiz\u00f3 su feria del Proyecto Socio Comunitario Productivo\u00a0<strong>(<em>Una comunidad saludable: limpia y con buenos h\u00e1bitos alimenticios<\/em>)<\/strong>\u00a0con la finalidad de compartir con la comunidad educativa todo lo aprendido en cuanto a la alimentaci\u00f3n saludable y el huerto escolar integral.<\/p>\n<\/div>\n<p><!--more--><\/p>\n<div class=\"itemFullText\">\n<p>Los estudiantes estuvieron atentos a la exposici\u00f3n, inicialmente en los cultivos del huerto, elaboraci\u00f3n de compost a partir de la basura org\u00e1nica, preparaci\u00f3n de platabandas con cultivos como: zapallito, lechuga, zanahoria, acelgas y otras hortalizas que son parte de esta primera campa\u00f1a; y a partir de la producci\u00f3n en el huerto elaboraci\u00f3n de alimentos como ensaladas, queques, galletas, guisos y otros que fueron una exquisitez de los asistentes, con la finalidad lograr la educaci\u00f3n alimentaria nutricional propuesta en varias leyes de nuestro pa\u00eds. \u00a0<\/p>\n<p><img loading=\"lazy\" decoding=\"async\" class=\"alignnone size-full wp-image-284\" src=\"https:\/\/incadebolivia.com\/wp-content\/uploads\/2024\/02\/feria_guabira_2.jpg\" alt=\"\" width=\"620\" height=\"465\" srcset=\"https:\/\/incadebolivia.com\/wp-content\/uploads\/2024\/02\/feria_guabira_2.jpg 620w, https:\/\/incadebolivia.com\/wp-content\/uploads\/2024\/02\/feria_guabira_2-300x225.jpg 300w\" sizes=\"auto, (max-width: 620px) 100vw, 620px\" \/><\/p>\n<p>En la oportunidad estuvieron presentes el presidente del Concejo Municipal de Montero Manuel Jes\u00fas Ruiz, las concejalas Petrona P\u00e9rez y Carmen Caro, quienes observaron, probaron y valoraron el trabajo de los estudiantes profesores y padres de familia en esta feria.<\/p>\n<p>La concejala Carmen Caro presidenta de la comisi\u00f3n de desarrollo humano del concejo municipal de nuestra ciudad indic\u00f3 que todo este proceso que vive la comunidad educativa de montere\u00f1a con los cambios de h\u00e1bitos alimenticios ser\u00e1 respaldado con la ley de alimentaci\u00f3n y vida sana que se debate y analiza en el concejo municipal y este jueves podr\u00eda ser crucial para la aprobaci\u00f3n de esta norma que deber\u00e1 ser\u00e1 debatida y aprobada por el pleno del concejo municipal de Montero.<\/p>\n<\/div>\n\n\n<figure class=\"wp-block-gallery has-nested-images columns-default is-cropped wp-block-gallery-1 is-layout-flex wp-block-gallery-is-layout-flex\">\n<figure class=\"wp-block-image size-large\"><img loading=\"lazy\" decoding=\"async\" width=\"620\" height=\"465\" data-id=\"285\" src=\"https:\/\/incadebolivia.com\/wp-content\/uploads\/2024\/02\/feria_guabira_7.jpg\" alt=\"\" class=\"wp-image-285\" srcset=\"https:\/\/incadebolivia.com\/wp-content\/uploads\/2024\/02\/feria_guabira_7.jpg 620w, https:\/\/incadebolivia.com\/wp-content\/uploads\/2024\/02\/feria_guabira_7-300x225.jpg 300w\" sizes=\"auto, (max-width: 620px) 100vw, 620px\" \/><\/figure>\n\n\n\n<figure class=\"wp-block-image size-large\"><img loading=\"lazy\" decoding=\"async\" width=\"620\" height=\"465\" data-id=\"286\" src=\"https:\/\/incadebolivia.com\/wp-content\/uploads\/2024\/02\/feria_guabira_6.jpg\" alt=\"\" class=\"wp-image-286\" srcset=\"https:\/\/incadebolivia.com\/wp-content\/uploads\/2024\/02\/feria_guabira_6.jpg 620w, https:\/\/incadebolivia.com\/wp-content\/uploads\/2024\/02\/feria_guabira_6-300x225.jpg 300w\" sizes=\"auto, (max-width: 620px) 100vw, 620px\" \/><\/figure>\n\n\n\n<figure class=\"wp-block-image size-large\"><img loading=\"lazy\" decoding=\"async\" width=\"620\" height=\"465\" data-id=\"288\" src=\"https:\/\/incadebolivia.com\/wp-content\/uploads\/2024\/02\/feria_guabira_5.jpg\" alt=\"\" class=\"wp-image-288\" srcset=\"https:\/\/incadebolivia.com\/wp-content\/uploads\/2024\/02\/feria_guabira_5.jpg 620w, https:\/\/incadebolivia.com\/wp-content\/uploads\/2024\/02\/feria_guabira_5-300x225.jpg 300w\" sizes=\"auto, (max-width: 620px) 100vw, 620px\" \/><\/figure>\n\n\n\n<figure class=\"wp-block-image size-large\"><img loading=\"lazy\" decoding=\"async\" width=\"620\" height=\"465\" data-id=\"287\" src=\"https:\/\/incadebolivia.com\/wp-content\/uploads\/2024\/02\/feria_guabira_4.jpg\" alt=\"\" class=\"wp-image-287\" srcset=\"https:\/\/incadebolivia.com\/wp-content\/uploads\/2024\/02\/feria_guabira_4.jpg 620w, https:\/\/incadebolivia.com\/wp-content\/uploads\/2024\/02\/feria_guabira_4-300x225.jpg 300w\" sizes=\"auto, (max-width: 620px) 100vw, 620px\" \/><\/figure>\n\n\n\n<figure class=\"wp-block-image size-large\"><img loading=\"lazy\" decoding=\"async\" width=\"620\" height=\"465\" data-id=\"289\" src=\"https:\/\/incadebolivia.com\/wp-content\/uploads\/2024\/02\/feria_guabira_3.jpg\" alt=\"\" class=\"wp-image-289\" srcset=\"https:\/\/incadebolivia.com\/wp-content\/uploads\/2024\/02\/feria_guabira_3.jpg 620w, https:\/\/incadebolivia.com\/wp-content\/uploads\/2024\/02\/feria_guabira_3-300x225.jpg 300w\" sizes=\"auto, (max-width: 620px) 100vw, 620px\" \/><\/figure>\n<\/figure>\n<div style=\"margin-top: 0px; margin-bottom: 0px;\" class=\"sharethis-inline-reaction-buttons\" ><\/div>","protected":false},"excerpt":{"rendered":"<p>La Unidad Educativa Nacional Guabir\u00e1 2 realiz\u00f3 su feria del Proyecto Socio Comunitario Productivo\u00a0(Una comunidad saludable: limpia y con buenos h\u00e1bitos alimenticios)\u00a0con la finalidad de compartir con la comunidad educativa todo lo aprendido en cuanto a la alimentaci\u00f3n saludable y el huerto escolar integral.<\/p>\n","protected":false},"author":1,"featured_media":283,"comment_status":"open","ping_status":"open","sticky":false,"template":"","format":"standard","meta":{"footnotes":""},"categories":[25],"tags":[],"class_list":["post-282","post","type-post","status-publish","format-standard","has-post-thumbnail","hentry","category-noticias"],"yoast_head":"<!-- This site is optimized with the Yoast SEO plugin v27.4 - https:\/\/yoast.com\/product\/yoast-seo-wordpress\/ -->\n<title>Exitosa feria de alimentaci\u00f3n saludable en la unidad educativa Nacional Guabir\u00e1 2 - INCADE<\/title>\n<meta name=\"robots\" content=\"index, follow, max-snippet:-1, max-image-preview:large, max-video-preview:-1\" \/>\n<link rel=\"canonical\" href=\"https:\/\/incadebolivia.com\/?p=282\" \/>\n<meta property=\"og:locale\" content=\"es_ES\" \/>\n<meta property=\"og:type\" content=\"article\" \/>\n<meta property=\"og:title\" content=\"Exitosa feria de alimentaci\u00f3n saludable en la unidad educativa Nacional Guabir\u00e1 2 - INCADE\" \/>\n<meta property=\"og:description\" content=\"La Unidad Educativa Nacional Guabir\u00e1 2 realiz\u00f3 su feria del Proyecto Socio Comunitario Productivo\u00a0(Una comunidad saludable: limpia y con buenos h\u00e1bitos alimenticios)\u00a0con la finalidad de compartir con la comunidad educativa todo lo aprendido en cuanto a la alimentaci\u00f3n saludable y el huerto escolar integral.\" \/>\n<meta property=\"og:url\" content=\"https:\/\/incadebolivia.com\/?p=282\" \/>\n<meta property=\"og:site_name\" content=\"INCADE\" \/>\n<meta property=\"article:publisher\" content=\"https:\/\/www.facebook.com\/IncadeMontero\" \/>\n<meta property=\"article:published_time\" content=\"2019-06-25T13:55:00+00:00\" \/>\n<meta property=\"article:modified_time\" content=\"2024-02-13T14:01:06+00:00\" \/>\n<meta property=\"og:image\" content=\"https:\/\/incadebolivia.com\/wp-content\/uploads\/2024\/02\/feria_guabira_1.jpg\" \/>\n\t<meta property=\"og:image:width\" content=\"620\" \/>\n\t<meta property=\"og:image:height\" content=\"465\" \/>\n\t<meta property=\"og:image:type\" content=\"image\/jpeg\" \/>\n<meta name=\"author\" content=\"INCADE\" \/>\n<meta name=\"twitter:card\" content=\"summary_large_image\" \/>\n<meta name=\"twitter:label1\" content=\"Escrito por\" \/>\n\t<meta name=\"twitter:data1\" content=\"INCADE\" \/>\n\t<meta name=\"twitter:label2\" content=\"Tiempo de lectura\" \/>\n\t<meta name=\"twitter:data2\" content=\"1 minuto\" \/>\n<script type=\"application\/ld+json\" class=\"yoast-schema-graph\">{\"@context\":\"https:\\\/\\\/schema.org\",\"@graph\":[{\"@type\":\"Article\",\"@id\":\"https:\\\/\\\/incadebolivia.com\\\/?p=282#article\",\"isPartOf\":{\"@id\":\"https:\\\/\\\/incadebolivia.com\\\/?p=282\"},\"author\":{\"name\":\"INCADE\",\"@id\":\"https:\\\/\\\/incadebolivia.com\\\/#\\\/schema\\\/person\\\/7c960bd9d6253dfb1820037a95b6ec50\"},\"headline\":\"Exitosa feria de alimentaci\u00f3n saludable en la unidad educativa Nacional Guabir\u00e1 2\",\"datePublished\":\"2019-06-25T13:55:00+00:00\",\"dateModified\":\"2024-02-13T14:01:06+00:00\",\"mainEntityOfPage\":{\"@id\":\"https:\\\/\\\/incadebolivia.com\\\/?p=282\"},\"wordCount\":279,\"commentCount\":0,\"publisher\":{\"@id\":\"https:\\\/\\\/incadebolivia.com\\\/#organization\"},\"image\":{\"@id\":\"https:\\\/\\\/incadebolivia.com\\\/?p=282#primaryimage\"},\"thumbnailUrl\":\"https:\\\/\\\/incadebolivia.com\\\/wp-content\\\/uploads\\\/2024\\\/02\\\/feria_guabira_1.jpg\",\"articleSection\":[\"Noticias\"],\"inLanguage\":\"es\",\"potentialAction\":[{\"@type\":\"CommentAction\",\"name\":\"Comment\",\"target\":[\"https:\\\/\\\/incadebolivia.com\\\/?p=282#respond\"]}]},{\"@type\":\"WebPage\",\"@id\":\"https:\\\/\\\/incadebolivia.com\\\/?p=282\",\"url\":\"https:\\\/\\\/incadebolivia.com\\\/?p=282\",\"name\":\"Exitosa feria de alimentaci\u00f3n saludable en la unidad educativa Nacional Guabir\u00e1 2 - INCADE\",\"isPartOf\":{\"@id\":\"https:\\\/\\\/incadebolivia.com\\\/#website\"},\"primaryImageOfPage\":{\"@id\":\"https:\\\/\\\/incadebolivia.com\\\/?p=282#primaryimage\"},\"image\":{\"@id\":\"https:\\\/\\\/incadebolivia.com\\\/?p=282#primaryimage\"},\"thumbnailUrl\":\"https:\\\/\\\/incadebolivia.com\\\/wp-content\\\/uploads\\\/2024\\\/02\\\/feria_guabira_1.jpg\",\"datePublished\":\"2019-06-25T13:55:00+00:00\",\"dateModified\":\"2024-02-13T14:01:06+00:00\",\"breadcrumb\":{\"@id\":\"https:\\\/\\\/incadebolivia.com\\\/?p=282#breadcrumb\"},\"inLanguage\":\"es\",\"potentialAction\":[{\"@type\":\"ReadAction\",\"target\":[\"https:\\\/\\\/incadebolivia.com\\\/?p=282\"]}]},{\"@type\":\"ImageObject\",\"inLanguage\":\"es\",\"@id\":\"https:\\\/\\\/incadebolivia.com\\\/?p=282#primaryimage\",\"url\":\"https:\\\/\\\/incadebolivia.com\\\/wp-content\\\/uploads\\\/2024\\\/02\\\/feria_guabira_1.jpg\",\"contentUrl\":\"https:\\\/\\\/incadebolivia.com\\\/wp-content\\\/uploads\\\/2024\\\/02\\\/feria_guabira_1.jpg\",\"width\":620,\"height\":465},{\"@type\":\"BreadcrumbList\",\"@id\":\"https:\\\/\\\/incadebolivia.com\\\/?p=282#breadcrumb\",\"itemListElement\":[{\"@type\":\"ListItem\",\"position\":1,\"name\":\"Portada\",\"item\":\"https:\\\/\\\/incadebolivia.com\\\/\"},{\"@type\":\"ListItem\",\"position\":2,\"name\":\"Exitosa feria de alimentaci\u00f3n saludable en la unidad educativa Nacional Guabir\u00e1 2\"}]},{\"@type\":\"WebSite\",\"@id\":\"https:\\\/\\\/incadebolivia.com\\\/#website\",\"url\":\"https:\\\/\\\/incadebolivia.com\\\/\",\"name\":\"INCADE\",\"description\":\"Instituto de Capacitaci\u00f3n para el Desarrollo\",\"publisher\":{\"@id\":\"https:\\\/\\\/incadebolivia.com\\\/#organization\"},\"potentialAction\":[{\"@type\":\"SearchAction\",\"target\":{\"@type\":\"EntryPoint\",\"urlTemplate\":\"https:\\\/\\\/incadebolivia.com\\\/?s={search_term_string}\"},\"query-input\":{\"@type\":\"PropertyValueSpecification\",\"valueRequired\":true,\"valueName\":\"search_term_string\"}}],\"inLanguage\":\"es\"},{\"@type\":\"Organization\",\"@id\":\"https:\\\/\\\/incadebolivia.com\\\/#organization\",\"name\":\"Instituto de Capacitaci\u00f3n para el Desarrollo\",\"url\":\"https:\\\/\\\/incadebolivia.com\\\/\",\"logo\":{\"@type\":\"ImageObject\",\"inLanguage\":\"es\",\"@id\":\"https:\\\/\\\/incadebolivia.com\\\/#\\\/schema\\\/logo\\\/image\\\/\",\"url\":\"https:\\\/\\\/incadebolivia.com\\\/wp-content\\\/uploads\\\/2025\\\/07\\\/ligo-inade.png\",\"contentUrl\":\"https:\\\/\\\/incadebolivia.com\\\/wp-content\\\/uploads\\\/2025\\\/07\\\/ligo-inade.png\",\"width\":430,\"height\":128,\"caption\":\"Instituto de Capacitaci\u00f3n para el Desarrollo\"},\"image\":{\"@id\":\"https:\\\/\\\/incadebolivia.com\\\/#\\\/schema\\\/logo\\\/image\\\/\"},\"sameAs\":[\"https:\\\/\\\/www.facebook.com\\\/IncadeMontero\"]},{\"@type\":\"Person\",\"@id\":\"https:\\\/\\\/incadebolivia.com\\\/#\\\/schema\\\/person\\\/7c960bd9d6253dfb1820037a95b6ec50\",\"name\":\"INCADE\",\"image\":{\"@type\":\"ImageObject\",\"inLanguage\":\"es\",\"@id\":\"https:\\\/\\\/secure.gravatar.com\\\/avatar\\\/bf27e9186df568254093afa216f887fece17605302c6ff12f3980422fffa52e6?s=96&d=mm&r=g\",\"url\":\"https:\\\/\\\/secure.gravatar.com\\\/avatar\\\/bf27e9186df568254093afa216f887fece17605302c6ff12f3980422fffa52e6?s=96&d=mm&r=g\",\"contentUrl\":\"https:\\\/\\\/secure.gravatar.com\\\/avatar\\\/bf27e9186df568254093afa216f887fece17605302c6ff12f3980422fffa52e6?s=96&d=mm&r=g\",\"caption\":\"INCADE\"},\"sameAs\":[\"https:\\\/\\\/incadebolivia.com\"],\"url\":\"https:\\\/\\\/incadebolivia.com\\\/?author=1\"}]}<\/script>\n<!-- \/ Yoast SEO plugin. -->","yoast_head_json":{"title":"Exitosa feria de alimentaci\u00f3n saludable en la unidad educativa Nacional Guabir\u00e1 2 - INCADE","robots":{"index":"index","follow":"follow","max-snippet":"max-snippet:-1","max-image-preview":"max-image-preview:large","max-video-preview":"max-video-preview:-1"},"canonical":"https:\/\/incadebolivia.com\/?p=282","og_locale":"es_ES","og_type":"article","og_title":"Exitosa feria de alimentaci\u00f3n saludable en la unidad educativa Nacional Guabir\u00e1 2 - INCADE","og_description":"La Unidad Educativa Nacional Guabir\u00e1 2 realiz\u00f3 su feria del Proyecto Socio Comunitario Productivo\u00a0(Una comunidad saludable: limpia y con buenos h\u00e1bitos alimenticios)\u00a0con la finalidad de compartir con la comunidad educativa todo lo aprendido en cuanto a la alimentaci\u00f3n saludable y el huerto escolar integral.","og_url":"https:\/\/incadebolivia.com\/?p=282","og_site_name":"INCADE","article_publisher":"https:\/\/www.facebook.com\/IncadeMontero","article_published_time":"2019-06-25T13:55:00+00:00","article_modified_time":"2024-02-13T14:01:06+00:00","og_image":[{"width":620,"height":465,"url":"https:\/\/incadebolivia.com\/wp-content\/uploads\/2024\/02\/feria_guabira_1.jpg","type":"image\/jpeg"}],"author":"INCADE","twitter_card":"summary_large_image","twitter_misc":{"Escrito por":"INCADE","Tiempo de lectura":"1 minuto"},"schema":{"@context":"https:\/\/schema.org","@graph":[{"@type":"Article","@id":"https:\/\/incadebolivia.com\/?p=282#article","isPartOf":{"@id":"https:\/\/incadebolivia.com\/?p=282"},"author":{"name":"INCADE","@id":"https:\/\/incadebolivia.com\/#\/schema\/person\/7c960bd9d6253dfb1820037a95b6ec50"},"headline":"Exitosa feria de alimentaci\u00f3n saludable en la unidad educativa Nacional Guabir\u00e1 2","datePublished":"2019-06-25T13:55:00+00:00","dateModified":"2024-02-13T14:01:06+00:00","mainEntityOfPage":{"@id":"https:\/\/incadebolivia.com\/?p=282"},"wordCount":279,"commentCount":0,"publisher":{"@id":"https:\/\/incadebolivia.com\/#organization"},"image":{"@id":"https:\/\/incadebolivia.com\/?p=282#primaryimage"},"thumbnailUrl":"https:\/\/incadebolivia.com\/wp-content\/uploads\/2024\/02\/feria_guabira_1.jpg","articleSection":["Noticias"],"inLanguage":"es","potentialAction":[{"@type":"CommentAction","name":"Comment","target":["https:\/\/incadebolivia.com\/?p=282#respond"]}]},{"@type":"WebPage","@id":"https:\/\/incadebolivia.com\/?p=282","url":"https:\/\/incadebolivia.com\/?p=282","name":"Exitosa feria de alimentaci\u00f3n saludable en la unidad educativa Nacional Guabir\u00e1 2 - INCADE","isPartOf":{"@id":"https:\/\/incadebolivia.com\/#website"},"primaryImageOfPage":{"@id":"https:\/\/incadebolivia.com\/?p=282#primaryimage"},"image":{"@id":"https:\/\/incadebolivia.com\/?p=282#primaryimage"},"thumbnailUrl":"https:\/\/incadebolivia.com\/wp-content\/uploads\/2024\/02\/feria_guabira_1.jpg","datePublished":"2019-06-25T13:55:00+00:00","dateModified":"2024-02-13T14:01:06+00:00","breadcrumb":{"@id":"https:\/\/incadebolivia.com\/?p=282#breadcrumb"},"inLanguage":"es","potentialAction":[{"@type":"ReadAction","target":["https:\/\/incadebolivia.com\/?p=282"]}]},{"@type":"ImageObject","inLanguage":"es","@id":"https:\/\/incadebolivia.com\/?p=282#primaryimage","url":"https:\/\/incadebolivia.com\/wp-content\/uploads\/2024\/02\/feria_guabira_1.jpg","contentUrl":"https:\/\/incadebolivia.com\/wp-content\/uploads\/2024\/02\/feria_guabira_1.jpg","width":620,"height":465},{"@type":"BreadcrumbList","@id":"https:\/\/incadebolivia.com\/?p=282#breadcrumb","itemListElement":[{"@type":"ListItem","position":1,"name":"Portada","item":"https:\/\/incadebolivia.com\/"},{"@type":"ListItem","position":2,"name":"Exitosa feria de alimentaci\u00f3n saludable en la unidad educativa Nacional Guabir\u00e1 2"}]},{"@type":"WebSite","@id":"https:\/\/incadebolivia.com\/#website","url":"https:\/\/incadebolivia.com\/","name":"INCADE","description":"Instituto de Capacitaci\u00f3n para el Desarrollo","publisher":{"@id":"https:\/\/incadebolivia.com\/#organization"},"potentialAction":[{"@type":"SearchAction","target":{"@type":"EntryPoint","urlTemplate":"https:\/\/incadebolivia.com\/?s={search_term_string}"},"query-input":{"@type":"PropertyValueSpecification","valueRequired":true,"valueName":"search_term_string"}}],"inLanguage":"es"},{"@type":"Organization","@id":"https:\/\/incadebolivia.com\/#organization","name":"Instituto de Capacitaci\u00f3n para el Desarrollo","url":"https:\/\/incadebolivia.com\/","logo":{"@type":"ImageObject","inLanguage":"es","@id":"https:\/\/incadebolivia.com\/#\/schema\/logo\/image\/","url":"https:\/\/incadebolivia.com\/wp-content\/uploads\/2025\/07\/ligo-inade.png","contentUrl":"https:\/\/incadebolivia.com\/wp-content\/uploads\/2025\/07\/ligo-inade.png","width":430,"height":128,"caption":"Instituto de Capacitaci\u00f3n para el Desarrollo"},"image":{"@id":"https:\/\/incadebolivia.com\/#\/schema\/logo\/image\/"},"sameAs":["https:\/\/www.facebook.com\/IncadeMontero"]},{"@type":"Person","@id":"https:\/\/incadebolivia.com\/#\/schema\/person\/7c960bd9d6253dfb1820037a95b6ec50","name":"INCADE","image":{"@type":"ImageObject","inLanguage":"es","@id":"https:\/\/secure.gravatar.com\/avatar\/bf27e9186df568254093afa216f887fece17605302c6ff12f3980422fffa52e6?s=96&d=mm&r=g","url":"https:\/\/secure.gravatar.com\/avatar\/bf27e9186df568254093afa216f887fece17605302c6ff12f3980422fffa52e6?s=96&d=mm&r=g","contentUrl":"https:\/\/secure.gravatar.com\/avatar\/bf27e9186df568254093afa216f887fece17605302c6ff12f3980422fffa52e6?s=96&d=mm&r=g","caption":"INCADE"},"sameAs":["https:\/\/incadebolivia.com"],"url":"https:\/\/incadebolivia.com\/?author=1"}]}},"_links":{"self":[{"href":"https:\/\/incadebolivia.com\/index.php?rest_route=\/wp\/v2\/posts\/282","targetHints":{"allow":["GET"]}}],"collection":[{"href":"https:\/\/incadebolivia.com\/index.php?rest_route=\/wp\/v2\/posts"}],"about":[{"href":"https:\/\/incadebolivia.com\/index.php?rest_route=\/wp\/v2\/types\/post"}],"author":[{"embeddable":true,"href":"https:\/\/incadebolivia.com\/index.php?rest_route=\/wp\/v2\/users\/1"}],"replies":[{"embeddable":true,"href":"https:\/\/incadebolivia.com\/index.php?rest_route=%2Fwp%2Fv2%2Fcomments&post=282"}],"version-history":[{"count":1,"href":"https:\/\/incadebolivia.com\/index.php?rest_route=\/wp\/v2\/posts\/282\/revisions"}],"predecessor-version":[{"id":290,"href":"https:\/\/incadebolivia.com\/index.php?rest_route=\/wp\/v2\/posts\/282\/revisions\/290"}],"wp:featuredmedia":[{"embeddable":true,"href":"https:\/\/incadebolivia.com\/index.php?rest_route=\/wp\/v2\/media\/283"}],"wp:attachment":[{"href":"https:\/\/incadebolivia.com\/index.php?rest_route=%2Fwp%2Fv2%2Fmedia&parent=282"}],"wp:term":[{"taxonomy":"category","embeddable":true,"href":"https:\/\/incadebolivia.com\/index.php?rest_route=%2Fwp%2Fv2%2Fcategories&post=282"},{"taxonomy":"post_tag","embeddable":true,"href":"https:\/\/incadebolivia.com\/index.php?rest_route=%2Fwp%2Fv2%2Ftags&post=282"}],"curies":[{"name":"wp","href":"https:\/\/api.w.org\/{rel}","templated":true}]}}