{"id":291,"date":"2019-06-28T10:04:00","date_gmt":"2019-06-28T14:04:00","guid":{"rendered":"https:\/\/incadebolivia.com\/?p=291"},"modified":"2024-02-13T11:20:19","modified_gmt":"2024-02-13T15:20:19","slug":"buena-nota-para-las-ferias-de-los-huertos-escolares-y-la-alimentacion-saludable","status":"publish","type":"post","link":"https:\/\/incadebolivia.com\/?p=291","title":{"rendered":"Buena nota para las ferias de los huertos escolares y la alimentaci\u00f3n saludable"},"content":{"rendered":"<div class=\"itemIntroText\">\n<p>En esta semana tres unidades educativas han presentado sus ferias del huerto escolar integral en busca de una mejor alimentaci\u00f3n; el martes pasado fueron los estudiantes de la UE Nacional Guabir\u00e1 2, que presentaron todo el proceso de producci\u00f3n en el huerto y la preparaci\u00f3n de alimentos sanos.<\/p>\n<\/div>\n<p><!--more--><\/p>\n<div class=\"itemFullText\">\n<p>El jueves los estudiantes de 4to, 5to y 6to de primaria de la UE Santa Mar\u00eda Mazzarello realizaron su exposici\u00f3n sobre como producir verduras y hortalizas sanas para una buena alimentaci\u00f3n.<\/p>\n<p>Los Estudiantes partieron del manejo adecuado de los residuos s\u00f3lidos, la separaci\u00f3n de la basura org\u00e1nica de la inorg\u00e1nica, con la org\u00e1nica se puede hacer compost que es un abono natural y que sirve para nutrir la tierra de nuestros jardines y nuestra huerta.<\/p>\n<p><img loading=\"lazy\" decoding=\"async\" class=\"size-full wp-image-293 aligncenter\" src=\"https:\/\/incadebolivia.com\/wp-content\/uploads\/2024\/02\/Mazzarello_1.jpg\" alt=\"\" width=\"620\" height=\"465\" srcset=\"https:\/\/incadebolivia.com\/wp-content\/uploads\/2024\/02\/Mazzarello_1.jpg 620w, https:\/\/incadebolivia.com\/wp-content\/uploads\/2024\/02\/Mazzarello_1-300x225.jpg 300w\" sizes=\"auto, (max-width: 620px) 100vw, 620px\" \/><\/p>\n<p>Luego la exposici\u00f3n del cultivo de verduras y hortalizas, con cuadros demostraron a los asistentes que se puede producir desde lechuga, tomates, zapallito y hasta perejil, solo recomendaron tener cuidado en el deshierbe, riego todos los d\u00edas y aporque de las plantas.<\/p>\n<p>Sin embargo, la explicaci\u00f3n de los estudiantes fue m\u00e1s all\u00e1, ya que comentaron con los asistentes las propiedades nutritivas y medicinales que tienen las verduras y hortalizas.<\/p>\n<p><img loading=\"lazy\" decoding=\"async\" class=\"size-full wp-image-294 aligncenter\" src=\"https:\/\/incadebolivia.com\/wp-content\/uploads\/2024\/02\/mazzarello_5.jpg\" alt=\"\" width=\"620\" height=\"465\" srcset=\"https:\/\/incadebolivia.com\/wp-content\/uploads\/2024\/02\/mazzarello_5.jpg 620w, https:\/\/incadebolivia.com\/wp-content\/uploads\/2024\/02\/mazzarello_5-300x225.jpg 300w\" sizes=\"auto, (max-width: 620px) 100vw, 620px\" \/><\/p>\n<p>Otra feria importante del huerto y la alimentaci\u00f3n saludable se realiz\u00f3 en la UE Nuevo Milenio que se encuentra en el barrio 27 de Agosto del distrito 3, en la oportunidad los alumnos de secundaria realizaron una exposici\u00f3n de deliciosos platos elaborados con las verduras y hortalizas gracias a la cosecha realizada en pasados d\u00edas en su huerto escolar.<\/p>\n<p><img loading=\"lazy\" decoding=\"async\" class=\"size-full wp-image-295 aligncenter\" src=\"https:\/\/incadebolivia.com\/wp-content\/uploads\/2024\/02\/milenio_1.jpg\" alt=\"\" width=\"620\" height=\"465\" srcset=\"https:\/\/incadebolivia.com\/wp-content\/uploads\/2024\/02\/milenio_1.jpg 620w, https:\/\/incadebolivia.com\/wp-content\/uploads\/2024\/02\/milenio_1-300x225.jpg 300w\" sizes=\"auto, (max-width: 620px) 100vw, 620px\" \/><\/p>\n<p>Mantequilla de ajo y perejil, espaguetis a la bolo\u00f1esa, salteado zapallo y una variedad de ensaladas fueron las delicias que presentaron a los asistentes.<\/p>\n<p>El com\u00fan denominador de estas tres ferias fue \u201cLa Alimentaci\u00f3n Saludable\u201d los estudiantes est\u00e1n convencidos de que si es posible producir verduras y hortalizas sanas, que sirven para elaborar deliciosos platos para la alimentaci\u00f3n y nutrici\u00f3n de la familia.<\/p>\n<\/div>\n\n\n<figure class=\"wp-block-gallery has-nested-images columns-default is-cropped wp-block-gallery-1 is-layout-flex wp-block-gallery-is-layout-flex\">\n<figure class=\"wp-block-image size-large\"><img loading=\"lazy\" decoding=\"async\" width=\"620\" height=\"465\" data-id=\"296\" src=\"https:\/\/incadebolivia.com\/wp-content\/uploads\/2024\/02\/milenio_5.jpg\" alt=\"\" class=\"wp-image-296\" srcset=\"https:\/\/incadebolivia.com\/wp-content\/uploads\/2024\/02\/milenio_5.jpg 620w, https:\/\/incadebolivia.com\/wp-content\/uploads\/2024\/02\/milenio_5-300x225.jpg 300w\" sizes=\"auto, (max-width: 620px) 100vw, 620px\" \/><\/figure>\n\n\n\n<figure class=\"wp-block-image size-large\"><img loading=\"lazy\" decoding=\"async\" width=\"620\" height=\"465\" data-id=\"298\" src=\"https:\/\/incadebolivia.com\/wp-content\/uploads\/2024\/02\/milenio_3.jpg\" alt=\"\" class=\"wp-image-298\" srcset=\"https:\/\/incadebolivia.com\/wp-content\/uploads\/2024\/02\/milenio_3.jpg 620w, https:\/\/incadebolivia.com\/wp-content\/uploads\/2024\/02\/milenio_3-300x225.jpg 300w\" sizes=\"auto, (max-width: 620px) 100vw, 620px\" \/><\/figure>\n\n\n\n<figure class=\"wp-block-image size-large\"><img loading=\"lazy\" decoding=\"async\" width=\"620\" height=\"465\" data-id=\"297\" src=\"https:\/\/incadebolivia.com\/wp-content\/uploads\/2024\/02\/milenio_2.jpg\" alt=\"\" class=\"wp-image-297\" srcset=\"https:\/\/incadebolivia.com\/wp-content\/uploads\/2024\/02\/milenio_2.jpg 620w, https:\/\/incadebolivia.com\/wp-content\/uploads\/2024\/02\/milenio_2-300x225.jpg 300w\" sizes=\"auto, (max-width: 620px) 100vw, 620px\" \/><\/figure>\n<\/figure>\n<div style=\"margin-top: 0px; margin-bottom: 0px;\" class=\"sharethis-inline-reaction-buttons\" ><\/div>","protected":false},"excerpt":{"rendered":"<p>En esta semana tres unidades educativas han presentado sus ferias del huerto escolar integral en busca de una mejor alimentaci\u00f3n; el martes pasado fueron los estudiantes de la UE Nacional Guabir\u00e1 2, que presentaron todo el proceso de producci\u00f3n en el huerto y la preparaci\u00f3n de alimentos sanos.<\/p>\n","protected":false},"author":1,"featured_media":292,"comment_status":"open","ping_status":"open","sticky":false,"template":"","format":"standard","meta":{"footnotes":""},"categories":[25],"tags":[],"class_list":["post-291","post","type-post","status-publish","format-standard","has-post-thumbnail","hentry","category-noticias"],"yoast_head":"<!-- This site is optimized with the Yoast SEO plugin v27.4 - https:\/\/yoast.com\/product\/yoast-seo-wordpress\/ -->\n<title>Buena nota para las ferias de los huertos escolares y la alimentaci\u00f3n saludable - INCADE<\/title>\n<meta name=\"robots\" content=\"index, follow, max-snippet:-1, max-image-preview:large, max-video-preview:-1\" \/>\n<link rel=\"canonical\" href=\"https:\/\/incadebolivia.com\/?p=291\" \/>\n<meta property=\"og:locale\" content=\"es_ES\" \/>\n<meta property=\"og:type\" content=\"article\" \/>\n<meta property=\"og:title\" content=\"Buena nota para las ferias de los huertos escolares y la alimentaci\u00f3n saludable - INCADE\" \/>\n<meta property=\"og:description\" content=\"En esta semana tres unidades educativas han presentado sus ferias del huerto escolar integral en busca de una mejor alimentaci\u00f3n; el martes pasado fueron los estudiantes de la UE Nacional Guabir\u00e1 2, que presentaron todo el proceso de producci\u00f3n en el huerto y la preparaci\u00f3n de alimentos sanos.\" \/>\n<meta property=\"og:url\" content=\"https:\/\/incadebolivia.com\/?p=291\" \/>\n<meta property=\"og:site_name\" content=\"INCADE\" \/>\n<meta property=\"article:publisher\" content=\"https:\/\/www.facebook.com\/IncadeMontero\" \/>\n<meta property=\"article:published_time\" content=\"2019-06-28T14:04:00+00:00\" \/>\n<meta property=\"article:modified_time\" content=\"2024-02-13T15:20:19+00:00\" \/>\n<meta property=\"og:image\" content=\"https:\/\/incadebolivia.com\/wp-content\/uploads\/2024\/02\/mazzarello_3.jpg\" \/>\n\t<meta property=\"og:image:width\" content=\"620\" \/>\n\t<meta property=\"og:image:height\" content=\"465\" \/>\n\t<meta property=\"og:image:type\" content=\"image\/jpeg\" \/>\n<meta name=\"author\" content=\"INCADE\" \/>\n<meta name=\"twitter:card\" content=\"summary_large_image\" \/>\n<meta name=\"twitter:label1\" content=\"Escrito por\" \/>\n\t<meta name=\"twitter:data1\" content=\"INCADE\" \/>\n\t<meta name=\"twitter:label2\" content=\"Tiempo de lectura\" \/>\n\t<meta name=\"twitter:data2\" content=\"2 minutos\" \/>\n<script type=\"application\/ld+json\" class=\"yoast-schema-graph\">{\"@context\":\"https:\\\/\\\/schema.org\",\"@graph\":[{\"@type\":\"Article\",\"@id\":\"https:\\\/\\\/incadebolivia.com\\\/?p=291#article\",\"isPartOf\":{\"@id\":\"https:\\\/\\\/incadebolivia.com\\\/?p=291\"},\"author\":{\"name\":\"INCADE\",\"@id\":\"https:\\\/\\\/incadebolivia.com\\\/#\\\/schema\\\/person\\\/7c960bd9d6253dfb1820037a95b6ec50\"},\"headline\":\"Buena nota para las ferias de los huertos escolares y la alimentaci\u00f3n saludable\",\"datePublished\":\"2019-06-28T14:04:00+00:00\",\"dateModified\":\"2024-02-13T15:20:19+00:00\",\"mainEntityOfPage\":{\"@id\":\"https:\\\/\\\/incadebolivia.com\\\/?p=291\"},\"wordCount\":349,\"commentCount\":0,\"publisher\":{\"@id\":\"https:\\\/\\\/incadebolivia.com\\\/#organization\"},\"image\":{\"@id\":\"https:\\\/\\\/incadebolivia.com\\\/?p=291#primaryimage\"},\"thumbnailUrl\":\"https:\\\/\\\/incadebolivia.com\\\/wp-content\\\/uploads\\\/2024\\\/02\\\/mazzarello_3.jpg\",\"articleSection\":[\"Noticias\"],\"inLanguage\":\"es\",\"potentialAction\":[{\"@type\":\"CommentAction\",\"name\":\"Comment\",\"target\":[\"https:\\\/\\\/incadebolivia.com\\\/?p=291#respond\"]}]},{\"@type\":\"WebPage\",\"@id\":\"https:\\\/\\\/incadebolivia.com\\\/?p=291\",\"url\":\"https:\\\/\\\/incadebolivia.com\\\/?p=291\",\"name\":\"Buena nota para las ferias de los huertos escolares y la alimentaci\u00f3n saludable - INCADE\",\"isPartOf\":{\"@id\":\"https:\\\/\\\/incadebolivia.com\\\/#website\"},\"primaryImageOfPage\":{\"@id\":\"https:\\\/\\\/incadebolivia.com\\\/?p=291#primaryimage\"},\"image\":{\"@id\":\"https:\\\/\\\/incadebolivia.com\\\/?p=291#primaryimage\"},\"thumbnailUrl\":\"https:\\\/\\\/incadebolivia.com\\\/wp-content\\\/uploads\\\/2024\\\/02\\\/mazzarello_3.jpg\",\"datePublished\":\"2019-06-28T14:04:00+00:00\",\"dateModified\":\"2024-02-13T15:20:19+00:00\",\"breadcrumb\":{\"@id\":\"https:\\\/\\\/incadebolivia.com\\\/?p=291#breadcrumb\"},\"inLanguage\":\"es\",\"potentialAction\":[{\"@type\":\"ReadAction\",\"target\":[\"https:\\\/\\\/incadebolivia.com\\\/?p=291\"]}]},{\"@type\":\"ImageObject\",\"inLanguage\":\"es\",\"@id\":\"https:\\\/\\\/incadebolivia.com\\\/?p=291#primaryimage\",\"url\":\"https:\\\/\\\/incadebolivia.com\\\/wp-content\\\/uploads\\\/2024\\\/02\\\/mazzarello_3.jpg\",\"contentUrl\":\"https:\\\/\\\/incadebolivia.com\\\/wp-content\\\/uploads\\\/2024\\\/02\\\/mazzarello_3.jpg\",\"width\":620,\"height\":465},{\"@type\":\"BreadcrumbList\",\"@id\":\"https:\\\/\\\/incadebolivia.com\\\/?p=291#breadcrumb\",\"itemListElement\":[{\"@type\":\"ListItem\",\"position\":1,\"name\":\"Portada\",\"item\":\"https:\\\/\\\/incadebolivia.com\\\/\"},{\"@type\":\"ListItem\",\"position\":2,\"name\":\"Buena nota para las ferias de los huertos escolares y la alimentaci\u00f3n saludable\"}]},{\"@type\":\"WebSite\",\"@id\":\"https:\\\/\\\/incadebolivia.com\\\/#website\",\"url\":\"https:\\\/\\\/incadebolivia.com\\\/\",\"name\":\"INCADE\",\"description\":\"Instituto de Capacitaci\u00f3n para el Desarrollo\",\"publisher\":{\"@id\":\"https:\\\/\\\/incadebolivia.com\\\/#organization\"},\"potentialAction\":[{\"@type\":\"SearchAction\",\"target\":{\"@type\":\"EntryPoint\",\"urlTemplate\":\"https:\\\/\\\/incadebolivia.com\\\/?s={search_term_string}\"},\"query-input\":{\"@type\":\"PropertyValueSpecification\",\"valueRequired\":true,\"valueName\":\"search_term_string\"}}],\"inLanguage\":\"es\"},{\"@type\":\"Organization\",\"@id\":\"https:\\\/\\\/incadebolivia.com\\\/#organization\",\"name\":\"Instituto de Capacitaci\u00f3n para el Desarrollo\",\"url\":\"https:\\\/\\\/incadebolivia.com\\\/\",\"logo\":{\"@type\":\"ImageObject\",\"inLanguage\":\"es\",\"@id\":\"https:\\\/\\\/incadebolivia.com\\\/#\\\/schema\\\/logo\\\/image\\\/\",\"url\":\"https:\\\/\\\/incadebolivia.com\\\/wp-content\\\/uploads\\\/2025\\\/07\\\/ligo-inade.png\",\"contentUrl\":\"https:\\\/\\\/incadebolivia.com\\\/wp-content\\\/uploads\\\/2025\\\/07\\\/ligo-inade.png\",\"width\":430,\"height\":128,\"caption\":\"Instituto de Capacitaci\u00f3n para el Desarrollo\"},\"image\":{\"@id\":\"https:\\\/\\\/incadebolivia.com\\\/#\\\/schema\\\/logo\\\/image\\\/\"},\"sameAs\":[\"https:\\\/\\\/www.facebook.com\\\/IncadeMontero\"]},{\"@type\":\"Person\",\"@id\":\"https:\\\/\\\/incadebolivia.com\\\/#\\\/schema\\\/person\\\/7c960bd9d6253dfb1820037a95b6ec50\",\"name\":\"INCADE\",\"image\":{\"@type\":\"ImageObject\",\"inLanguage\":\"es\",\"@id\":\"https:\\\/\\\/secure.gravatar.com\\\/avatar\\\/bf27e9186df568254093afa216f887fece17605302c6ff12f3980422fffa52e6?s=96&d=mm&r=g\",\"url\":\"https:\\\/\\\/secure.gravatar.com\\\/avatar\\\/bf27e9186df568254093afa216f887fece17605302c6ff12f3980422fffa52e6?s=96&d=mm&r=g\",\"contentUrl\":\"https:\\\/\\\/secure.gravatar.com\\\/avatar\\\/bf27e9186df568254093afa216f887fece17605302c6ff12f3980422fffa52e6?s=96&d=mm&r=g\",\"caption\":\"INCADE\"},\"sameAs\":[\"https:\\\/\\\/incadebolivia.com\"],\"url\":\"https:\\\/\\\/incadebolivia.com\\\/?author=1\"}]}<\/script>\n<!-- \/ Yoast SEO plugin. -->","yoast_head_json":{"title":"Buena nota para las ferias de los huertos escolares y la alimentaci\u00f3n saludable - INCADE","robots":{"index":"index","follow":"follow","max-snippet":"max-snippet:-1","max-image-preview":"max-image-preview:large","max-video-preview":"max-video-preview:-1"},"canonical":"https:\/\/incadebolivia.com\/?p=291","og_locale":"es_ES","og_type":"article","og_title":"Buena nota para las ferias de los huertos escolares y la alimentaci\u00f3n saludable - INCADE","og_description":"En esta semana tres unidades educativas han presentado sus ferias del huerto escolar integral en busca de una mejor alimentaci\u00f3n; el martes pasado fueron los estudiantes de la UE Nacional Guabir\u00e1 2, que presentaron todo el proceso de producci\u00f3n en el huerto y la preparaci\u00f3n de alimentos sanos.","og_url":"https:\/\/incadebolivia.com\/?p=291","og_site_name":"INCADE","article_publisher":"https:\/\/www.facebook.com\/IncadeMontero","article_published_time":"2019-06-28T14:04:00+00:00","article_modified_time":"2024-02-13T15:20:19+00:00","og_image":[{"width":620,"height":465,"url":"https:\/\/incadebolivia.com\/wp-content\/uploads\/2024\/02\/mazzarello_3.jpg","type":"image\/jpeg"}],"author":"INCADE","twitter_card":"summary_large_image","twitter_misc":{"Escrito por":"INCADE","Tiempo de lectura":"2 minutos"},"schema":{"@context":"https:\/\/schema.org","@graph":[{"@type":"Article","@id":"https:\/\/incadebolivia.com\/?p=291#article","isPartOf":{"@id":"https:\/\/incadebolivia.com\/?p=291"},"author":{"name":"INCADE","@id":"https:\/\/incadebolivia.com\/#\/schema\/person\/7c960bd9d6253dfb1820037a95b6ec50"},"headline":"Buena nota para las ferias de los huertos escolares y la alimentaci\u00f3n saludable","datePublished":"2019-06-28T14:04:00+00:00","dateModified":"2024-02-13T15:20:19+00:00","mainEntityOfPage":{"@id":"https:\/\/incadebolivia.com\/?p=291"},"wordCount":349,"commentCount":0,"publisher":{"@id":"https:\/\/incadebolivia.com\/#organization"},"image":{"@id":"https:\/\/incadebolivia.com\/?p=291#primaryimage"},"thumbnailUrl":"https:\/\/incadebolivia.com\/wp-content\/uploads\/2024\/02\/mazzarello_3.jpg","articleSection":["Noticias"],"inLanguage":"es","potentialAction":[{"@type":"CommentAction","name":"Comment","target":["https:\/\/incadebolivia.com\/?p=291#respond"]}]},{"@type":"WebPage","@id":"https:\/\/incadebolivia.com\/?p=291","url":"https:\/\/incadebolivia.com\/?p=291","name":"Buena nota para las ferias de los huertos escolares y la alimentaci\u00f3n saludable - INCADE","isPartOf":{"@id":"https:\/\/incadebolivia.com\/#website"},"primaryImageOfPage":{"@id":"https:\/\/incadebolivia.com\/?p=291#primaryimage"},"image":{"@id":"https:\/\/incadebolivia.com\/?p=291#primaryimage"},"thumbnailUrl":"https:\/\/incadebolivia.com\/wp-content\/uploads\/2024\/02\/mazzarello_3.jpg","datePublished":"2019-06-28T14:04:00+00:00","dateModified":"2024-02-13T15:20:19+00:00","breadcrumb":{"@id":"https:\/\/incadebolivia.com\/?p=291#breadcrumb"},"inLanguage":"es","potentialAction":[{"@type":"ReadAction","target":["https:\/\/incadebolivia.com\/?p=291"]}]},{"@type":"ImageObject","inLanguage":"es","@id":"https:\/\/incadebolivia.com\/?p=291#primaryimage","url":"https:\/\/incadebolivia.com\/wp-content\/uploads\/2024\/02\/mazzarello_3.jpg","contentUrl":"https:\/\/incadebolivia.com\/wp-content\/uploads\/2024\/02\/mazzarello_3.jpg","width":620,"height":465},{"@type":"BreadcrumbList","@id":"https:\/\/incadebolivia.com\/?p=291#breadcrumb","itemListElement":[{"@type":"ListItem","position":1,"name":"Portada","item":"https:\/\/incadebolivia.com\/"},{"@type":"ListItem","position":2,"name":"Buena nota para las ferias de los huertos escolares y la alimentaci\u00f3n saludable"}]},{"@type":"WebSite","@id":"https:\/\/incadebolivia.com\/#website","url":"https:\/\/incadebolivia.com\/","name":"INCADE","description":"Instituto de Capacitaci\u00f3n para el Desarrollo","publisher":{"@id":"https:\/\/incadebolivia.com\/#organization"},"potentialAction":[{"@type":"SearchAction","target":{"@type":"EntryPoint","urlTemplate":"https:\/\/incadebolivia.com\/?s={search_term_string}"},"query-input":{"@type":"PropertyValueSpecification","valueRequired":true,"valueName":"search_term_string"}}],"inLanguage":"es"},{"@type":"Organization","@id":"https:\/\/incadebolivia.com\/#organization","name":"Instituto de Capacitaci\u00f3n para el Desarrollo","url":"https:\/\/incadebolivia.com\/","logo":{"@type":"ImageObject","inLanguage":"es","@id":"https:\/\/incadebolivia.com\/#\/schema\/logo\/image\/","url":"https:\/\/incadebolivia.com\/wp-content\/uploads\/2025\/07\/ligo-inade.png","contentUrl":"https:\/\/incadebolivia.com\/wp-content\/uploads\/2025\/07\/ligo-inade.png","width":430,"height":128,"caption":"Instituto de Capacitaci\u00f3n para el Desarrollo"},"image":{"@id":"https:\/\/incadebolivia.com\/#\/schema\/logo\/image\/"},"sameAs":["https:\/\/www.facebook.com\/IncadeMontero"]},{"@type":"Person","@id":"https:\/\/incadebolivia.com\/#\/schema\/person\/7c960bd9d6253dfb1820037a95b6ec50","name":"INCADE","image":{"@type":"ImageObject","inLanguage":"es","@id":"https:\/\/secure.gravatar.com\/avatar\/bf27e9186df568254093afa216f887fece17605302c6ff12f3980422fffa52e6?s=96&d=mm&r=g","url":"https:\/\/secure.gravatar.com\/avatar\/bf27e9186df568254093afa216f887fece17605302c6ff12f3980422fffa52e6?s=96&d=mm&r=g","contentUrl":"https:\/\/secure.gravatar.com\/avatar\/bf27e9186df568254093afa216f887fece17605302c6ff12f3980422fffa52e6?s=96&d=mm&r=g","caption":"INCADE"},"sameAs":["https:\/\/incadebolivia.com"],"url":"https:\/\/incadebolivia.com\/?author=1"}]}},"_links":{"self":[{"href":"https:\/\/incadebolivia.com\/index.php?rest_route=\/wp\/v2\/posts\/291","targetHints":{"allow":["GET"]}}],"collection":[{"href":"https:\/\/incadebolivia.com\/index.php?rest_route=\/wp\/v2\/posts"}],"about":[{"href":"https:\/\/incadebolivia.com\/index.php?rest_route=\/wp\/v2\/types\/post"}],"author":[{"embeddable":true,"href":"https:\/\/incadebolivia.com\/index.php?rest_route=\/wp\/v2\/users\/1"}],"replies":[{"embeddable":true,"href":"https:\/\/incadebolivia.com\/index.php?rest_route=%2Fwp%2Fv2%2Fcomments&post=291"}],"version-history":[{"count":1,"href":"https:\/\/incadebolivia.com\/index.php?rest_route=\/wp\/v2\/posts\/291\/revisions"}],"predecessor-version":[{"id":299,"href":"https:\/\/incadebolivia.com\/index.php?rest_route=\/wp\/v2\/posts\/291\/revisions\/299"}],"wp:featuredmedia":[{"embeddable":true,"href":"https:\/\/incadebolivia.com\/index.php?rest_route=\/wp\/v2\/media\/292"}],"wp:attachment":[{"href":"https:\/\/incadebolivia.com\/index.php?rest_route=%2Fwp%2Fv2%2Fmedia&parent=291"}],"wp:term":[{"taxonomy":"category","embeddable":true,"href":"https:\/\/incadebolivia.com\/index.php?rest_route=%2Fwp%2Fv2%2Fcategories&post=291"},{"taxonomy":"post_tag","embeddable":true,"href":"https:\/\/incadebolivia.com\/index.php?rest_route=%2Fwp%2Fv2%2Ftags&post=291"}],"curies":[{"name":"wp","href":"https:\/\/api.w.org\/{rel}","templated":true}]}}