{"id":309,"date":"2019-10-07T11:29:00","date_gmt":"2019-10-07T15:29:00","guid":{"rendered":"https:\/\/incadebolivia.com\/?p=309"},"modified":"2024-02-13T11:39:45","modified_gmt":"2024-02-13T15:39:45","slug":"embellecimiento-de-las-unidades-educativas-fue-el-concurso-realizado-en-el-distrito-1","status":"publish","type":"post","link":"https:\/\/incadebolivia.com\/?p=309","title":{"rendered":"Embellecimiento de las Unidades Educativas fue el concurso realizado en el distrito 1"},"content":{"rendered":"<div class=\"itemIntroText\">\n<p>En pasados d\u00edas en el distrito 1 zona de Guabir\u00e1 se realiz\u00f3 el concurso \u201cEmbellecimiento de las Unidades Educativas\u201d en el marco del proyecto socio comunitario productivo PSP denominado \u201cYo cuido mi colegio y me alimento saludablemente \u00bfy t\u00fa?\u201d.<\/p>\n<\/div>\n<div class=\"itemFullText\">\n<p>El concurso consisti\u00f3 en realizar trabajos de ornamentaci\u00f3n haciendo \u00e9nfasis en la reutilizaci\u00f3n de basura inorg\u00e1nica como llantas, botellas, maderas, cartones y tejas quebradas en desuso.<\/p>\n<p>Del concurso participaron 10 unidades educativas que volcaron todo su esfuerzo en el embellecimiento de su establecimiento; en un trabajo conjunto entre director, profesores, estudiantes y padres de familia lograron darle un cambio est\u00e9tico al lugar que diariamente frecuentan para la educaci\u00f3n de los alumnos.<\/p>\n<p>El concurso tuvo un ganador y fue la unidad educativa Germ\u00e1n Bush nivel primario, en segundo lugar, qued\u00f3 la UE Nacional Guabir\u00e1 2 y el tercer lugar fue para Nacional Guabir\u00e1 1.<\/p>\n<p>El concurso \u201cEmbellecimiento de las Unidades Educativas\u201d fue organizado y financiado por el PADEM con el apoyo de la sub alcald\u00eda del distrito 1, El Comit\u00e9 de Gesti\u00f3n Educativa D1, Control Social, Concejo Municipal e INCADE.<\/p>\n<\/div>\n\n\n<figure class=\"wp-block-gallery has-nested-images columns-default is-cropped wp-block-gallery-1 is-layout-flex wp-block-gallery-is-layout-flex\">\n<figure class=\"wp-block-image size-large\"><img loading=\"lazy\" decoding=\"async\" width=\"620\" height=\"349\" data-id=\"312\" src=\"https:\/\/incadebolivia.com\/wp-content\/uploads\/2024\/02\/GERMAN_BUSH-1.jpg\" alt=\"\" class=\"wp-image-312\" srcset=\"https:\/\/incadebolivia.com\/wp-content\/uploads\/2024\/02\/GERMAN_BUSH-1.jpg 620w, https:\/\/incadebolivia.com\/wp-content\/uploads\/2024\/02\/GERMAN_BUSH-1-300x169.jpg 300w\" sizes=\"auto, (max-width: 620px) 100vw, 620px\" \/><figcaption class=\"wp-element-caption\"><strong>&nbsp;1er Lugar:&nbsp; UE Germ\u00e1n Bush&nbsp;(primaria)<\/strong><\/figcaption><\/figure>\n\n\n\n<figure class=\"wp-block-image size-large\"><img loading=\"lazy\" decoding=\"async\" width=\"620\" height=\"349\" data-id=\"313\" src=\"https:\/\/incadebolivia.com\/wp-content\/uploads\/2024\/02\/NAL_GUABIRA_2.jpg\" alt=\"\" class=\"wp-image-313\" srcset=\"https:\/\/incadebolivia.com\/wp-content\/uploads\/2024\/02\/NAL_GUABIRA_2.jpg 620w, https:\/\/incadebolivia.com\/wp-content\/uploads\/2024\/02\/NAL_GUABIRA_2-300x169.jpg 300w\" sizes=\"auto, (max-width: 620px) 100vw, 620px\" \/><figcaption class=\"wp-element-caption\"><strong>2do Lugar: UE Nacional Guabir\u00e1 2 (secundaria)<\/strong><\/figcaption><\/figure>\n\n\n\n<figure class=\"wp-block-image size-full\"><img loading=\"lazy\" decoding=\"async\" width=\"620\" height=\"349\" data-id=\"311\" src=\"https:\/\/incadebolivia.com\/wp-content\/uploads\/2024\/02\/NAL_GUABIRA_1.jpg\" alt=\"\" class=\"wp-image-311\" srcset=\"https:\/\/incadebolivia.com\/wp-content\/uploads\/2024\/02\/NAL_GUABIRA_1.jpg 620w, https:\/\/incadebolivia.com\/wp-content\/uploads\/2024\/02\/NAL_GUABIRA_1-300x169.jpg 300w\" sizes=\"auto, (max-width: 620px) 100vw, 620px\" \/><figcaption class=\"wp-element-caption\"><strong>3er Lugar: Nacional Guabir\u00e1&nbsp;1 (primaria)<\/strong><\/figcaption><\/figure>\n<\/figure>\n<div style=\"margin-top: 0px; margin-bottom: 0px;\" class=\"sharethis-inline-reaction-buttons\" ><\/div>","protected":false},"excerpt":{"rendered":"<p>En pasados d\u00edas en el distrito 1 zona de Guabir\u00e1 se realiz\u00f3 el concurso \u201cEmbellecimiento de las Unidades Educativas\u201d en el marco del proyecto socio comunitario productivo PSP denominado \u201cYo cuido mi colegio y me alimento saludablemente \u00bfy t\u00fa?\u201d. El concurso consisti\u00f3 en realizar trabajos de ornamentaci\u00f3n haciendo \u00e9nfasis en la reutilizaci\u00f3n de basura inorg\u00e1nica [&hellip;]<\/p>\n","protected":false},"author":1,"featured_media":310,"comment_status":"open","ping_status":"open","sticky":false,"template":"","format":"standard","meta":{"footnotes":""},"categories":[25],"tags":[],"class_list":["post-309","post","type-post","status-publish","format-standard","has-post-thumbnail","hentry","category-noticias"],"yoast_head":"<!-- This site is optimized with the Yoast SEO plugin v27.4 - https:\/\/yoast.com\/product\/yoast-seo-wordpress\/ -->\n<title>Embellecimiento de las Unidades Educativas fue el concurso realizado en el distrito 1 - INCADE<\/title>\n<meta name=\"robots\" content=\"index, follow, max-snippet:-1, max-image-preview:large, max-video-preview:-1\" \/>\n<link rel=\"canonical\" href=\"https:\/\/incadebolivia.com\/?p=309\" \/>\n<meta property=\"og:locale\" content=\"es_ES\" \/>\n<meta property=\"og:type\" content=\"article\" \/>\n<meta property=\"og:title\" content=\"Embellecimiento de las Unidades Educativas fue el concurso realizado en el distrito 1 - INCADE\" \/>\n<meta property=\"og:description\" content=\"En pasados d\u00edas en el distrito 1 zona de Guabir\u00e1 se realiz\u00f3 el concurso \u201cEmbellecimiento de las Unidades Educativas\u201d en el marco del proyecto socio comunitario productivo PSP denominado \u201cYo cuido mi colegio y me alimento saludablemente \u00bfy t\u00fa?\u201d. El concurso consisti\u00f3 en realizar trabajos de ornamentaci\u00f3n haciendo \u00e9nfasis en la reutilizaci\u00f3n de basura inorg\u00e1nica [&hellip;]\" \/>\n<meta property=\"og:url\" content=\"https:\/\/incadebolivia.com\/?p=309\" \/>\n<meta property=\"og:site_name\" content=\"INCADE\" \/>\n<meta property=\"article:publisher\" content=\"https:\/\/www.facebook.com\/IncadeMontero\" \/>\n<meta property=\"article:published_time\" content=\"2019-10-07T15:29:00+00:00\" \/>\n<meta property=\"article:modified_time\" content=\"2024-02-13T15:39:45+00:00\" \/>\n<meta property=\"og:image\" content=\"https:\/\/incadebolivia.com\/wp-content\/uploads\/2024\/02\/GERMAN_BUSH.jpg\" \/>\n\t<meta property=\"og:image:width\" content=\"620\" \/>\n\t<meta property=\"og:image:height\" content=\"349\" \/>\n\t<meta property=\"og:image:type\" content=\"image\/jpeg\" \/>\n<meta name=\"author\" content=\"INCADE\" \/>\n<meta name=\"twitter:card\" content=\"summary_large_image\" \/>\n<meta name=\"twitter:label1\" content=\"Escrito por\" \/>\n\t<meta name=\"twitter:data1\" content=\"INCADE\" \/>\n\t<meta name=\"twitter:label2\" content=\"Tiempo de lectura\" \/>\n\t<meta name=\"twitter:data2\" content=\"1 minuto\" \/>\n<script type=\"application\/ld+json\" class=\"yoast-schema-graph\">{\"@context\":\"https:\\\/\\\/schema.org\",\"@graph\":[{\"@type\":\"Article\",\"@id\":\"https:\\\/\\\/incadebolivia.com\\\/?p=309#article\",\"isPartOf\":{\"@id\":\"https:\\\/\\\/incadebolivia.com\\\/?p=309\"},\"author\":{\"name\":\"INCADE\",\"@id\":\"https:\\\/\\\/incadebolivia.com\\\/#\\\/schema\\\/person\\\/7c960bd9d6253dfb1820037a95b6ec50\"},\"headline\":\"Embellecimiento de las Unidades Educativas fue el concurso realizado en el distrito 1\",\"datePublished\":\"2019-10-07T15:29:00+00:00\",\"dateModified\":\"2024-02-13T15:39:45+00:00\",\"mainEntityOfPage\":{\"@id\":\"https:\\\/\\\/incadebolivia.com\\\/?p=309\"},\"wordCount\":216,\"commentCount\":0,\"publisher\":{\"@id\":\"https:\\\/\\\/incadebolivia.com\\\/#organization\"},\"image\":{\"@id\":\"https:\\\/\\\/incadebolivia.com\\\/?p=309#primaryimage\"},\"thumbnailUrl\":\"https:\\\/\\\/incadebolivia.com\\\/wp-content\\\/uploads\\\/2024\\\/02\\\/GERMAN_BUSH.jpg\",\"articleSection\":[\"Noticias\"],\"inLanguage\":\"es\",\"potentialAction\":[{\"@type\":\"CommentAction\",\"name\":\"Comment\",\"target\":[\"https:\\\/\\\/incadebolivia.com\\\/?p=309#respond\"]}]},{\"@type\":\"WebPage\",\"@id\":\"https:\\\/\\\/incadebolivia.com\\\/?p=309\",\"url\":\"https:\\\/\\\/incadebolivia.com\\\/?p=309\",\"name\":\"Embellecimiento de las Unidades Educativas fue el concurso realizado en el distrito 1 - INCADE\",\"isPartOf\":{\"@id\":\"https:\\\/\\\/incadebolivia.com\\\/#website\"},\"primaryImageOfPage\":{\"@id\":\"https:\\\/\\\/incadebolivia.com\\\/?p=309#primaryimage\"},\"image\":{\"@id\":\"https:\\\/\\\/incadebolivia.com\\\/?p=309#primaryimage\"},\"thumbnailUrl\":\"https:\\\/\\\/incadebolivia.com\\\/wp-content\\\/uploads\\\/2024\\\/02\\\/GERMAN_BUSH.jpg\",\"datePublished\":\"2019-10-07T15:29:00+00:00\",\"dateModified\":\"2024-02-13T15:39:45+00:00\",\"breadcrumb\":{\"@id\":\"https:\\\/\\\/incadebolivia.com\\\/?p=309#breadcrumb\"},\"inLanguage\":\"es\",\"potentialAction\":[{\"@type\":\"ReadAction\",\"target\":[\"https:\\\/\\\/incadebolivia.com\\\/?p=309\"]}]},{\"@type\":\"ImageObject\",\"inLanguage\":\"es\",\"@id\":\"https:\\\/\\\/incadebolivia.com\\\/?p=309#primaryimage\",\"url\":\"https:\\\/\\\/incadebolivia.com\\\/wp-content\\\/uploads\\\/2024\\\/02\\\/GERMAN_BUSH.jpg\",\"contentUrl\":\"https:\\\/\\\/incadebolivia.com\\\/wp-content\\\/uploads\\\/2024\\\/02\\\/GERMAN_BUSH.jpg\",\"width\":620,\"height\":349},{\"@type\":\"BreadcrumbList\",\"@id\":\"https:\\\/\\\/incadebolivia.com\\\/?p=309#breadcrumb\",\"itemListElement\":[{\"@type\":\"ListItem\",\"position\":1,\"name\":\"Portada\",\"item\":\"https:\\\/\\\/incadebolivia.com\\\/\"},{\"@type\":\"ListItem\",\"position\":2,\"name\":\"Embellecimiento de las Unidades Educativas fue el concurso realizado en el distrito 1\"}]},{\"@type\":\"WebSite\",\"@id\":\"https:\\\/\\\/incadebolivia.com\\\/#website\",\"url\":\"https:\\\/\\\/incadebolivia.com\\\/\",\"name\":\"INCADE\",\"description\":\"Instituto de Capacitaci\u00f3n para el Desarrollo\",\"publisher\":{\"@id\":\"https:\\\/\\\/incadebolivia.com\\\/#organization\"},\"potentialAction\":[{\"@type\":\"SearchAction\",\"target\":{\"@type\":\"EntryPoint\",\"urlTemplate\":\"https:\\\/\\\/incadebolivia.com\\\/?s={search_term_string}\"},\"query-input\":{\"@type\":\"PropertyValueSpecification\",\"valueRequired\":true,\"valueName\":\"search_term_string\"}}],\"inLanguage\":\"es\"},{\"@type\":\"Organization\",\"@id\":\"https:\\\/\\\/incadebolivia.com\\\/#organization\",\"name\":\"Instituto de Capacitaci\u00f3n para el Desarrollo\",\"url\":\"https:\\\/\\\/incadebolivia.com\\\/\",\"logo\":{\"@type\":\"ImageObject\",\"inLanguage\":\"es\",\"@id\":\"https:\\\/\\\/incadebolivia.com\\\/#\\\/schema\\\/logo\\\/image\\\/\",\"url\":\"https:\\\/\\\/incadebolivia.com\\\/wp-content\\\/uploads\\\/2025\\\/07\\\/ligo-inade.png\",\"contentUrl\":\"https:\\\/\\\/incadebolivia.com\\\/wp-content\\\/uploads\\\/2025\\\/07\\\/ligo-inade.png\",\"width\":430,\"height\":128,\"caption\":\"Instituto de Capacitaci\u00f3n para el Desarrollo\"},\"image\":{\"@id\":\"https:\\\/\\\/incadebolivia.com\\\/#\\\/schema\\\/logo\\\/image\\\/\"},\"sameAs\":[\"https:\\\/\\\/www.facebook.com\\\/IncadeMontero\"]},{\"@type\":\"Person\",\"@id\":\"https:\\\/\\\/incadebolivia.com\\\/#\\\/schema\\\/person\\\/7c960bd9d6253dfb1820037a95b6ec50\",\"name\":\"INCADE\",\"image\":{\"@type\":\"ImageObject\",\"inLanguage\":\"es\",\"@id\":\"https:\\\/\\\/secure.gravatar.com\\\/avatar\\\/bf27e9186df568254093afa216f887fece17605302c6ff12f3980422fffa52e6?s=96&d=mm&r=g\",\"url\":\"https:\\\/\\\/secure.gravatar.com\\\/avatar\\\/bf27e9186df568254093afa216f887fece17605302c6ff12f3980422fffa52e6?s=96&d=mm&r=g\",\"contentUrl\":\"https:\\\/\\\/secure.gravatar.com\\\/avatar\\\/bf27e9186df568254093afa216f887fece17605302c6ff12f3980422fffa52e6?s=96&d=mm&r=g\",\"caption\":\"INCADE\"},\"sameAs\":[\"https:\\\/\\\/incadebolivia.com\"],\"url\":\"https:\\\/\\\/incadebolivia.com\\\/?author=1\"}]}<\/script>\n<!-- \/ Yoast SEO plugin. -->","yoast_head_json":{"title":"Embellecimiento de las Unidades Educativas fue el concurso realizado en el distrito 1 - INCADE","robots":{"index":"index","follow":"follow","max-snippet":"max-snippet:-1","max-image-preview":"max-image-preview:large","max-video-preview":"max-video-preview:-1"},"canonical":"https:\/\/incadebolivia.com\/?p=309","og_locale":"es_ES","og_type":"article","og_title":"Embellecimiento de las Unidades Educativas fue el concurso realizado en el distrito 1 - INCADE","og_description":"En pasados d\u00edas en el distrito 1 zona de Guabir\u00e1 se realiz\u00f3 el concurso \u201cEmbellecimiento de las Unidades Educativas\u201d en el marco del proyecto socio comunitario productivo PSP denominado \u201cYo cuido mi colegio y me alimento saludablemente \u00bfy t\u00fa?\u201d. El concurso consisti\u00f3 en realizar trabajos de ornamentaci\u00f3n haciendo \u00e9nfasis en la reutilizaci\u00f3n de basura inorg\u00e1nica [&hellip;]","og_url":"https:\/\/incadebolivia.com\/?p=309","og_site_name":"INCADE","article_publisher":"https:\/\/www.facebook.com\/IncadeMontero","article_published_time":"2019-10-07T15:29:00+00:00","article_modified_time":"2024-02-13T15:39:45+00:00","og_image":[{"width":620,"height":349,"url":"https:\/\/incadebolivia.com\/wp-content\/uploads\/2024\/02\/GERMAN_BUSH.jpg","type":"image\/jpeg"}],"author":"INCADE","twitter_card":"summary_large_image","twitter_misc":{"Escrito por":"INCADE","Tiempo de lectura":"1 minuto"},"schema":{"@context":"https:\/\/schema.org","@graph":[{"@type":"Article","@id":"https:\/\/incadebolivia.com\/?p=309#article","isPartOf":{"@id":"https:\/\/incadebolivia.com\/?p=309"},"author":{"name":"INCADE","@id":"https:\/\/incadebolivia.com\/#\/schema\/person\/7c960bd9d6253dfb1820037a95b6ec50"},"headline":"Embellecimiento de las Unidades Educativas fue el concurso realizado en el distrito 1","datePublished":"2019-10-07T15:29:00+00:00","dateModified":"2024-02-13T15:39:45+00:00","mainEntityOfPage":{"@id":"https:\/\/incadebolivia.com\/?p=309"},"wordCount":216,"commentCount":0,"publisher":{"@id":"https:\/\/incadebolivia.com\/#organization"},"image":{"@id":"https:\/\/incadebolivia.com\/?p=309#primaryimage"},"thumbnailUrl":"https:\/\/incadebolivia.com\/wp-content\/uploads\/2024\/02\/GERMAN_BUSH.jpg","articleSection":["Noticias"],"inLanguage":"es","potentialAction":[{"@type":"CommentAction","name":"Comment","target":["https:\/\/incadebolivia.com\/?p=309#respond"]}]},{"@type":"WebPage","@id":"https:\/\/incadebolivia.com\/?p=309","url":"https:\/\/incadebolivia.com\/?p=309","name":"Embellecimiento de las Unidades Educativas fue el concurso realizado en el distrito 1 - INCADE","isPartOf":{"@id":"https:\/\/incadebolivia.com\/#website"},"primaryImageOfPage":{"@id":"https:\/\/incadebolivia.com\/?p=309#primaryimage"},"image":{"@id":"https:\/\/incadebolivia.com\/?p=309#primaryimage"},"thumbnailUrl":"https:\/\/incadebolivia.com\/wp-content\/uploads\/2024\/02\/GERMAN_BUSH.jpg","datePublished":"2019-10-07T15:29:00+00:00","dateModified":"2024-02-13T15:39:45+00:00","breadcrumb":{"@id":"https:\/\/incadebolivia.com\/?p=309#breadcrumb"},"inLanguage":"es","potentialAction":[{"@type":"ReadAction","target":["https:\/\/incadebolivia.com\/?p=309"]}]},{"@type":"ImageObject","inLanguage":"es","@id":"https:\/\/incadebolivia.com\/?p=309#primaryimage","url":"https:\/\/incadebolivia.com\/wp-content\/uploads\/2024\/02\/GERMAN_BUSH.jpg","contentUrl":"https:\/\/incadebolivia.com\/wp-content\/uploads\/2024\/02\/GERMAN_BUSH.jpg","width":620,"height":349},{"@type":"BreadcrumbList","@id":"https:\/\/incadebolivia.com\/?p=309#breadcrumb","itemListElement":[{"@type":"ListItem","position":1,"name":"Portada","item":"https:\/\/incadebolivia.com\/"},{"@type":"ListItem","position":2,"name":"Embellecimiento de las Unidades Educativas fue el concurso realizado en el distrito 1"}]},{"@type":"WebSite","@id":"https:\/\/incadebolivia.com\/#website","url":"https:\/\/incadebolivia.com\/","name":"INCADE","description":"Instituto de Capacitaci\u00f3n para el Desarrollo","publisher":{"@id":"https:\/\/incadebolivia.com\/#organization"},"potentialAction":[{"@type":"SearchAction","target":{"@type":"EntryPoint","urlTemplate":"https:\/\/incadebolivia.com\/?s={search_term_string}"},"query-input":{"@type":"PropertyValueSpecification","valueRequired":true,"valueName":"search_term_string"}}],"inLanguage":"es"},{"@type":"Organization","@id":"https:\/\/incadebolivia.com\/#organization","name":"Instituto de Capacitaci\u00f3n para el Desarrollo","url":"https:\/\/incadebolivia.com\/","logo":{"@type":"ImageObject","inLanguage":"es","@id":"https:\/\/incadebolivia.com\/#\/schema\/logo\/image\/","url":"https:\/\/incadebolivia.com\/wp-content\/uploads\/2025\/07\/ligo-inade.png","contentUrl":"https:\/\/incadebolivia.com\/wp-content\/uploads\/2025\/07\/ligo-inade.png","width":430,"height":128,"caption":"Instituto de Capacitaci\u00f3n para el Desarrollo"},"image":{"@id":"https:\/\/incadebolivia.com\/#\/schema\/logo\/image\/"},"sameAs":["https:\/\/www.facebook.com\/IncadeMontero"]},{"@type":"Person","@id":"https:\/\/incadebolivia.com\/#\/schema\/person\/7c960bd9d6253dfb1820037a95b6ec50","name":"INCADE","image":{"@type":"ImageObject","inLanguage":"es","@id":"https:\/\/secure.gravatar.com\/avatar\/bf27e9186df568254093afa216f887fece17605302c6ff12f3980422fffa52e6?s=96&d=mm&r=g","url":"https:\/\/secure.gravatar.com\/avatar\/bf27e9186df568254093afa216f887fece17605302c6ff12f3980422fffa52e6?s=96&d=mm&r=g","contentUrl":"https:\/\/secure.gravatar.com\/avatar\/bf27e9186df568254093afa216f887fece17605302c6ff12f3980422fffa52e6?s=96&d=mm&r=g","caption":"INCADE"},"sameAs":["https:\/\/incadebolivia.com"],"url":"https:\/\/incadebolivia.com\/?author=1"}]}},"_links":{"self":[{"href":"https:\/\/incadebolivia.com\/index.php?rest_route=\/wp\/v2\/posts\/309","targetHints":{"allow":["GET"]}}],"collection":[{"href":"https:\/\/incadebolivia.com\/index.php?rest_route=\/wp\/v2\/posts"}],"about":[{"href":"https:\/\/incadebolivia.com\/index.php?rest_route=\/wp\/v2\/types\/post"}],"author":[{"embeddable":true,"href":"https:\/\/incadebolivia.com\/index.php?rest_route=\/wp\/v2\/users\/1"}],"replies":[{"embeddable":true,"href":"https:\/\/incadebolivia.com\/index.php?rest_route=%2Fwp%2Fv2%2Fcomments&post=309"}],"version-history":[{"count":2,"href":"https:\/\/incadebolivia.com\/index.php?rest_route=\/wp\/v2\/posts\/309\/revisions"}],"predecessor-version":[{"id":315,"href":"https:\/\/incadebolivia.com\/index.php?rest_route=\/wp\/v2\/posts\/309\/revisions\/315"}],"wp:featuredmedia":[{"embeddable":true,"href":"https:\/\/incadebolivia.com\/index.php?rest_route=\/wp\/v2\/media\/310"}],"wp:attachment":[{"href":"https:\/\/incadebolivia.com\/index.php?rest_route=%2Fwp%2Fv2%2Fmedia&parent=309"}],"wp:term":[{"taxonomy":"category","embeddable":true,"href":"https:\/\/incadebolivia.com\/index.php?rest_route=%2Fwp%2Fv2%2Fcategories&post=309"},{"taxonomy":"post_tag","embeddable":true,"href":"https:\/\/incadebolivia.com\/index.php?rest_route=%2Fwp%2Fv2%2Ftags&post=309"}],"curies":[{"name":"wp","href":"https:\/\/api.w.org\/{rel}","templated":true}]}}