{"id":316,"date":"2019-10-18T11:40:00","date_gmt":"2019-10-18T15:40:00","guid":{"rendered":"https:\/\/incadebolivia.com\/?p=316"},"modified":"2024-02-13T15:05:54","modified_gmt":"2024-02-13T19:05:54","slug":"yo-quiero-crecer-sano-fue-la-feria-de-gastronomia-de-nuevo-milenio","status":"publish","type":"post","link":"https:\/\/incadebolivia.com\/?p=316","title":{"rendered":"\u201cYo quiero crecer sano\u201d fue la feria de gastronom\u00eda de Nuevo Milenio"},"content":{"rendered":"<!--[html]--><style><\/style><div class=\"bd-tagstyles  additional-class-1931800884 \"><div class=\"bd-container-inner bd-content-element\"><!--{content}--><div class=\"itemIntroText\">\n<p>Como estaba previsto la plaza de Villa Cochabamba fue escenario de la feria gastron\u00f3mica \u201cYo quiero crecer sano\u201d de la unidad Educativa Nuevo Milenio.<\/p>\n<\/div>\n<p><!--more--><\/p>\n<div class=\"itemFullText\">\n<p>El evento estudiantil tuvo como finalidad la exposici\u00f3n de los conocimientos adquiridos en la materia de gastronom\u00eda que fue expresado en la preparaci\u00f3n de 27 recetas de la cocina nacional como tambi\u00e9n internacional.<\/p>\n<p>Se destacaron los estudiantes de 6to A y B de secundaria que realizaron su pre defensa para obtener el t\u00edtulo de t\u00e9cnico medio en gastronom\u00eda, adem\u00e1s los cursos inferiores prepararon una variedad de platos que fueron del gusto de los asistentes.<\/p>\n<p>El profesor de gastronom\u00eda Carmelo M\u00e1rquez se\u00f1al\u00f3 que los estudiantes se han venido preparando durante todo el a\u00f1o y hoy dominan la teor\u00eda y pr\u00e1ctica de la materia, adem\u00e1s complementan sus conocimientos con la higiene de los alimentos, huerto escolar integral y las propiedades nutritivas y medicinales de las verduras y hortalizas que salen de la huerta del colegio.<\/p>\n<p>Los asistentes aplaudieron los trabajos presentados y pusieron buena nota tras probas pizzas, tortas, ensaladas, carnes, juegos y postres preparados por los estudiantes, adem\u00e1s destacaron el apoyo del INCADE en todo este proceso de aprendizaje. &nbsp;<\/p>\n<p>La nota musical de la feria \u201cYo quiero crecer sano\u201d la puso la banda de guerra de la Unidad Educativa Nuevo Milenio que dicho sea de paso obtuvo el segundo lugar en el festival de bandas realizado en d\u00edas pasados.<\/p>\n<\/div>\n\n<!-- wp:gallery {\"linkTo\":\"none\"} -->\n<figure class=\"wp-block-gallery has-nested-images columns-default is-cropped\"><!-- wp:image {\"id\":321,\"sizeSlug\":\"large\",\"linkDestination\":\"none\"} -->\n<figure class=\"wp-block-image size-large\"><img loading=\"lazy\" decoding=\"async\" width=\"620\" height=\"413\" src=\"https:\/\/incadebolivia.com\/wp-content\/uploads\/2024\/02\/NM5.jpg\" alt=\"\" class=\"wp-image-321\" srcset=\"https:\/\/incadebolivia.com\/wp-content\/uploads\/2024\/02\/NM5.jpg 620w, https:\/\/incadebolivia.com\/wp-content\/uploads\/2024\/02\/NM5-300x200.jpg 300w\" sizes=\"auto, (max-width: 620px) 100vw, 620px\" \/><\/figure>\n<!-- \/wp:image -->\n\n<!-- wp:image {\"id\":319,\"sizeSlug\":\"large\",\"linkDestination\":\"none\"} -->\n<figure class=\"wp-block-image size-large\"><img loading=\"lazy\" decoding=\"async\" width=\"620\" height=\"413\" src=\"https:\/\/incadebolivia.com\/wp-content\/uploads\/2024\/02\/NM4.jpg\" alt=\"\" class=\"wp-image-319\" srcset=\"https:\/\/incadebolivia.com\/wp-content\/uploads\/2024\/02\/NM4.jpg 620w, https:\/\/incadebolivia.com\/wp-content\/uploads\/2024\/02\/NM4-300x200.jpg 300w\" sizes=\"auto, (max-width: 620px) 100vw, 620px\" \/><\/figure>\n<!-- \/wp:image -->\n\n<!-- wp:image {\"id\":318,\"sizeSlug\":\"large\",\"linkDestination\":\"none\"} -->\n<figure class=\"wp-block-image size-large\"><img loading=\"lazy\" decoding=\"async\" width=\"620\" height=\"413\" src=\"https:\/\/incadebolivia.com\/wp-content\/uploads\/2024\/02\/NM3.jpg\" alt=\"\" class=\"wp-image-318\" srcset=\"https:\/\/incadebolivia.com\/wp-content\/uploads\/2024\/02\/NM3.jpg 620w, https:\/\/incadebolivia.com\/wp-content\/uploads\/2024\/02\/NM3-300x200.jpg 300w\" sizes=\"auto, (max-width: 620px) 100vw, 620px\" \/><\/figure>\n<!-- \/wp:image -->\n\n<!-- wp:image {\"id\":320,\"sizeSlug\":\"large\",\"linkDestination\":\"none\"} -->\n<figure class=\"wp-block-image size-large\"><img loading=\"lazy\" decoding=\"async\" width=\"620\" height=\"413\" src=\"https:\/\/incadebolivia.com\/wp-content\/uploads\/2024\/02\/NM2.jpg\" alt=\"\" class=\"wp-image-320\" srcset=\"https:\/\/incadebolivia.com\/wp-content\/uploads\/2024\/02\/NM2.jpg 620w, https:\/\/incadebolivia.com\/wp-content\/uploads\/2024\/02\/NM2-300x200.jpg 300w\" sizes=\"auto, (max-width: 620px) 100vw, 620px\" \/><\/figure>\n<!-- \/wp:image --><\/figure>\n<!-- \/wp:gallery --><!--{\/content}--><\/div><\/div><!--[\/html]-->\n<div style=\"margin-top: 0px; margin-bottom: 0px;\" class=\"sharethis-inline-reaction-buttons\" ><\/div>","protected":false},"excerpt":{"rendered":"<p>Como estaba previsto la plaza de Villa Cochabamba fue escenario de la feria gastron\u00f3mica \u201cYo quiero crecer sano\u201d de la unidad Educativa Nuevo Milenio.<\/p>\n","protected":false},"author":1,"featured_media":317,"comment_status":"open","ping_status":"open","sticky":false,"template":"","format":"standard","meta":{"footnotes":""},"categories":[25],"tags":[],"class_list":["post-316","post","type-post","status-publish","format-standard","has-post-thumbnail","hentry","category-noticias"],"yoast_head":"<!-- This site is optimized with the Yoast SEO plugin v27.4 - https:\/\/yoast.com\/product\/yoast-seo-wordpress\/ -->\n<title>\u201cYo quiero crecer sano\u201d fue la feria de gastronom\u00eda de Nuevo Milenio - INCADE<\/title>\n<meta name=\"robots\" content=\"index, follow, max-snippet:-1, max-image-preview:large, max-video-preview:-1\" \/>\n<link rel=\"canonical\" href=\"https:\/\/incadebolivia.com\/?p=316\" \/>\n<meta property=\"og:locale\" content=\"es_ES\" \/>\n<meta property=\"og:type\" content=\"article\" \/>\n<meta property=\"og:title\" content=\"\u201cYo quiero crecer sano\u201d fue la feria de gastronom\u00eda de Nuevo Milenio - INCADE\" \/>\n<meta property=\"og:description\" content=\"Como estaba previsto la plaza de Villa Cochabamba fue escenario de la feria gastron\u00f3mica \u201cYo quiero crecer sano\u201d de la unidad Educativa Nuevo Milenio.\" \/>\n<meta property=\"og:url\" content=\"https:\/\/incadebolivia.com\/?p=316\" \/>\n<meta property=\"og:site_name\" content=\"INCADE\" \/>\n<meta property=\"article:publisher\" content=\"https:\/\/www.facebook.com\/IncadeMontero\" \/>\n<meta property=\"article:published_time\" content=\"2019-10-18T15:40:00+00:00\" \/>\n<meta property=\"article:modified_time\" content=\"2024-02-13T19:05:54+00:00\" \/>\n<meta property=\"og:image\" content=\"https:\/\/incadebolivia.com\/wp-content\/uploads\/2024\/02\/NM1.jpg\" \/>\n\t<meta property=\"og:image:width\" content=\"620\" \/>\n\t<meta property=\"og:image:height\" content=\"413\" \/>\n\t<meta property=\"og:image:type\" content=\"image\/jpeg\" \/>\n<meta name=\"author\" content=\"INCADE\" \/>\n<meta name=\"twitter:card\" content=\"summary_large_image\" \/>\n<meta name=\"twitter:label1\" content=\"Escrito por\" \/>\n\t<meta name=\"twitter:data1\" content=\"INCADE\" \/>\n\t<meta name=\"twitter:label2\" content=\"Tiempo de lectura\" \/>\n\t<meta name=\"twitter:data2\" content=\"1 minuto\" \/>\n<script type=\"application\/ld+json\" class=\"yoast-schema-graph\">{\"@context\":\"https:\\\/\\\/schema.org\",\"@graph\":[{\"@type\":\"Article\",\"@id\":\"https:\\\/\\\/incadebolivia.com\\\/?p=316#article\",\"isPartOf\":{\"@id\":\"https:\\\/\\\/incadebolivia.com\\\/?p=316\"},\"author\":{\"name\":\"INCADE\",\"@id\":\"https:\\\/\\\/incadebolivia.com\\\/#\\\/schema\\\/person\\\/7c960bd9d6253dfb1820037a95b6ec50\"},\"headline\":\"\u201cYo quiero crecer sano\u201d fue la feria de gastronom\u00eda de Nuevo Milenio\",\"datePublished\":\"2019-10-18T15:40:00+00:00\",\"dateModified\":\"2024-02-13T19:05:54+00:00\",\"mainEntityOfPage\":{\"@id\":\"https:\\\/\\\/incadebolivia.com\\\/?p=316\"},\"wordCount\":265,\"commentCount\":0,\"publisher\":{\"@id\":\"https:\\\/\\\/incadebolivia.com\\\/#organization\"},\"image\":{\"@id\":\"https:\\\/\\\/incadebolivia.com\\\/?p=316#primaryimage\"},\"thumbnailUrl\":\"https:\\\/\\\/incadebolivia.com\\\/wp-content\\\/uploads\\\/2024\\\/02\\\/NM1.jpg\",\"articleSection\":[\"Noticias\"],\"inLanguage\":\"es\",\"potentialAction\":[{\"@type\":\"CommentAction\",\"name\":\"Comment\",\"target\":[\"https:\\\/\\\/incadebolivia.com\\\/?p=316#respond\"]}]},{\"@type\":\"WebPage\",\"@id\":\"https:\\\/\\\/incadebolivia.com\\\/?p=316\",\"url\":\"https:\\\/\\\/incadebolivia.com\\\/?p=316\",\"name\":\"\u201cYo quiero crecer sano\u201d fue la feria de gastronom\u00eda de Nuevo Milenio - INCADE\",\"isPartOf\":{\"@id\":\"https:\\\/\\\/incadebolivia.com\\\/#website\"},\"primaryImageOfPage\":{\"@id\":\"https:\\\/\\\/incadebolivia.com\\\/?p=316#primaryimage\"},\"image\":{\"@id\":\"https:\\\/\\\/incadebolivia.com\\\/?p=316#primaryimage\"},\"thumbnailUrl\":\"https:\\\/\\\/incadebolivia.com\\\/wp-content\\\/uploads\\\/2024\\\/02\\\/NM1.jpg\",\"datePublished\":\"2019-10-18T15:40:00+00:00\",\"dateModified\":\"2024-02-13T19:05:54+00:00\",\"breadcrumb\":{\"@id\":\"https:\\\/\\\/incadebolivia.com\\\/?p=316#breadcrumb\"},\"inLanguage\":\"es\",\"potentialAction\":[{\"@type\":\"ReadAction\",\"target\":[\"https:\\\/\\\/incadebolivia.com\\\/?p=316\"]}]},{\"@type\":\"ImageObject\",\"inLanguage\":\"es\",\"@id\":\"https:\\\/\\\/incadebolivia.com\\\/?p=316#primaryimage\",\"url\":\"https:\\\/\\\/incadebolivia.com\\\/wp-content\\\/uploads\\\/2024\\\/02\\\/NM1.jpg\",\"contentUrl\":\"https:\\\/\\\/incadebolivia.com\\\/wp-content\\\/uploads\\\/2024\\\/02\\\/NM1.jpg\",\"width\":620,\"height\":413},{\"@type\":\"BreadcrumbList\",\"@id\":\"https:\\\/\\\/incadebolivia.com\\\/?p=316#breadcrumb\",\"itemListElement\":[{\"@type\":\"ListItem\",\"position\":1,\"name\":\"Portada\",\"item\":\"https:\\\/\\\/incadebolivia.com\\\/\"},{\"@type\":\"ListItem\",\"position\":2,\"name\":\"\u201cYo quiero crecer sano\u201d fue la feria de gastronom\u00eda de Nuevo Milenio\"}]},{\"@type\":\"WebSite\",\"@id\":\"https:\\\/\\\/incadebolivia.com\\\/#website\",\"url\":\"https:\\\/\\\/incadebolivia.com\\\/\",\"name\":\"INCADE\",\"description\":\"Instituto de Capacitaci\u00f3n para el Desarrollo\",\"publisher\":{\"@id\":\"https:\\\/\\\/incadebolivia.com\\\/#organization\"},\"potentialAction\":[{\"@type\":\"SearchAction\",\"target\":{\"@type\":\"EntryPoint\",\"urlTemplate\":\"https:\\\/\\\/incadebolivia.com\\\/?s={search_term_string}\"},\"query-input\":{\"@type\":\"PropertyValueSpecification\",\"valueRequired\":true,\"valueName\":\"search_term_string\"}}],\"inLanguage\":\"es\"},{\"@type\":\"Organization\",\"@id\":\"https:\\\/\\\/incadebolivia.com\\\/#organization\",\"name\":\"Instituto de Capacitaci\u00f3n para el Desarrollo\",\"url\":\"https:\\\/\\\/incadebolivia.com\\\/\",\"logo\":{\"@type\":\"ImageObject\",\"inLanguage\":\"es\",\"@id\":\"https:\\\/\\\/incadebolivia.com\\\/#\\\/schema\\\/logo\\\/image\\\/\",\"url\":\"https:\\\/\\\/incadebolivia.com\\\/wp-content\\\/uploads\\\/2025\\\/07\\\/ligo-inade.png\",\"contentUrl\":\"https:\\\/\\\/incadebolivia.com\\\/wp-content\\\/uploads\\\/2025\\\/07\\\/ligo-inade.png\",\"width\":430,\"height\":128,\"caption\":\"Instituto de Capacitaci\u00f3n para el Desarrollo\"},\"image\":{\"@id\":\"https:\\\/\\\/incadebolivia.com\\\/#\\\/schema\\\/logo\\\/image\\\/\"},\"sameAs\":[\"https:\\\/\\\/www.facebook.com\\\/IncadeMontero\"]},{\"@type\":\"Person\",\"@id\":\"https:\\\/\\\/incadebolivia.com\\\/#\\\/schema\\\/person\\\/7c960bd9d6253dfb1820037a95b6ec50\",\"name\":\"INCADE\",\"image\":{\"@type\":\"ImageObject\",\"inLanguage\":\"es\",\"@id\":\"https:\\\/\\\/secure.gravatar.com\\\/avatar\\\/bf27e9186df568254093afa216f887fece17605302c6ff12f3980422fffa52e6?s=96&d=mm&r=g\",\"url\":\"https:\\\/\\\/secure.gravatar.com\\\/avatar\\\/bf27e9186df568254093afa216f887fece17605302c6ff12f3980422fffa52e6?s=96&d=mm&r=g\",\"contentUrl\":\"https:\\\/\\\/secure.gravatar.com\\\/avatar\\\/bf27e9186df568254093afa216f887fece17605302c6ff12f3980422fffa52e6?s=96&d=mm&r=g\",\"caption\":\"INCADE\"},\"sameAs\":[\"https:\\\/\\\/incadebolivia.com\"],\"url\":\"https:\\\/\\\/incadebolivia.com\\\/?author=1\"}]}<\/script>\n<!-- \/ Yoast SEO plugin. -->","yoast_head_json":{"title":"\u201cYo quiero crecer sano\u201d fue la feria de gastronom\u00eda de Nuevo Milenio - INCADE","robots":{"index":"index","follow":"follow","max-snippet":"max-snippet:-1","max-image-preview":"max-image-preview:large","max-video-preview":"max-video-preview:-1"},"canonical":"https:\/\/incadebolivia.com\/?p=316","og_locale":"es_ES","og_type":"article","og_title":"\u201cYo quiero crecer sano\u201d fue la feria de gastronom\u00eda de Nuevo Milenio - INCADE","og_description":"Como estaba previsto la plaza de Villa Cochabamba fue escenario de la feria gastron\u00f3mica \u201cYo quiero crecer sano\u201d de la unidad Educativa Nuevo Milenio.","og_url":"https:\/\/incadebolivia.com\/?p=316","og_site_name":"INCADE","article_publisher":"https:\/\/www.facebook.com\/IncadeMontero","article_published_time":"2019-10-18T15:40:00+00:00","article_modified_time":"2024-02-13T19:05:54+00:00","og_image":[{"width":620,"height":413,"url":"https:\/\/incadebolivia.com\/wp-content\/uploads\/2024\/02\/NM1.jpg","type":"image\/jpeg"}],"author":"INCADE","twitter_card":"summary_large_image","twitter_misc":{"Escrito por":"INCADE","Tiempo de lectura":"1 minuto"},"schema":{"@context":"https:\/\/schema.org","@graph":[{"@type":"Article","@id":"https:\/\/incadebolivia.com\/?p=316#article","isPartOf":{"@id":"https:\/\/incadebolivia.com\/?p=316"},"author":{"name":"INCADE","@id":"https:\/\/incadebolivia.com\/#\/schema\/person\/7c960bd9d6253dfb1820037a95b6ec50"},"headline":"\u201cYo quiero crecer sano\u201d fue la feria de gastronom\u00eda de Nuevo Milenio","datePublished":"2019-10-18T15:40:00+00:00","dateModified":"2024-02-13T19:05:54+00:00","mainEntityOfPage":{"@id":"https:\/\/incadebolivia.com\/?p=316"},"wordCount":265,"commentCount":0,"publisher":{"@id":"https:\/\/incadebolivia.com\/#organization"},"image":{"@id":"https:\/\/incadebolivia.com\/?p=316#primaryimage"},"thumbnailUrl":"https:\/\/incadebolivia.com\/wp-content\/uploads\/2024\/02\/NM1.jpg","articleSection":["Noticias"],"inLanguage":"es","potentialAction":[{"@type":"CommentAction","name":"Comment","target":["https:\/\/incadebolivia.com\/?p=316#respond"]}]},{"@type":"WebPage","@id":"https:\/\/incadebolivia.com\/?p=316","url":"https:\/\/incadebolivia.com\/?p=316","name":"\u201cYo quiero crecer sano\u201d fue la feria de gastronom\u00eda de Nuevo Milenio - INCADE","isPartOf":{"@id":"https:\/\/incadebolivia.com\/#website"},"primaryImageOfPage":{"@id":"https:\/\/incadebolivia.com\/?p=316#primaryimage"},"image":{"@id":"https:\/\/incadebolivia.com\/?p=316#primaryimage"},"thumbnailUrl":"https:\/\/incadebolivia.com\/wp-content\/uploads\/2024\/02\/NM1.jpg","datePublished":"2019-10-18T15:40:00+00:00","dateModified":"2024-02-13T19:05:54+00:00","breadcrumb":{"@id":"https:\/\/incadebolivia.com\/?p=316#breadcrumb"},"inLanguage":"es","potentialAction":[{"@type":"ReadAction","target":["https:\/\/incadebolivia.com\/?p=316"]}]},{"@type":"ImageObject","inLanguage":"es","@id":"https:\/\/incadebolivia.com\/?p=316#primaryimage","url":"https:\/\/incadebolivia.com\/wp-content\/uploads\/2024\/02\/NM1.jpg","contentUrl":"https:\/\/incadebolivia.com\/wp-content\/uploads\/2024\/02\/NM1.jpg","width":620,"height":413},{"@type":"BreadcrumbList","@id":"https:\/\/incadebolivia.com\/?p=316#breadcrumb","itemListElement":[{"@type":"ListItem","position":1,"name":"Portada","item":"https:\/\/incadebolivia.com\/"},{"@type":"ListItem","position":2,"name":"\u201cYo quiero crecer sano\u201d fue la feria de gastronom\u00eda de Nuevo Milenio"}]},{"@type":"WebSite","@id":"https:\/\/incadebolivia.com\/#website","url":"https:\/\/incadebolivia.com\/","name":"INCADE","description":"Instituto de Capacitaci\u00f3n para el Desarrollo","publisher":{"@id":"https:\/\/incadebolivia.com\/#organization"},"potentialAction":[{"@type":"SearchAction","target":{"@type":"EntryPoint","urlTemplate":"https:\/\/incadebolivia.com\/?s={search_term_string}"},"query-input":{"@type":"PropertyValueSpecification","valueRequired":true,"valueName":"search_term_string"}}],"inLanguage":"es"},{"@type":"Organization","@id":"https:\/\/incadebolivia.com\/#organization","name":"Instituto de Capacitaci\u00f3n para el Desarrollo","url":"https:\/\/incadebolivia.com\/","logo":{"@type":"ImageObject","inLanguage":"es","@id":"https:\/\/incadebolivia.com\/#\/schema\/logo\/image\/","url":"https:\/\/incadebolivia.com\/wp-content\/uploads\/2025\/07\/ligo-inade.png","contentUrl":"https:\/\/incadebolivia.com\/wp-content\/uploads\/2025\/07\/ligo-inade.png","width":430,"height":128,"caption":"Instituto de Capacitaci\u00f3n para el Desarrollo"},"image":{"@id":"https:\/\/incadebolivia.com\/#\/schema\/logo\/image\/"},"sameAs":["https:\/\/www.facebook.com\/IncadeMontero"]},{"@type":"Person","@id":"https:\/\/incadebolivia.com\/#\/schema\/person\/7c960bd9d6253dfb1820037a95b6ec50","name":"INCADE","image":{"@type":"ImageObject","inLanguage":"es","@id":"https:\/\/secure.gravatar.com\/avatar\/bf27e9186df568254093afa216f887fece17605302c6ff12f3980422fffa52e6?s=96&d=mm&r=g","url":"https:\/\/secure.gravatar.com\/avatar\/bf27e9186df568254093afa216f887fece17605302c6ff12f3980422fffa52e6?s=96&d=mm&r=g","contentUrl":"https:\/\/secure.gravatar.com\/avatar\/bf27e9186df568254093afa216f887fece17605302c6ff12f3980422fffa52e6?s=96&d=mm&r=g","caption":"INCADE"},"sameAs":["https:\/\/incadebolivia.com"],"url":"https:\/\/incadebolivia.com\/?author=1"}]}},"_links":{"self":[{"href":"https:\/\/incadebolivia.com\/index.php?rest_route=\/wp\/v2\/posts\/316","targetHints":{"allow":["GET"]}}],"collection":[{"href":"https:\/\/incadebolivia.com\/index.php?rest_route=\/wp\/v2\/posts"}],"about":[{"href":"https:\/\/incadebolivia.com\/index.php?rest_route=\/wp\/v2\/types\/post"}],"author":[{"embeddable":true,"href":"https:\/\/incadebolivia.com\/index.php?rest_route=\/wp\/v2\/users\/1"}],"replies":[{"embeddable":true,"href":"https:\/\/incadebolivia.com\/index.php?rest_route=%2Fwp%2Fv2%2Fcomments&post=316"}],"version-history":[{"count":2,"href":"https:\/\/incadebolivia.com\/index.php?rest_route=\/wp\/v2\/posts\/316\/revisions"}],"predecessor-version":[{"id":348,"href":"https:\/\/incadebolivia.com\/index.php?rest_route=\/wp\/v2\/posts\/316\/revisions\/348"}],"wp:featuredmedia":[{"embeddable":true,"href":"https:\/\/incadebolivia.com\/index.php?rest_route=\/wp\/v2\/media\/317"}],"wp:attachment":[{"href":"https:\/\/incadebolivia.com\/index.php?rest_route=%2Fwp%2Fv2%2Fmedia&parent=316"}],"wp:term":[{"taxonomy":"category","embeddable":true,"href":"https:\/\/incadebolivia.com\/index.php?rest_route=%2Fwp%2Fv2%2Fcategories&post=316"},{"taxonomy":"post_tag","embeddable":true,"href":"https:\/\/incadebolivia.com\/index.php?rest_route=%2Fwp%2Fv2%2Ftags&post=316"}],"curies":[{"name":"wp","href":"https:\/\/api.w.org\/{rel}","templated":true}]}}