{"id":386,"date":"2024-02-14T11:02:25","date_gmt":"2024-02-14T15:02:25","guid":{"rendered":"https:\/\/incadebolivia.com\/?p=386"},"modified":"2024-02-15T11:09:20","modified_gmt":"2024-02-15T15:09:20","slug":"montero-se-moviliza-en-la-2da-campana-de-limpieza-en-barrios-y-comunidades","status":"publish","type":"post","link":"https:\/\/incadebolivia.com\/?p=386","title":{"rendered":"Montero se moviliza en la 2da campa\u00f1a de limpieza en barrios y comunidades"},"content":{"rendered":"<p>Con la premisa de un \u201cMontero te quiero limpio y sano\u201d autoridades, dirigentes, representantes de instituciones y vecinos se realiza la segunda campa\u00f1a de limpieza en barrios y comunidades de Montero denominada \u201cMontero te quiero limpio y sano\u201d.<!--more--><\/p>\n<p>Este slogan que acu\u00f1a la campa\u00f1a pretende sensibilizar a la poblaci\u00f3n para que limpie su casa, destruya criaderos y aleje enfermedades como las que transmiten los mosquitos, ratones, chulupis y otros roedores.<\/p>\n<p>En esta segunda campa\u00f1a los camiones recoger\u00e1n toda la basura que acumulen los vecinos en las esquinas de sus casas.<\/p>\n<p>A continuaci\u00f3n, te detallamos el rol de esta 2da campa\u00f1a para que te unas a este trabajo:<\/p>\n<p>\u00a1Recuerda una ciudad limpia es responsabilidad de todos!<\/p>\n<table>\n<tbody>\n<tr>\n<td width=\"150\">\n<p><strong>FECHA<\/strong><\/p>\n<\/td>\n<td width=\"132\">\n<p><strong>DISTRITO<\/strong><\/p>\n<\/td>\n<td width=\"160\">\n<p><strong>CENTRO DE SALUD<\/strong><\/p>\n<\/td>\n<\/tr>\n<tr>\n<td width=\"150\">\n<p>6 de febrero<\/p>\n<\/td>\n<td width=\"132\">\n<p>Distrito 2<\/p>\n<\/td>\n<td width=\"160\">\n<p>Juana Azurduy<\/p>\n<\/td>\n<\/tr>\n<tr>\n<td width=\"150\">\n<p>7 de febrero<\/p>\n<\/td>\n<td width=\"132\">\n<p>Distrito<\/p>\n<\/td>\n<td width=\"160\">\n<p>San Mart\u00edn<\/p>\n<\/td>\n<\/tr>\n<tr>\n<td width=\"150\">\n<p>8 de febrero<\/p>\n<\/td>\n<td width=\"132\">\n<p>Distrito 4<\/p>\n<\/td>\n<td width=\"160\">\n<p>Sagrada Familia<\/p>\n<\/td>\n<\/tr>\n<tr>\n<td width=\"150\">\n<p>9 de febrero<\/p>\n<\/td>\n<td width=\"132\">\n<p>Distritos 6, 7 y 8<\/p>\n<\/td>\n<td width=\"160\">\n<p>Naico<\/p>\n<p>Villa Copacabana<\/p>\n<p>Naranjal Don Bosco<\/p>\n<\/td>\n<\/tr>\n<tr>\n<td width=\"150\">\n<p>15 y 16 de febrero<\/p>\n<\/td>\n<td width=\"132\">\n<p>Distrito 3<\/p>\n<\/td>\n<td width=\"160\">\n<p>Che Guevara<\/p>\n<\/td>\n<\/tr>\n<tr>\n<td width=\"150\">\n<p>20 y 21 de febrero<\/p>\n<\/td>\n<td width=\"132\">\n<p>Distrito 5<\/p>\n<\/td>\n<td width=\"160\">\n<p>Divino Ni\u00f1o<\/p>\n<\/td>\n<\/tr>\n<tr>\n<td width=\"150\">\n<p>22 de febrero<\/p>\n<\/td>\n<td width=\"132\">\n<p>Distrito 2<\/p>\n<\/td>\n<td width=\"160\">\n<p>V\u00edctor Hugo Cassal<\/p>\n<\/td>\n<\/tr>\n<\/tbody>\n<\/table>\n\n\n<figure class=\"wp-block-gallery has-nested-images columns-default is-cropped wp-block-gallery-1 is-layout-flex wp-block-gallery-is-layout-flex\">\n<figure class=\"wp-block-image size-large\"><img loading=\"lazy\" decoding=\"async\" width=\"1024\" height=\"768\" data-id=\"388\" src=\"https:\/\/incadebolivia.com\/wp-content\/uploads\/2024\/02\/mon3-1024x768.jpg\" alt=\"\" class=\"wp-image-388\" srcset=\"https:\/\/incadebolivia.com\/wp-content\/uploads\/2024\/02\/mon3-1024x768.jpg 1024w, https:\/\/incadebolivia.com\/wp-content\/uploads\/2024\/02\/mon3-300x225.jpg 300w, https:\/\/incadebolivia.com\/wp-content\/uploads\/2024\/02\/mon3-768x576.jpg 768w, https:\/\/incadebolivia.com\/wp-content\/uploads\/2024\/02\/mon3-1536x1152.jpg 1536w, https:\/\/incadebolivia.com\/wp-content\/uploads\/2024\/02\/mon3.jpg 1600w\" sizes=\"auto, (max-width: 1024px) 100vw, 1024px\" \/><\/figure>\n\n\n\n<figure class=\"wp-block-image size-large\"><img loading=\"lazy\" decoding=\"async\" width=\"768\" height=\"1024\" data-id=\"390\" src=\"https:\/\/incadebolivia.com\/wp-content\/uploads\/2024\/02\/mon2-768x1024.jpg\" alt=\"\" class=\"wp-image-390\" srcset=\"https:\/\/incadebolivia.com\/wp-content\/uploads\/2024\/02\/mon2-768x1024.jpg 768w, https:\/\/incadebolivia.com\/wp-content\/uploads\/2024\/02\/mon2-225x300.jpg 225w, https:\/\/incadebolivia.com\/wp-content\/uploads\/2024\/02\/mon2-1152x1536.jpg 1152w, https:\/\/incadebolivia.com\/wp-content\/uploads\/2024\/02\/mon2.jpg 1200w\" sizes=\"auto, (max-width: 768px) 100vw, 768px\" \/><\/figure>\n\n\n\n<figure class=\"wp-block-image size-large\"><img loading=\"lazy\" decoding=\"async\" width=\"1024\" height=\"768\" data-id=\"389\" src=\"https:\/\/incadebolivia.com\/wp-content\/uploads\/2024\/02\/mon1-1024x768.jpg\" alt=\"\" class=\"wp-image-389\" srcset=\"https:\/\/incadebolivia.com\/wp-content\/uploads\/2024\/02\/mon1-1024x768.jpg 1024w, https:\/\/incadebolivia.com\/wp-content\/uploads\/2024\/02\/mon1-300x225.jpg 300w, https:\/\/incadebolivia.com\/wp-content\/uploads\/2024\/02\/mon1-768x576.jpg 768w, https:\/\/incadebolivia.com\/wp-content\/uploads\/2024\/02\/mon1-1536x1152.jpg 1536w, https:\/\/incadebolivia.com\/wp-content\/uploads\/2024\/02\/mon1.jpg 1600w\" sizes=\"auto, (max-width: 1024px) 100vw, 1024px\" \/><\/figure>\n<\/figure>\n<div style=\"margin-top: 0px; margin-bottom: 0px;\" class=\"sharethis-inline-reaction-buttons\" ><\/div>","protected":false},"excerpt":{"rendered":"<p>Con la premisa de un \u201cMontero te quiero limpio y sano\u201d autoridades, dirigentes, representantes de instituciones y vecinos se realiza la segunda campa\u00f1a de limpieza en barrios y comunidades de Montero denominada \u201cMontero te quiero limpio y sano\u201d.<\/p>\n","protected":false},"author":1,"featured_media":387,"comment_status":"open","ping_status":"open","sticky":false,"template":"","format":"standard","meta":{"footnotes":""},"categories":[25],"tags":[],"class_list":["post-386","post","type-post","status-publish","format-standard","has-post-thumbnail","hentry","category-noticias"],"yoast_head":"<!-- This site is optimized with the Yoast SEO plugin v27.4 - https:\/\/yoast.com\/product\/yoast-seo-wordpress\/ -->\n<title>Montero se moviliza en la 2da campa\u00f1a de limpieza en barrios y comunidades - INCADE<\/title>\n<meta name=\"robots\" content=\"index, follow, max-snippet:-1, max-image-preview:large, max-video-preview:-1\" \/>\n<link rel=\"canonical\" href=\"https:\/\/incadebolivia.com\/?p=386\" \/>\n<meta property=\"og:locale\" content=\"es_ES\" \/>\n<meta property=\"og:type\" content=\"article\" \/>\n<meta property=\"og:title\" content=\"Montero se moviliza en la 2da campa\u00f1a de limpieza en barrios y comunidades - INCADE\" \/>\n<meta property=\"og:description\" content=\"Con la premisa de un \u201cMontero te quiero limpio y sano\u201d autoridades, dirigentes, representantes de instituciones y vecinos se realiza la segunda campa\u00f1a de limpieza en barrios y comunidades de Montero denominada \u201cMontero te quiero limpio y sano\u201d.\" \/>\n<meta property=\"og:url\" content=\"https:\/\/incadebolivia.com\/?p=386\" \/>\n<meta property=\"og:site_name\" content=\"INCADE\" \/>\n<meta property=\"article:publisher\" content=\"https:\/\/www.facebook.com\/IncadeMontero\" \/>\n<meta property=\"article:published_time\" content=\"2024-02-14T15:02:25+00:00\" \/>\n<meta property=\"article:modified_time\" content=\"2024-02-15T15:09:20+00:00\" \/>\n<meta property=\"og:image\" content=\"https:\/\/incadebolivia.com\/wp-content\/uploads\/2024\/02\/mon4.jpg\" \/>\n\t<meta property=\"og:image:width\" content=\"1600\" \/>\n\t<meta property=\"og:image:height\" content=\"1200\" \/>\n\t<meta property=\"og:image:type\" content=\"image\/jpeg\" \/>\n<meta name=\"author\" content=\"INCADE\" \/>\n<meta name=\"twitter:card\" content=\"summary_large_image\" \/>\n<meta name=\"twitter:label1\" content=\"Escrito por\" \/>\n\t<meta name=\"twitter:data1\" content=\"INCADE\" \/>\n\t<meta name=\"twitter:label2\" content=\"Tiempo de lectura\" \/>\n\t<meta name=\"twitter:data2\" content=\"1 minuto\" \/>\n<script type=\"application\/ld+json\" class=\"yoast-schema-graph\">{\"@context\":\"https:\\\/\\\/schema.org\",\"@graph\":[{\"@type\":\"Article\",\"@id\":\"https:\\\/\\\/incadebolivia.com\\\/?p=386#article\",\"isPartOf\":{\"@id\":\"https:\\\/\\\/incadebolivia.com\\\/?p=386\"},\"author\":{\"name\":\"INCADE\",\"@id\":\"https:\\\/\\\/incadebolivia.com\\\/#\\\/schema\\\/person\\\/7c960bd9d6253dfb1820037a95b6ec50\"},\"headline\":\"Montero se moviliza en la 2da campa\u00f1a de limpieza en barrios y comunidades\",\"datePublished\":\"2024-02-14T15:02:25+00:00\",\"dateModified\":\"2024-02-15T15:09:20+00:00\",\"mainEntityOfPage\":{\"@id\":\"https:\\\/\\\/incadebolivia.com\\\/?p=386\"},\"wordCount\":188,\"commentCount\":0,\"publisher\":{\"@id\":\"https:\\\/\\\/incadebolivia.com\\\/#organization\"},\"image\":{\"@id\":\"https:\\\/\\\/incadebolivia.com\\\/?p=386#primaryimage\"},\"thumbnailUrl\":\"https:\\\/\\\/incadebolivia.com\\\/wp-content\\\/uploads\\\/2024\\\/02\\\/mon4.jpg\",\"articleSection\":[\"Noticias\"],\"inLanguage\":\"es\",\"potentialAction\":[{\"@type\":\"CommentAction\",\"name\":\"Comment\",\"target\":[\"https:\\\/\\\/incadebolivia.com\\\/?p=386#respond\"]}]},{\"@type\":\"WebPage\",\"@id\":\"https:\\\/\\\/incadebolivia.com\\\/?p=386\",\"url\":\"https:\\\/\\\/incadebolivia.com\\\/?p=386\",\"name\":\"Montero se moviliza en la 2da campa\u00f1a de limpieza en barrios y comunidades - INCADE\",\"isPartOf\":{\"@id\":\"https:\\\/\\\/incadebolivia.com\\\/#website\"},\"primaryImageOfPage\":{\"@id\":\"https:\\\/\\\/incadebolivia.com\\\/?p=386#primaryimage\"},\"image\":{\"@id\":\"https:\\\/\\\/incadebolivia.com\\\/?p=386#primaryimage\"},\"thumbnailUrl\":\"https:\\\/\\\/incadebolivia.com\\\/wp-content\\\/uploads\\\/2024\\\/02\\\/mon4.jpg\",\"datePublished\":\"2024-02-14T15:02:25+00:00\",\"dateModified\":\"2024-02-15T15:09:20+00:00\",\"breadcrumb\":{\"@id\":\"https:\\\/\\\/incadebolivia.com\\\/?p=386#breadcrumb\"},\"inLanguage\":\"es\",\"potentialAction\":[{\"@type\":\"ReadAction\",\"target\":[\"https:\\\/\\\/incadebolivia.com\\\/?p=386\"]}]},{\"@type\":\"ImageObject\",\"inLanguage\":\"es\",\"@id\":\"https:\\\/\\\/incadebolivia.com\\\/?p=386#primaryimage\",\"url\":\"https:\\\/\\\/incadebolivia.com\\\/wp-content\\\/uploads\\\/2024\\\/02\\\/mon4.jpg\",\"contentUrl\":\"https:\\\/\\\/incadebolivia.com\\\/wp-content\\\/uploads\\\/2024\\\/02\\\/mon4.jpg\",\"width\":1600,\"height\":1200},{\"@type\":\"BreadcrumbList\",\"@id\":\"https:\\\/\\\/incadebolivia.com\\\/?p=386#breadcrumb\",\"itemListElement\":[{\"@type\":\"ListItem\",\"position\":1,\"name\":\"Portada\",\"item\":\"https:\\\/\\\/incadebolivia.com\\\/\"},{\"@type\":\"ListItem\",\"position\":2,\"name\":\"Montero se moviliza en la 2da campa\u00f1a de limpieza en barrios y comunidades\"}]},{\"@type\":\"WebSite\",\"@id\":\"https:\\\/\\\/incadebolivia.com\\\/#website\",\"url\":\"https:\\\/\\\/incadebolivia.com\\\/\",\"name\":\"INCADE\",\"description\":\"Instituto de Capacitaci\u00f3n para el Desarrollo\",\"publisher\":{\"@id\":\"https:\\\/\\\/incadebolivia.com\\\/#organization\"},\"potentialAction\":[{\"@type\":\"SearchAction\",\"target\":{\"@type\":\"EntryPoint\",\"urlTemplate\":\"https:\\\/\\\/incadebolivia.com\\\/?s={search_term_string}\"},\"query-input\":{\"@type\":\"PropertyValueSpecification\",\"valueRequired\":true,\"valueName\":\"search_term_string\"}}],\"inLanguage\":\"es\"},{\"@type\":\"Organization\",\"@id\":\"https:\\\/\\\/incadebolivia.com\\\/#organization\",\"name\":\"Instituto de Capacitaci\u00f3n para el Desarrollo\",\"url\":\"https:\\\/\\\/incadebolivia.com\\\/\",\"logo\":{\"@type\":\"ImageObject\",\"inLanguage\":\"es\",\"@id\":\"https:\\\/\\\/incadebolivia.com\\\/#\\\/schema\\\/logo\\\/image\\\/\",\"url\":\"https:\\\/\\\/incadebolivia.com\\\/wp-content\\\/uploads\\\/2025\\\/07\\\/ligo-inade.png\",\"contentUrl\":\"https:\\\/\\\/incadebolivia.com\\\/wp-content\\\/uploads\\\/2025\\\/07\\\/ligo-inade.png\",\"width\":430,\"height\":128,\"caption\":\"Instituto de Capacitaci\u00f3n para el Desarrollo\"},\"image\":{\"@id\":\"https:\\\/\\\/incadebolivia.com\\\/#\\\/schema\\\/logo\\\/image\\\/\"},\"sameAs\":[\"https:\\\/\\\/www.facebook.com\\\/IncadeMontero\"]},{\"@type\":\"Person\",\"@id\":\"https:\\\/\\\/incadebolivia.com\\\/#\\\/schema\\\/person\\\/7c960bd9d6253dfb1820037a95b6ec50\",\"name\":\"INCADE\",\"image\":{\"@type\":\"ImageObject\",\"inLanguage\":\"es\",\"@id\":\"https:\\\/\\\/secure.gravatar.com\\\/avatar\\\/bf27e9186df568254093afa216f887fece17605302c6ff12f3980422fffa52e6?s=96&d=mm&r=g\",\"url\":\"https:\\\/\\\/secure.gravatar.com\\\/avatar\\\/bf27e9186df568254093afa216f887fece17605302c6ff12f3980422fffa52e6?s=96&d=mm&r=g\",\"contentUrl\":\"https:\\\/\\\/secure.gravatar.com\\\/avatar\\\/bf27e9186df568254093afa216f887fece17605302c6ff12f3980422fffa52e6?s=96&d=mm&r=g\",\"caption\":\"INCADE\"},\"sameAs\":[\"https:\\\/\\\/incadebolivia.com\"],\"url\":\"https:\\\/\\\/incadebolivia.com\\\/?author=1\"}]}<\/script>\n<!-- \/ Yoast SEO plugin. -->","yoast_head_json":{"title":"Montero se moviliza en la 2da campa\u00f1a de limpieza en barrios y comunidades - INCADE","robots":{"index":"index","follow":"follow","max-snippet":"max-snippet:-1","max-image-preview":"max-image-preview:large","max-video-preview":"max-video-preview:-1"},"canonical":"https:\/\/incadebolivia.com\/?p=386","og_locale":"es_ES","og_type":"article","og_title":"Montero se moviliza en la 2da campa\u00f1a de limpieza en barrios y comunidades - INCADE","og_description":"Con la premisa de un \u201cMontero te quiero limpio y sano\u201d autoridades, dirigentes, representantes de instituciones y vecinos se realiza la segunda campa\u00f1a de limpieza en barrios y comunidades de Montero denominada \u201cMontero te quiero limpio y sano\u201d.","og_url":"https:\/\/incadebolivia.com\/?p=386","og_site_name":"INCADE","article_publisher":"https:\/\/www.facebook.com\/IncadeMontero","article_published_time":"2024-02-14T15:02:25+00:00","article_modified_time":"2024-02-15T15:09:20+00:00","og_image":[{"width":1600,"height":1200,"url":"https:\/\/incadebolivia.com\/wp-content\/uploads\/2024\/02\/mon4.jpg","type":"image\/jpeg"}],"author":"INCADE","twitter_card":"summary_large_image","twitter_misc":{"Escrito por":"INCADE","Tiempo de lectura":"1 minuto"},"schema":{"@context":"https:\/\/schema.org","@graph":[{"@type":"Article","@id":"https:\/\/incadebolivia.com\/?p=386#article","isPartOf":{"@id":"https:\/\/incadebolivia.com\/?p=386"},"author":{"name":"INCADE","@id":"https:\/\/incadebolivia.com\/#\/schema\/person\/7c960bd9d6253dfb1820037a95b6ec50"},"headline":"Montero se moviliza en la 2da campa\u00f1a de limpieza en barrios y comunidades","datePublished":"2024-02-14T15:02:25+00:00","dateModified":"2024-02-15T15:09:20+00:00","mainEntityOfPage":{"@id":"https:\/\/incadebolivia.com\/?p=386"},"wordCount":188,"commentCount":0,"publisher":{"@id":"https:\/\/incadebolivia.com\/#organization"},"image":{"@id":"https:\/\/incadebolivia.com\/?p=386#primaryimage"},"thumbnailUrl":"https:\/\/incadebolivia.com\/wp-content\/uploads\/2024\/02\/mon4.jpg","articleSection":["Noticias"],"inLanguage":"es","potentialAction":[{"@type":"CommentAction","name":"Comment","target":["https:\/\/incadebolivia.com\/?p=386#respond"]}]},{"@type":"WebPage","@id":"https:\/\/incadebolivia.com\/?p=386","url":"https:\/\/incadebolivia.com\/?p=386","name":"Montero se moviliza en la 2da campa\u00f1a de limpieza en barrios y comunidades - INCADE","isPartOf":{"@id":"https:\/\/incadebolivia.com\/#website"},"primaryImageOfPage":{"@id":"https:\/\/incadebolivia.com\/?p=386#primaryimage"},"image":{"@id":"https:\/\/incadebolivia.com\/?p=386#primaryimage"},"thumbnailUrl":"https:\/\/incadebolivia.com\/wp-content\/uploads\/2024\/02\/mon4.jpg","datePublished":"2024-02-14T15:02:25+00:00","dateModified":"2024-02-15T15:09:20+00:00","breadcrumb":{"@id":"https:\/\/incadebolivia.com\/?p=386#breadcrumb"},"inLanguage":"es","potentialAction":[{"@type":"ReadAction","target":["https:\/\/incadebolivia.com\/?p=386"]}]},{"@type":"ImageObject","inLanguage":"es","@id":"https:\/\/incadebolivia.com\/?p=386#primaryimage","url":"https:\/\/incadebolivia.com\/wp-content\/uploads\/2024\/02\/mon4.jpg","contentUrl":"https:\/\/incadebolivia.com\/wp-content\/uploads\/2024\/02\/mon4.jpg","width":1600,"height":1200},{"@type":"BreadcrumbList","@id":"https:\/\/incadebolivia.com\/?p=386#breadcrumb","itemListElement":[{"@type":"ListItem","position":1,"name":"Portada","item":"https:\/\/incadebolivia.com\/"},{"@type":"ListItem","position":2,"name":"Montero se moviliza en la 2da campa\u00f1a de limpieza en barrios y comunidades"}]},{"@type":"WebSite","@id":"https:\/\/incadebolivia.com\/#website","url":"https:\/\/incadebolivia.com\/","name":"INCADE","description":"Instituto de Capacitaci\u00f3n para el Desarrollo","publisher":{"@id":"https:\/\/incadebolivia.com\/#organization"},"potentialAction":[{"@type":"SearchAction","target":{"@type":"EntryPoint","urlTemplate":"https:\/\/incadebolivia.com\/?s={search_term_string}"},"query-input":{"@type":"PropertyValueSpecification","valueRequired":true,"valueName":"search_term_string"}}],"inLanguage":"es"},{"@type":"Organization","@id":"https:\/\/incadebolivia.com\/#organization","name":"Instituto de Capacitaci\u00f3n para el Desarrollo","url":"https:\/\/incadebolivia.com\/","logo":{"@type":"ImageObject","inLanguage":"es","@id":"https:\/\/incadebolivia.com\/#\/schema\/logo\/image\/","url":"https:\/\/incadebolivia.com\/wp-content\/uploads\/2025\/07\/ligo-inade.png","contentUrl":"https:\/\/incadebolivia.com\/wp-content\/uploads\/2025\/07\/ligo-inade.png","width":430,"height":128,"caption":"Instituto de Capacitaci\u00f3n para el Desarrollo"},"image":{"@id":"https:\/\/incadebolivia.com\/#\/schema\/logo\/image\/"},"sameAs":["https:\/\/www.facebook.com\/IncadeMontero"]},{"@type":"Person","@id":"https:\/\/incadebolivia.com\/#\/schema\/person\/7c960bd9d6253dfb1820037a95b6ec50","name":"INCADE","image":{"@type":"ImageObject","inLanguage":"es","@id":"https:\/\/secure.gravatar.com\/avatar\/bf27e9186df568254093afa216f887fece17605302c6ff12f3980422fffa52e6?s=96&d=mm&r=g","url":"https:\/\/secure.gravatar.com\/avatar\/bf27e9186df568254093afa216f887fece17605302c6ff12f3980422fffa52e6?s=96&d=mm&r=g","contentUrl":"https:\/\/secure.gravatar.com\/avatar\/bf27e9186df568254093afa216f887fece17605302c6ff12f3980422fffa52e6?s=96&d=mm&r=g","caption":"INCADE"},"sameAs":["https:\/\/incadebolivia.com"],"url":"https:\/\/incadebolivia.com\/?author=1"}]}},"_links":{"self":[{"href":"https:\/\/incadebolivia.com\/index.php?rest_route=\/wp\/v2\/posts\/386","targetHints":{"allow":["GET"]}}],"collection":[{"href":"https:\/\/incadebolivia.com\/index.php?rest_route=\/wp\/v2\/posts"}],"about":[{"href":"https:\/\/incadebolivia.com\/index.php?rest_route=\/wp\/v2\/types\/post"}],"author":[{"embeddable":true,"href":"https:\/\/incadebolivia.com\/index.php?rest_route=\/wp\/v2\/users\/1"}],"replies":[{"embeddable":true,"href":"https:\/\/incadebolivia.com\/index.php?rest_route=%2Fwp%2Fv2%2Fcomments&post=386"}],"version-history":[{"count":2,"href":"https:\/\/incadebolivia.com\/index.php?rest_route=\/wp\/v2\/posts\/386\/revisions"}],"predecessor-version":[{"id":442,"href":"https:\/\/incadebolivia.com\/index.php?rest_route=\/wp\/v2\/posts\/386\/revisions\/442"}],"wp:featuredmedia":[{"embeddable":true,"href":"https:\/\/incadebolivia.com\/index.php?rest_route=\/wp\/v2\/media\/387"}],"wp:attachment":[{"href":"https:\/\/incadebolivia.com\/index.php?rest_route=%2Fwp%2Fv2%2Fmedia&parent=386"}],"wp:term":[{"taxonomy":"category","embeddable":true,"href":"https:\/\/incadebolivia.com\/index.php?rest_route=%2Fwp%2Fv2%2Fcategories&post=386"},{"taxonomy":"post_tag","embeddable":true,"href":"https:\/\/incadebolivia.com\/index.php?rest_route=%2Fwp%2Fv2%2Ftags&post=386"}],"curies":[{"name":"wp","href":"https:\/\/api.w.org\/{rel}","templated":true}]}}