{"id":440,"date":"2024-02-15T11:07:28","date_gmt":"2024-02-15T15:07:28","guid":{"rendered":"https:\/\/incadebolivia.com\/?p=440"},"modified":"2024-02-15T11:07:29","modified_gmt":"2024-02-15T15:07:29","slug":"dia-internacional-de-lucha-contra-el-cancer-infantil","status":"publish","type":"post","link":"https:\/\/incadebolivia.com\/?p=440","title":{"rendered":"D\u00eda internacional de lucha contra el c\u00e1ncer infantil"},"content":{"rendered":"\n<p><\/p>\n\n\n<div dir=\"auto\">Cada 15 de febrero recordamos el d\u00eda internacional de lucha contra el c\u00e1ncer infantil.<\/div>\n<div dir=\"auto\">El c\u00e1ncer es una de las principales causas de mortalidad entre ni\u00f1os y adolescentes en todo el mundo; cada a\u00f1o se diagnostica c\u00e1ncer a aproximadamente 280.000 ni\u00f1os de entre 0 y 19 a\u00f1os.<\/div>\n<p><!--more--><\/p>\n<div dir=\"auto\">1 de cada 3 sobrevivientes de c\u00e1ncer infantil sufrir\u00e1 de condiciones cr\u00f3nicas al llegar a la adultez.<\/div>\n<div dir=\"auto\">Debemos de crear conciencia sobre el c\u00e1ncer infantil y expresar apoyo a los ni\u00f1os y adolescentes con c\u00e1ncer, los sobrevivientes y sus familias.<\/div><div style=\"margin-top: 0px; margin-bottom: 0px;\" class=\"sharethis-inline-reaction-buttons\" ><\/div>","protected":false},"excerpt":{"rendered":"<p>Cada 15 de febrero recordamos el d\u00eda internacional de lucha contra el c\u00e1ncer infantil. El c\u00e1ncer es una de las principales causas de mortalidad entre ni\u00f1os y adolescentes en todo el mundo; cada a\u00f1o se diagnostica c\u00e1ncer a aproximadamente 280.000 ni\u00f1os de entre 0 y 19 a\u00f1os.<\/p>\n","protected":false},"author":2,"featured_media":431,"comment_status":"open","ping_status":"open","sticky":false,"template":"","format":"standard","meta":{"footnotes":""},"categories":[25],"tags":[],"class_list":["post-440","post","type-post","status-publish","format-standard","has-post-thumbnail","hentry","category-noticias"],"yoast_head":"<!-- This site is optimized with the Yoast SEO plugin v27.4 - https:\/\/yoast.com\/product\/yoast-seo-wordpress\/ -->\n<title>D\u00eda internacional de lucha contra el c\u00e1ncer infantil - INCADE<\/title>\n<meta name=\"robots\" content=\"index, follow, max-snippet:-1, max-image-preview:large, max-video-preview:-1\" \/>\n<link rel=\"canonical\" href=\"https:\/\/incadebolivia.com\/?p=440\" \/>\n<meta property=\"og:locale\" content=\"es_ES\" \/>\n<meta property=\"og:type\" content=\"article\" \/>\n<meta property=\"og:title\" content=\"D\u00eda internacional de lucha contra el c\u00e1ncer infantil - INCADE\" \/>\n<meta property=\"og:description\" content=\"Cada 15 de febrero recordamos el d\u00eda internacional de lucha contra el c\u00e1ncer infantil. El c\u00e1ncer es una de las principales causas de mortalidad entre ni\u00f1os y adolescentes en todo el mundo; cada a\u00f1o se diagnostica c\u00e1ncer a aproximadamente 280.000 ni\u00f1os de entre 0 y 19 a\u00f1os.\" \/>\n<meta property=\"og:url\" content=\"https:\/\/incadebolivia.com\/?p=440\" \/>\n<meta property=\"og:site_name\" content=\"INCADE\" \/>\n<meta property=\"article:publisher\" content=\"https:\/\/www.facebook.com\/IncadeMontero\" \/>\n<meta property=\"article:published_time\" content=\"2024-02-15T15:07:28+00:00\" \/>\n<meta property=\"article:modified_time\" content=\"2024-02-15T15:07:29+00:00\" \/>\n<meta property=\"og:image\" content=\"https:\/\/incadebolivia.com\/wp-content\/uploads\/slider3\/anun1.jpeg\" \/>\n\t<meta property=\"og:image:width\" content=\"960\" \/>\n\t<meta property=\"og:image:height\" content=\"960\" \/>\n\t<meta property=\"og:image:type\" content=\"image\/jpeg\" \/>\n<meta name=\"author\" content=\"Walter Pablo Jaimes Ayala\" \/>\n<meta name=\"twitter:card\" content=\"summary_large_image\" \/>\n<meta name=\"twitter:label1\" content=\"Escrito por\" \/>\n\t<meta name=\"twitter:data1\" content=\"Walter Pablo Jaimes Ayala\" \/>\n<script type=\"application\/ld+json\" class=\"yoast-schema-graph\">{\"@context\":\"https:\\\/\\\/schema.org\",\"@graph\":[{\"@type\":\"Article\",\"@id\":\"https:\\\/\\\/incadebolivia.com\\\/?p=440#article\",\"isPartOf\":{\"@id\":\"https:\\\/\\\/incadebolivia.com\\\/?p=440\"},\"author\":{\"name\":\"Walter Pablo Jaimes Ayala\",\"@id\":\"https:\\\/\\\/incadebolivia.com\\\/#\\\/schema\\\/person\\\/a9718fcc8a602bd1c38f645585837a34\"},\"headline\":\"D\u00eda internacional de lucha contra el c\u00e1ncer infantil\",\"datePublished\":\"2024-02-15T15:07:28+00:00\",\"dateModified\":\"2024-02-15T15:07:29+00:00\",\"mainEntityOfPage\":{\"@id\":\"https:\\\/\\\/incadebolivia.com\\\/?p=440\"},\"wordCount\":104,\"commentCount\":0,\"publisher\":{\"@id\":\"https:\\\/\\\/incadebolivia.com\\\/#organization\"},\"image\":{\"@id\":\"https:\\\/\\\/incadebolivia.com\\\/?p=440#primaryimage\"},\"thumbnailUrl\":\"https:\\\/\\\/incadebolivia.com\\\/wp-content\\\/uploads\\\/slider3\\\/anun1.jpeg\",\"articleSection\":[\"Noticias\"],\"inLanguage\":\"es\",\"potentialAction\":[{\"@type\":\"CommentAction\",\"name\":\"Comment\",\"target\":[\"https:\\\/\\\/incadebolivia.com\\\/?p=440#respond\"]}]},{\"@type\":\"WebPage\",\"@id\":\"https:\\\/\\\/incadebolivia.com\\\/?p=440\",\"url\":\"https:\\\/\\\/incadebolivia.com\\\/?p=440\",\"name\":\"D\u00eda internacional de lucha contra el c\u00e1ncer infantil - INCADE\",\"isPartOf\":{\"@id\":\"https:\\\/\\\/incadebolivia.com\\\/#website\"},\"primaryImageOfPage\":{\"@id\":\"https:\\\/\\\/incadebolivia.com\\\/?p=440#primaryimage\"},\"image\":{\"@id\":\"https:\\\/\\\/incadebolivia.com\\\/?p=440#primaryimage\"},\"thumbnailUrl\":\"https:\\\/\\\/incadebolivia.com\\\/wp-content\\\/uploads\\\/slider3\\\/anun1.jpeg\",\"datePublished\":\"2024-02-15T15:07:28+00:00\",\"dateModified\":\"2024-02-15T15:07:29+00:00\",\"breadcrumb\":{\"@id\":\"https:\\\/\\\/incadebolivia.com\\\/?p=440#breadcrumb\"},\"inLanguage\":\"es\",\"potentialAction\":[{\"@type\":\"ReadAction\",\"target\":[\"https:\\\/\\\/incadebolivia.com\\\/?p=440\"]}]},{\"@type\":\"ImageObject\",\"inLanguage\":\"es\",\"@id\":\"https:\\\/\\\/incadebolivia.com\\\/?p=440#primaryimage\",\"url\":\"https:\\\/\\\/incadebolivia.com\\\/wp-content\\\/uploads\\\/slider3\\\/anun1.jpeg\",\"contentUrl\":\"https:\\\/\\\/incadebolivia.com\\\/wp-content\\\/uploads\\\/slider3\\\/anun1.jpeg\",\"width\":960,\"height\":960},{\"@type\":\"BreadcrumbList\",\"@id\":\"https:\\\/\\\/incadebolivia.com\\\/?p=440#breadcrumb\",\"itemListElement\":[{\"@type\":\"ListItem\",\"position\":1,\"name\":\"Portada\",\"item\":\"https:\\\/\\\/incadebolivia.com\\\/\"},{\"@type\":\"ListItem\",\"position\":2,\"name\":\"D\u00eda internacional de lucha contra el c\u00e1ncer infantil\"}]},{\"@type\":\"WebSite\",\"@id\":\"https:\\\/\\\/incadebolivia.com\\\/#website\",\"url\":\"https:\\\/\\\/incadebolivia.com\\\/\",\"name\":\"INCADE\",\"description\":\"Instituto de Capacitaci\u00f3n para el Desarrollo\",\"publisher\":{\"@id\":\"https:\\\/\\\/incadebolivia.com\\\/#organization\"},\"potentialAction\":[{\"@type\":\"SearchAction\",\"target\":{\"@type\":\"EntryPoint\",\"urlTemplate\":\"https:\\\/\\\/incadebolivia.com\\\/?s={search_term_string}\"},\"query-input\":{\"@type\":\"PropertyValueSpecification\",\"valueRequired\":true,\"valueName\":\"search_term_string\"}}],\"inLanguage\":\"es\"},{\"@type\":\"Organization\",\"@id\":\"https:\\\/\\\/incadebolivia.com\\\/#organization\",\"name\":\"Instituto de Capacitaci\u00f3n para el Desarrollo\",\"url\":\"https:\\\/\\\/incadebolivia.com\\\/\",\"logo\":{\"@type\":\"ImageObject\",\"inLanguage\":\"es\",\"@id\":\"https:\\\/\\\/incadebolivia.com\\\/#\\\/schema\\\/logo\\\/image\\\/\",\"url\":\"https:\\\/\\\/incadebolivia.com\\\/wp-content\\\/uploads\\\/2025\\\/07\\\/ligo-inade.png\",\"contentUrl\":\"https:\\\/\\\/incadebolivia.com\\\/wp-content\\\/uploads\\\/2025\\\/07\\\/ligo-inade.png\",\"width\":430,\"height\":128,\"caption\":\"Instituto de Capacitaci\u00f3n para el Desarrollo\"},\"image\":{\"@id\":\"https:\\\/\\\/incadebolivia.com\\\/#\\\/schema\\\/logo\\\/image\\\/\"},\"sameAs\":[\"https:\\\/\\\/www.facebook.com\\\/IncadeMontero\"]},{\"@type\":\"Person\",\"@id\":\"https:\\\/\\\/incadebolivia.com\\\/#\\\/schema\\\/person\\\/a9718fcc8a602bd1c38f645585837a34\",\"name\":\"Walter Pablo Jaimes Ayala\",\"image\":{\"@type\":\"ImageObject\",\"inLanguage\":\"es\",\"@id\":\"https:\\\/\\\/secure.gravatar.com\\\/avatar\\\/a31723501c0211f9ad6fab8cb3ed14d019011b11883bee9fccb41022bc5d6af7?s=96&d=mm&r=g\",\"url\":\"https:\\\/\\\/secure.gravatar.com\\\/avatar\\\/a31723501c0211f9ad6fab8cb3ed14d019011b11883bee9fccb41022bc5d6af7?s=96&d=mm&r=g\",\"contentUrl\":\"https:\\\/\\\/secure.gravatar.com\\\/avatar\\\/a31723501c0211f9ad6fab8cb3ed14d019011b11883bee9fccb41022bc5d6af7?s=96&d=mm&r=g\",\"caption\":\"Walter Pablo Jaimes Ayala\"},\"sameAs\":[\"http:\\\/\\\/incadebolivia.com\"],\"url\":\"https:\\\/\\\/incadebolivia.com\\\/?author=2\"}]}<\/script>\n<!-- \/ Yoast SEO plugin. -->","yoast_head_json":{"title":"D\u00eda internacional de lucha contra el c\u00e1ncer infantil - INCADE","robots":{"index":"index","follow":"follow","max-snippet":"max-snippet:-1","max-image-preview":"max-image-preview:large","max-video-preview":"max-video-preview:-1"},"canonical":"https:\/\/incadebolivia.com\/?p=440","og_locale":"es_ES","og_type":"article","og_title":"D\u00eda internacional de lucha contra el c\u00e1ncer infantil - INCADE","og_description":"Cada 15 de febrero recordamos el d\u00eda internacional de lucha contra el c\u00e1ncer infantil. El c\u00e1ncer es una de las principales causas de mortalidad entre ni\u00f1os y adolescentes en todo el mundo; cada a\u00f1o se diagnostica c\u00e1ncer a aproximadamente 280.000 ni\u00f1os de entre 0 y 19 a\u00f1os.","og_url":"https:\/\/incadebolivia.com\/?p=440","og_site_name":"INCADE","article_publisher":"https:\/\/www.facebook.com\/IncadeMontero","article_published_time":"2024-02-15T15:07:28+00:00","article_modified_time":"2024-02-15T15:07:29+00:00","og_image":[{"width":960,"height":960,"url":"https:\/\/incadebolivia.com\/wp-content\/uploads\/slider3\/anun1.jpeg","type":"image\/jpeg"}],"author":"Walter Pablo Jaimes Ayala","twitter_card":"summary_large_image","twitter_misc":{"Escrito por":"Walter Pablo Jaimes Ayala"},"schema":{"@context":"https:\/\/schema.org","@graph":[{"@type":"Article","@id":"https:\/\/incadebolivia.com\/?p=440#article","isPartOf":{"@id":"https:\/\/incadebolivia.com\/?p=440"},"author":{"name":"Walter Pablo Jaimes Ayala","@id":"https:\/\/incadebolivia.com\/#\/schema\/person\/a9718fcc8a602bd1c38f645585837a34"},"headline":"D\u00eda internacional de lucha contra el c\u00e1ncer infantil","datePublished":"2024-02-15T15:07:28+00:00","dateModified":"2024-02-15T15:07:29+00:00","mainEntityOfPage":{"@id":"https:\/\/incadebolivia.com\/?p=440"},"wordCount":104,"commentCount":0,"publisher":{"@id":"https:\/\/incadebolivia.com\/#organization"},"image":{"@id":"https:\/\/incadebolivia.com\/?p=440#primaryimage"},"thumbnailUrl":"https:\/\/incadebolivia.com\/wp-content\/uploads\/slider3\/anun1.jpeg","articleSection":["Noticias"],"inLanguage":"es","potentialAction":[{"@type":"CommentAction","name":"Comment","target":["https:\/\/incadebolivia.com\/?p=440#respond"]}]},{"@type":"WebPage","@id":"https:\/\/incadebolivia.com\/?p=440","url":"https:\/\/incadebolivia.com\/?p=440","name":"D\u00eda internacional de lucha contra el c\u00e1ncer infantil - INCADE","isPartOf":{"@id":"https:\/\/incadebolivia.com\/#website"},"primaryImageOfPage":{"@id":"https:\/\/incadebolivia.com\/?p=440#primaryimage"},"image":{"@id":"https:\/\/incadebolivia.com\/?p=440#primaryimage"},"thumbnailUrl":"https:\/\/incadebolivia.com\/wp-content\/uploads\/slider3\/anun1.jpeg","datePublished":"2024-02-15T15:07:28+00:00","dateModified":"2024-02-15T15:07:29+00:00","breadcrumb":{"@id":"https:\/\/incadebolivia.com\/?p=440#breadcrumb"},"inLanguage":"es","potentialAction":[{"@type":"ReadAction","target":["https:\/\/incadebolivia.com\/?p=440"]}]},{"@type":"ImageObject","inLanguage":"es","@id":"https:\/\/incadebolivia.com\/?p=440#primaryimage","url":"https:\/\/incadebolivia.com\/wp-content\/uploads\/slider3\/anun1.jpeg","contentUrl":"https:\/\/incadebolivia.com\/wp-content\/uploads\/slider3\/anun1.jpeg","width":960,"height":960},{"@type":"BreadcrumbList","@id":"https:\/\/incadebolivia.com\/?p=440#breadcrumb","itemListElement":[{"@type":"ListItem","position":1,"name":"Portada","item":"https:\/\/incadebolivia.com\/"},{"@type":"ListItem","position":2,"name":"D\u00eda internacional de lucha contra el c\u00e1ncer infantil"}]},{"@type":"WebSite","@id":"https:\/\/incadebolivia.com\/#website","url":"https:\/\/incadebolivia.com\/","name":"INCADE","description":"Instituto de Capacitaci\u00f3n para el Desarrollo","publisher":{"@id":"https:\/\/incadebolivia.com\/#organization"},"potentialAction":[{"@type":"SearchAction","target":{"@type":"EntryPoint","urlTemplate":"https:\/\/incadebolivia.com\/?s={search_term_string}"},"query-input":{"@type":"PropertyValueSpecification","valueRequired":true,"valueName":"search_term_string"}}],"inLanguage":"es"},{"@type":"Organization","@id":"https:\/\/incadebolivia.com\/#organization","name":"Instituto de Capacitaci\u00f3n para el Desarrollo","url":"https:\/\/incadebolivia.com\/","logo":{"@type":"ImageObject","inLanguage":"es","@id":"https:\/\/incadebolivia.com\/#\/schema\/logo\/image\/","url":"https:\/\/incadebolivia.com\/wp-content\/uploads\/2025\/07\/ligo-inade.png","contentUrl":"https:\/\/incadebolivia.com\/wp-content\/uploads\/2025\/07\/ligo-inade.png","width":430,"height":128,"caption":"Instituto de Capacitaci\u00f3n para el Desarrollo"},"image":{"@id":"https:\/\/incadebolivia.com\/#\/schema\/logo\/image\/"},"sameAs":["https:\/\/www.facebook.com\/IncadeMontero"]},{"@type":"Person","@id":"https:\/\/incadebolivia.com\/#\/schema\/person\/a9718fcc8a602bd1c38f645585837a34","name":"Walter Pablo Jaimes Ayala","image":{"@type":"ImageObject","inLanguage":"es","@id":"https:\/\/secure.gravatar.com\/avatar\/a31723501c0211f9ad6fab8cb3ed14d019011b11883bee9fccb41022bc5d6af7?s=96&d=mm&r=g","url":"https:\/\/secure.gravatar.com\/avatar\/a31723501c0211f9ad6fab8cb3ed14d019011b11883bee9fccb41022bc5d6af7?s=96&d=mm&r=g","contentUrl":"https:\/\/secure.gravatar.com\/avatar\/a31723501c0211f9ad6fab8cb3ed14d019011b11883bee9fccb41022bc5d6af7?s=96&d=mm&r=g","caption":"Walter Pablo Jaimes Ayala"},"sameAs":["http:\/\/incadebolivia.com"],"url":"https:\/\/incadebolivia.com\/?author=2"}]}},"_links":{"self":[{"href":"https:\/\/incadebolivia.com\/index.php?rest_route=\/wp\/v2\/posts\/440","targetHints":{"allow":["GET"]}}],"collection":[{"href":"https:\/\/incadebolivia.com\/index.php?rest_route=\/wp\/v2\/posts"}],"about":[{"href":"https:\/\/incadebolivia.com\/index.php?rest_route=\/wp\/v2\/types\/post"}],"author":[{"embeddable":true,"href":"https:\/\/incadebolivia.com\/index.php?rest_route=\/wp\/v2\/users\/2"}],"replies":[{"embeddable":true,"href":"https:\/\/incadebolivia.com\/index.php?rest_route=%2Fwp%2Fv2%2Fcomments&post=440"}],"version-history":[{"count":1,"href":"https:\/\/incadebolivia.com\/index.php?rest_route=\/wp\/v2\/posts\/440\/revisions"}],"predecessor-version":[{"id":441,"href":"https:\/\/incadebolivia.com\/index.php?rest_route=\/wp\/v2\/posts\/440\/revisions\/441"}],"wp:featuredmedia":[{"embeddable":true,"href":"https:\/\/incadebolivia.com\/index.php?rest_route=\/wp\/v2\/media\/431"}],"wp:attachment":[{"href":"https:\/\/incadebolivia.com\/index.php?rest_route=%2Fwp%2Fv2%2Fmedia&parent=440"}],"wp:term":[{"taxonomy":"category","embeddable":true,"href":"https:\/\/incadebolivia.com\/index.php?rest_route=%2Fwp%2Fv2%2Fcategories&post=440"},{"taxonomy":"post_tag","embeddable":true,"href":"https:\/\/incadebolivia.com\/index.php?rest_route=%2Fwp%2Fv2%2Ftags&post=440"}],"curies":[{"name":"wp","href":"https:\/\/api.w.org\/{rel}","templated":true}]}}