{"id":453,"date":"2024-02-29T05:50:32","date_gmt":"2024-02-29T09:50:32","guid":{"rendered":"https:\/\/incadebolivia.com\/?p=453"},"modified":"2024-03-01T05:57:59","modified_gmt":"2024-03-01T09:57:59","slug":"el-incade-firmo-acuerdo-interinstitucional-con-la-normal-rafael-chavez-ortiz-de-portachuelo","status":"publish","type":"post","link":"https:\/\/incadebolivia.com\/?p=453","title":{"rendered":"El INCADE firm\u00f3 acuerdo interinstitucional con la Normal Rafael Ch\u00e1vez Ortiz de Portachuelo"},"content":{"rendered":"<p>El Instituto de Capacitaci\u00f3n para el Desarrollo INCADE con asiento en Montero, concret\u00f3 la firma de un acuerdo interinstitucional con la Escuela Superior de Formaci\u00f3n de Maestros (E.S.F.M.) \u201cRafael Ch\u00e1vez Ortiz\u201d para capacitar a los futuros docentes en la tem\u00e1tica de alimentaci\u00f3n saludable y cuidado y protecci\u00f3n del medio ambiente.<!--more--><\/p>\n<p>La directora del INCADE Lic. Adriana Montero dijo que es una satisfacci\u00f3n haber recibido la solicitud del director de esta escuela formadora de maestros para estrechar lazos de cooperaci\u00f3n en bien de la ni\u00f1ez y juventud; \u201cse trata de la formaci\u00f3n de futuros maestros, es llegar al coraz\u00f3n de la educaci\u00f3n; es en ese sentido que el INCADE capacitar\u00e1 a los futuros maestros en las tem\u00e1ticas de alimentaci\u00f3n y cuidado del medio ambiente y la Normal por lado enviar\u00e1 a los estudiantes que est\u00e1n por egresar a hacer su pr\u00e1cticas en las unidades educativas donde se desarrolla el proyecto Escuelas Saludables dijo Adriana Montero.<\/p>\n<p>Por su parte el director general de la E.S.F.M. \u201cRafael Ch\u00e1vez Ortiz\u201d Lic. Agust\u00edn Flores remarc\u00f3 la importancia de dinamizar la formaci\u00f3n de futuros maestros ya que el proyecto socio productivo de la escuela normal est\u00e1 relacionada con la tem\u00e1tica de salud; es por eso la importancia de esta alianza que fortalecer\u00e1 la formaci\u00f3n de los estudiantes que se ver\u00e1 reflejado en las aulas dijo Agust\u00edn Flores.<\/p>\n<p>El convenio fue firmado este mi\u00e9rcoles en Portachuelo entre el director general de la E.S.F.M. Lic. Agust\u00edn Flores y la directora del INCADE Lic. Adriana Montero de Burela, en presencia de los funcionarios del INCADE y los maestros, futuros maestros de la mencionada instituci\u00f3n formadora de maestros.<\/p>\n\n\n<figure class=\"wp-block-gallery has-nested-images columns-default is-cropped wp-block-gallery-1 is-layout-flex wp-block-gallery-is-layout-flex\">\n<figure class=\"wp-block-image size-large\"><img loading=\"lazy\" decoding=\"async\" width=\"1024\" height=\"768\" data-id=\"458\" src=\"https:\/\/incadebolivia.com\/wp-content\/uploads\/2024\/03\/IMG-20240229-WA0118-1024x768.jpg\" alt=\"\" class=\"wp-image-458\" srcset=\"https:\/\/incadebolivia.com\/wp-content\/uploads\/2024\/03\/IMG-20240229-WA0118-1024x768.jpg 1024w, https:\/\/incadebolivia.com\/wp-content\/uploads\/2024\/03\/IMG-20240229-WA0118-300x225.jpg 300w, https:\/\/incadebolivia.com\/wp-content\/uploads\/2024\/03\/IMG-20240229-WA0118-768x576.jpg 768w, https:\/\/incadebolivia.com\/wp-content\/uploads\/2024\/03\/IMG-20240229-WA0118-1536x1152.jpg 1536w, https:\/\/incadebolivia.com\/wp-content\/uploads\/2024\/03\/IMG-20240229-WA0118.jpg 1600w\" sizes=\"auto, (max-width: 1024px) 100vw, 1024px\" \/><\/figure>\n\n\n\n<figure class=\"wp-block-image size-large\"><img loading=\"lazy\" decoding=\"async\" width=\"1024\" height=\"768\" data-id=\"456\" src=\"https:\/\/incadebolivia.com\/wp-content\/uploads\/2024\/03\/IMG-20240229-WA0117-1024x768.jpg\" alt=\"\" class=\"wp-image-456\" srcset=\"https:\/\/incadebolivia.com\/wp-content\/uploads\/2024\/03\/IMG-20240229-WA0117-1024x768.jpg 1024w, https:\/\/incadebolivia.com\/wp-content\/uploads\/2024\/03\/IMG-20240229-WA0117-300x225.jpg 300w, https:\/\/incadebolivia.com\/wp-content\/uploads\/2024\/03\/IMG-20240229-WA0117-768x576.jpg 768w, https:\/\/incadebolivia.com\/wp-content\/uploads\/2024\/03\/IMG-20240229-WA0117-1536x1152.jpg 1536w, https:\/\/incadebolivia.com\/wp-content\/uploads\/2024\/03\/IMG-20240229-WA0117.jpg 1600w\" sizes=\"auto, (max-width: 1024px) 100vw, 1024px\" \/><\/figure>\n\n\n\n<figure class=\"wp-block-image size-large\"><img loading=\"lazy\" decoding=\"async\" width=\"1024\" height=\"768\" data-id=\"457\" src=\"https:\/\/incadebolivia.com\/wp-content\/uploads\/2024\/03\/IMG-20240229-WA0116-1024x768.jpg\" alt=\"\" class=\"wp-image-457\" srcset=\"https:\/\/incadebolivia.com\/wp-content\/uploads\/2024\/03\/IMG-20240229-WA0116-1024x768.jpg 1024w, https:\/\/incadebolivia.com\/wp-content\/uploads\/2024\/03\/IMG-20240229-WA0116-300x225.jpg 300w, https:\/\/incadebolivia.com\/wp-content\/uploads\/2024\/03\/IMG-20240229-WA0116-768x576.jpg 768w, https:\/\/incadebolivia.com\/wp-content\/uploads\/2024\/03\/IMG-20240229-WA0116-1536x1152.jpg 1536w, https:\/\/incadebolivia.com\/wp-content\/uploads\/2024\/03\/IMG-20240229-WA0116.jpg 1600w\" sizes=\"auto, (max-width: 1024px) 100vw, 1024px\" \/><\/figure>\n\n\n\n<figure class=\"wp-block-image size-large\"><img loading=\"lazy\" decoding=\"async\" width=\"768\" height=\"1024\" data-id=\"455\" src=\"https:\/\/incadebolivia.com\/wp-content\/uploads\/2024\/03\/IMG-20240229-WA0115-768x1024.jpg\" alt=\"\" class=\"wp-image-455\" srcset=\"https:\/\/incadebolivia.com\/wp-content\/uploads\/2024\/03\/IMG-20240229-WA0115-768x1024.jpg 768w, https:\/\/incadebolivia.com\/wp-content\/uploads\/2024\/03\/IMG-20240229-WA0115-225x300.jpg 225w, https:\/\/incadebolivia.com\/wp-content\/uploads\/2024\/03\/IMG-20240229-WA0115-1152x1536.jpg 1152w, https:\/\/incadebolivia.com\/wp-content\/uploads\/2024\/03\/IMG-20240229-WA0115.jpg 1200w\" sizes=\"auto, (max-width: 768px) 100vw, 768px\" \/><\/figure>\n<\/figure>\n<div style=\"margin-top: 0px; margin-bottom: 0px;\" class=\"sharethis-inline-reaction-buttons\" ><\/div>","protected":false},"excerpt":{"rendered":"<p>El Instituto de Capacitaci\u00f3n para el Desarrollo INCADE con asiento en Montero, concret\u00f3 la firma de un acuerdo interinstitucional con la Escuela Superior de Formaci\u00f3n de Maestros (E.S.F.M.) \u201cRafael Ch\u00e1vez Ortiz\u201d para capacitar a los futuros docentes en la tem\u00e1tica de alimentaci\u00f3n saludable y cuidado y protecci\u00f3n del medio ambiente.<\/p>\n","protected":false},"author":1,"featured_media":454,"comment_status":"open","ping_status":"open","sticky":false,"template":"","format":"standard","meta":{"footnotes":""},"categories":[25],"tags":[],"class_list":["post-453","post","type-post","status-publish","format-standard","has-post-thumbnail","hentry","category-noticias"],"yoast_head":"<!-- This site is optimized with the Yoast SEO plugin v27.4 - https:\/\/yoast.com\/product\/yoast-seo-wordpress\/ -->\n<title>El INCADE firm\u00f3 acuerdo interinstitucional con la Normal Rafael Ch\u00e1vez Ortiz de Portachuelo - INCADE<\/title>\n<meta name=\"robots\" content=\"index, follow, max-snippet:-1, max-image-preview:large, max-video-preview:-1\" \/>\n<link rel=\"canonical\" href=\"https:\/\/incadebolivia.com\/?p=453\" \/>\n<meta property=\"og:locale\" content=\"es_ES\" \/>\n<meta property=\"og:type\" content=\"article\" \/>\n<meta property=\"og:title\" content=\"El INCADE firm\u00f3 acuerdo interinstitucional con la Normal Rafael Ch\u00e1vez Ortiz de Portachuelo - INCADE\" \/>\n<meta property=\"og:description\" content=\"El Instituto de Capacitaci\u00f3n para el Desarrollo INCADE con asiento en Montero, concret\u00f3 la firma de un acuerdo interinstitucional con la Escuela Superior de Formaci\u00f3n de Maestros (E.S.F.M.) \u201cRafael Ch\u00e1vez Ortiz\u201d para capacitar a los futuros docentes en la tem\u00e1tica de alimentaci\u00f3n saludable y cuidado y protecci\u00f3n del medio ambiente.\" \/>\n<meta property=\"og:url\" content=\"https:\/\/incadebolivia.com\/?p=453\" \/>\n<meta property=\"og:site_name\" content=\"INCADE\" \/>\n<meta property=\"article:publisher\" content=\"https:\/\/www.facebook.com\/IncadeMontero\" \/>\n<meta property=\"article:published_time\" content=\"2024-02-29T09:50:32+00:00\" \/>\n<meta property=\"article:modified_time\" content=\"2024-03-01T09:57:59+00:00\" \/>\n<meta property=\"og:image\" content=\"https:\/\/incadebolivia.com\/wp-content\/uploads\/2024\/03\/Imagen-de-WhatsApp-2024-02-29-a-las-14.24.51_d490968c.jpg\" \/>\n\t<meta property=\"og:image:width\" content=\"1600\" \/>\n\t<meta property=\"og:image:height\" content=\"1200\" \/>\n\t<meta property=\"og:image:type\" content=\"image\/jpeg\" \/>\n<meta name=\"author\" content=\"INCADE\" \/>\n<meta name=\"twitter:card\" content=\"summary_large_image\" \/>\n<meta name=\"twitter:label1\" content=\"Escrito por\" \/>\n\t<meta name=\"twitter:data1\" content=\"INCADE\" \/>\n\t<meta name=\"twitter:label2\" content=\"Tiempo de lectura\" \/>\n\t<meta name=\"twitter:data2\" content=\"2 minutos\" \/>\n<script type=\"application\/ld+json\" class=\"yoast-schema-graph\">{\"@context\":\"https:\\\/\\\/schema.org\",\"@graph\":[{\"@type\":\"Article\",\"@id\":\"https:\\\/\\\/incadebolivia.com\\\/?p=453#article\",\"isPartOf\":{\"@id\":\"https:\\\/\\\/incadebolivia.com\\\/?p=453\"},\"author\":{\"name\":\"INCADE\",\"@id\":\"https:\\\/\\\/incadebolivia.com\\\/#\\\/schema\\\/person\\\/7c960bd9d6253dfb1820037a95b6ec50\"},\"headline\":\"El INCADE firm\u00f3 acuerdo interinstitucional con la Normal Rafael Ch\u00e1vez Ortiz de Portachuelo\",\"datePublished\":\"2024-02-29T09:50:32+00:00\",\"dateModified\":\"2024-03-01T09:57:59+00:00\",\"mainEntityOfPage\":{\"@id\":\"https:\\\/\\\/incadebolivia.com\\\/?p=453\"},\"wordCount\":316,\"commentCount\":0,\"publisher\":{\"@id\":\"https:\\\/\\\/incadebolivia.com\\\/#organization\"},\"image\":{\"@id\":\"https:\\\/\\\/incadebolivia.com\\\/?p=453#primaryimage\"},\"thumbnailUrl\":\"https:\\\/\\\/incadebolivia.com\\\/wp-content\\\/uploads\\\/2024\\\/03\\\/Imagen-de-WhatsApp-2024-02-29-a-las-14.24.51_d490968c.jpg\",\"articleSection\":[\"Noticias\"],\"inLanguage\":\"es\",\"potentialAction\":[{\"@type\":\"CommentAction\",\"name\":\"Comment\",\"target\":[\"https:\\\/\\\/incadebolivia.com\\\/?p=453#respond\"]}]},{\"@type\":\"WebPage\",\"@id\":\"https:\\\/\\\/incadebolivia.com\\\/?p=453\",\"url\":\"https:\\\/\\\/incadebolivia.com\\\/?p=453\",\"name\":\"El INCADE firm\u00f3 acuerdo interinstitucional con la Normal Rafael Ch\u00e1vez Ortiz de Portachuelo - INCADE\",\"isPartOf\":{\"@id\":\"https:\\\/\\\/incadebolivia.com\\\/#website\"},\"primaryImageOfPage\":{\"@id\":\"https:\\\/\\\/incadebolivia.com\\\/?p=453#primaryimage\"},\"image\":{\"@id\":\"https:\\\/\\\/incadebolivia.com\\\/?p=453#primaryimage\"},\"thumbnailUrl\":\"https:\\\/\\\/incadebolivia.com\\\/wp-content\\\/uploads\\\/2024\\\/03\\\/Imagen-de-WhatsApp-2024-02-29-a-las-14.24.51_d490968c.jpg\",\"datePublished\":\"2024-02-29T09:50:32+00:00\",\"dateModified\":\"2024-03-01T09:57:59+00:00\",\"breadcrumb\":{\"@id\":\"https:\\\/\\\/incadebolivia.com\\\/?p=453#breadcrumb\"},\"inLanguage\":\"es\",\"potentialAction\":[{\"@type\":\"ReadAction\",\"target\":[\"https:\\\/\\\/incadebolivia.com\\\/?p=453\"]}]},{\"@type\":\"ImageObject\",\"inLanguage\":\"es\",\"@id\":\"https:\\\/\\\/incadebolivia.com\\\/?p=453#primaryimage\",\"url\":\"https:\\\/\\\/incadebolivia.com\\\/wp-content\\\/uploads\\\/2024\\\/03\\\/Imagen-de-WhatsApp-2024-02-29-a-las-14.24.51_d490968c.jpg\",\"contentUrl\":\"https:\\\/\\\/incadebolivia.com\\\/wp-content\\\/uploads\\\/2024\\\/03\\\/Imagen-de-WhatsApp-2024-02-29-a-las-14.24.51_d490968c.jpg\",\"width\":1600,\"height\":1200,\"caption\":\"Firma de Convenio\"},{\"@type\":\"BreadcrumbList\",\"@id\":\"https:\\\/\\\/incadebolivia.com\\\/?p=453#breadcrumb\",\"itemListElement\":[{\"@type\":\"ListItem\",\"position\":1,\"name\":\"Portada\",\"item\":\"https:\\\/\\\/incadebolivia.com\\\/\"},{\"@type\":\"ListItem\",\"position\":2,\"name\":\"El INCADE firm\u00f3 acuerdo interinstitucional con la Normal Rafael Ch\u00e1vez Ortiz de Portachuelo\"}]},{\"@type\":\"WebSite\",\"@id\":\"https:\\\/\\\/incadebolivia.com\\\/#website\",\"url\":\"https:\\\/\\\/incadebolivia.com\\\/\",\"name\":\"INCADE\",\"description\":\"Instituto de Capacitaci\u00f3n para el Desarrollo\",\"publisher\":{\"@id\":\"https:\\\/\\\/incadebolivia.com\\\/#organization\"},\"potentialAction\":[{\"@type\":\"SearchAction\",\"target\":{\"@type\":\"EntryPoint\",\"urlTemplate\":\"https:\\\/\\\/incadebolivia.com\\\/?s={search_term_string}\"},\"query-input\":{\"@type\":\"PropertyValueSpecification\",\"valueRequired\":true,\"valueName\":\"search_term_string\"}}],\"inLanguage\":\"es\"},{\"@type\":\"Organization\",\"@id\":\"https:\\\/\\\/incadebolivia.com\\\/#organization\",\"name\":\"Instituto de Capacitaci\u00f3n para el Desarrollo\",\"url\":\"https:\\\/\\\/incadebolivia.com\\\/\",\"logo\":{\"@type\":\"ImageObject\",\"inLanguage\":\"es\",\"@id\":\"https:\\\/\\\/incadebolivia.com\\\/#\\\/schema\\\/logo\\\/image\\\/\",\"url\":\"https:\\\/\\\/incadebolivia.com\\\/wp-content\\\/uploads\\\/2025\\\/07\\\/ligo-inade.png\",\"contentUrl\":\"https:\\\/\\\/incadebolivia.com\\\/wp-content\\\/uploads\\\/2025\\\/07\\\/ligo-inade.png\",\"width\":430,\"height\":128,\"caption\":\"Instituto de Capacitaci\u00f3n para el Desarrollo\"},\"image\":{\"@id\":\"https:\\\/\\\/incadebolivia.com\\\/#\\\/schema\\\/logo\\\/image\\\/\"},\"sameAs\":[\"https:\\\/\\\/www.facebook.com\\\/IncadeMontero\"]},{\"@type\":\"Person\",\"@id\":\"https:\\\/\\\/incadebolivia.com\\\/#\\\/schema\\\/person\\\/7c960bd9d6253dfb1820037a95b6ec50\",\"name\":\"INCADE\",\"image\":{\"@type\":\"ImageObject\",\"inLanguage\":\"es\",\"@id\":\"https:\\\/\\\/secure.gravatar.com\\\/avatar\\\/bf27e9186df568254093afa216f887fece17605302c6ff12f3980422fffa52e6?s=96&d=mm&r=g\",\"url\":\"https:\\\/\\\/secure.gravatar.com\\\/avatar\\\/bf27e9186df568254093afa216f887fece17605302c6ff12f3980422fffa52e6?s=96&d=mm&r=g\",\"contentUrl\":\"https:\\\/\\\/secure.gravatar.com\\\/avatar\\\/bf27e9186df568254093afa216f887fece17605302c6ff12f3980422fffa52e6?s=96&d=mm&r=g\",\"caption\":\"INCADE\"},\"sameAs\":[\"https:\\\/\\\/incadebolivia.com\"],\"url\":\"https:\\\/\\\/incadebolivia.com\\\/?author=1\"}]}<\/script>\n<!-- \/ Yoast SEO plugin. -->","yoast_head_json":{"title":"El INCADE firm\u00f3 acuerdo interinstitucional con la Normal Rafael Ch\u00e1vez Ortiz de Portachuelo - INCADE","robots":{"index":"index","follow":"follow","max-snippet":"max-snippet:-1","max-image-preview":"max-image-preview:large","max-video-preview":"max-video-preview:-1"},"canonical":"https:\/\/incadebolivia.com\/?p=453","og_locale":"es_ES","og_type":"article","og_title":"El INCADE firm\u00f3 acuerdo interinstitucional con la Normal Rafael Ch\u00e1vez Ortiz de Portachuelo - INCADE","og_description":"El Instituto de Capacitaci\u00f3n para el Desarrollo INCADE con asiento en Montero, concret\u00f3 la firma de un acuerdo interinstitucional con la Escuela Superior de Formaci\u00f3n de Maestros (E.S.F.M.) \u201cRafael Ch\u00e1vez Ortiz\u201d para capacitar a los futuros docentes en la tem\u00e1tica de alimentaci\u00f3n saludable y cuidado y protecci\u00f3n del medio ambiente.","og_url":"https:\/\/incadebolivia.com\/?p=453","og_site_name":"INCADE","article_publisher":"https:\/\/www.facebook.com\/IncadeMontero","article_published_time":"2024-02-29T09:50:32+00:00","article_modified_time":"2024-03-01T09:57:59+00:00","og_image":[{"width":1600,"height":1200,"url":"https:\/\/incadebolivia.com\/wp-content\/uploads\/2024\/03\/Imagen-de-WhatsApp-2024-02-29-a-las-14.24.51_d490968c.jpg","type":"image\/jpeg"}],"author":"INCADE","twitter_card":"summary_large_image","twitter_misc":{"Escrito por":"INCADE","Tiempo de lectura":"2 minutos"},"schema":{"@context":"https:\/\/schema.org","@graph":[{"@type":"Article","@id":"https:\/\/incadebolivia.com\/?p=453#article","isPartOf":{"@id":"https:\/\/incadebolivia.com\/?p=453"},"author":{"name":"INCADE","@id":"https:\/\/incadebolivia.com\/#\/schema\/person\/7c960bd9d6253dfb1820037a95b6ec50"},"headline":"El INCADE firm\u00f3 acuerdo interinstitucional con la Normal Rafael Ch\u00e1vez Ortiz de Portachuelo","datePublished":"2024-02-29T09:50:32+00:00","dateModified":"2024-03-01T09:57:59+00:00","mainEntityOfPage":{"@id":"https:\/\/incadebolivia.com\/?p=453"},"wordCount":316,"commentCount":0,"publisher":{"@id":"https:\/\/incadebolivia.com\/#organization"},"image":{"@id":"https:\/\/incadebolivia.com\/?p=453#primaryimage"},"thumbnailUrl":"https:\/\/incadebolivia.com\/wp-content\/uploads\/2024\/03\/Imagen-de-WhatsApp-2024-02-29-a-las-14.24.51_d490968c.jpg","articleSection":["Noticias"],"inLanguage":"es","potentialAction":[{"@type":"CommentAction","name":"Comment","target":["https:\/\/incadebolivia.com\/?p=453#respond"]}]},{"@type":"WebPage","@id":"https:\/\/incadebolivia.com\/?p=453","url":"https:\/\/incadebolivia.com\/?p=453","name":"El INCADE firm\u00f3 acuerdo interinstitucional con la Normal Rafael Ch\u00e1vez Ortiz de Portachuelo - INCADE","isPartOf":{"@id":"https:\/\/incadebolivia.com\/#website"},"primaryImageOfPage":{"@id":"https:\/\/incadebolivia.com\/?p=453#primaryimage"},"image":{"@id":"https:\/\/incadebolivia.com\/?p=453#primaryimage"},"thumbnailUrl":"https:\/\/incadebolivia.com\/wp-content\/uploads\/2024\/03\/Imagen-de-WhatsApp-2024-02-29-a-las-14.24.51_d490968c.jpg","datePublished":"2024-02-29T09:50:32+00:00","dateModified":"2024-03-01T09:57:59+00:00","breadcrumb":{"@id":"https:\/\/incadebolivia.com\/?p=453#breadcrumb"},"inLanguage":"es","potentialAction":[{"@type":"ReadAction","target":["https:\/\/incadebolivia.com\/?p=453"]}]},{"@type":"ImageObject","inLanguage":"es","@id":"https:\/\/incadebolivia.com\/?p=453#primaryimage","url":"https:\/\/incadebolivia.com\/wp-content\/uploads\/2024\/03\/Imagen-de-WhatsApp-2024-02-29-a-las-14.24.51_d490968c.jpg","contentUrl":"https:\/\/incadebolivia.com\/wp-content\/uploads\/2024\/03\/Imagen-de-WhatsApp-2024-02-29-a-las-14.24.51_d490968c.jpg","width":1600,"height":1200,"caption":"Firma de Convenio"},{"@type":"BreadcrumbList","@id":"https:\/\/incadebolivia.com\/?p=453#breadcrumb","itemListElement":[{"@type":"ListItem","position":1,"name":"Portada","item":"https:\/\/incadebolivia.com\/"},{"@type":"ListItem","position":2,"name":"El INCADE firm\u00f3 acuerdo interinstitucional con la Normal Rafael Ch\u00e1vez Ortiz de Portachuelo"}]},{"@type":"WebSite","@id":"https:\/\/incadebolivia.com\/#website","url":"https:\/\/incadebolivia.com\/","name":"INCADE","description":"Instituto de Capacitaci\u00f3n para el Desarrollo","publisher":{"@id":"https:\/\/incadebolivia.com\/#organization"},"potentialAction":[{"@type":"SearchAction","target":{"@type":"EntryPoint","urlTemplate":"https:\/\/incadebolivia.com\/?s={search_term_string}"},"query-input":{"@type":"PropertyValueSpecification","valueRequired":true,"valueName":"search_term_string"}}],"inLanguage":"es"},{"@type":"Organization","@id":"https:\/\/incadebolivia.com\/#organization","name":"Instituto de Capacitaci\u00f3n para el Desarrollo","url":"https:\/\/incadebolivia.com\/","logo":{"@type":"ImageObject","inLanguage":"es","@id":"https:\/\/incadebolivia.com\/#\/schema\/logo\/image\/","url":"https:\/\/incadebolivia.com\/wp-content\/uploads\/2025\/07\/ligo-inade.png","contentUrl":"https:\/\/incadebolivia.com\/wp-content\/uploads\/2025\/07\/ligo-inade.png","width":430,"height":128,"caption":"Instituto de Capacitaci\u00f3n para el Desarrollo"},"image":{"@id":"https:\/\/incadebolivia.com\/#\/schema\/logo\/image\/"},"sameAs":["https:\/\/www.facebook.com\/IncadeMontero"]},{"@type":"Person","@id":"https:\/\/incadebolivia.com\/#\/schema\/person\/7c960bd9d6253dfb1820037a95b6ec50","name":"INCADE","image":{"@type":"ImageObject","inLanguage":"es","@id":"https:\/\/secure.gravatar.com\/avatar\/bf27e9186df568254093afa216f887fece17605302c6ff12f3980422fffa52e6?s=96&d=mm&r=g","url":"https:\/\/secure.gravatar.com\/avatar\/bf27e9186df568254093afa216f887fece17605302c6ff12f3980422fffa52e6?s=96&d=mm&r=g","contentUrl":"https:\/\/secure.gravatar.com\/avatar\/bf27e9186df568254093afa216f887fece17605302c6ff12f3980422fffa52e6?s=96&d=mm&r=g","caption":"INCADE"},"sameAs":["https:\/\/incadebolivia.com"],"url":"https:\/\/incadebolivia.com\/?author=1"}]}},"_links":{"self":[{"href":"https:\/\/incadebolivia.com\/index.php?rest_route=\/wp\/v2\/posts\/453","targetHints":{"allow":["GET"]}}],"collection":[{"href":"https:\/\/incadebolivia.com\/index.php?rest_route=\/wp\/v2\/posts"}],"about":[{"href":"https:\/\/incadebolivia.com\/index.php?rest_route=\/wp\/v2\/types\/post"}],"author":[{"embeddable":true,"href":"https:\/\/incadebolivia.com\/index.php?rest_route=\/wp\/v2\/users\/1"}],"replies":[{"embeddable":true,"href":"https:\/\/incadebolivia.com\/index.php?rest_route=%2Fwp%2Fv2%2Fcomments&post=453"}],"version-history":[{"count":1,"href":"https:\/\/incadebolivia.com\/index.php?rest_route=\/wp\/v2\/posts\/453\/revisions"}],"predecessor-version":[{"id":459,"href":"https:\/\/incadebolivia.com\/index.php?rest_route=\/wp\/v2\/posts\/453\/revisions\/459"}],"wp:featuredmedia":[{"embeddable":true,"href":"https:\/\/incadebolivia.com\/index.php?rest_route=\/wp\/v2\/media\/454"}],"wp:attachment":[{"href":"https:\/\/incadebolivia.com\/index.php?rest_route=%2Fwp%2Fv2%2Fmedia&parent=453"}],"wp:term":[{"taxonomy":"category","embeddable":true,"href":"https:\/\/incadebolivia.com\/index.php?rest_route=%2Fwp%2Fv2%2Fcategories&post=453"},{"taxonomy":"post_tag","embeddable":true,"href":"https:\/\/incadebolivia.com\/index.php?rest_route=%2Fwp%2Fv2%2Ftags&post=453"}],"curies":[{"name":"wp","href":"https:\/\/api.w.org\/{rel}","templated":true}]}}