{"id":462,"date":"2024-03-04T17:55:55","date_gmt":"2024-03-04T21:55:55","guid":{"rendered":"https:\/\/incadebolivia.com\/?p=462"},"modified":"2024-03-04T18:07:05","modified_gmt":"2024-03-04T22:07:05","slug":"el-peligro-de-la-obesidad-ronda-al-28-de-los-bolivianos","status":"publish","type":"post","link":"https:\/\/incadebolivia.com\/?p=462","title":{"rendered":"El peligro de la obesidad ronda al 28% de los bolivianos"},"content":{"rendered":"<p>El D\u00eda Mundial de la Obesidad es una fecha creada para generar conciencia en la poblaci\u00f3n. Se ha convertido en uno de los problemas de salud p\u00fablica m\u00e1s graves de la actualidad.<!--more--><\/p>\n<p>Cada 4 de marzo se celebra el D\u00eda Mundial contra la\u00a0<a href=\"https:\/\/eldeber.com.bo\/edicion-impresa\/obesidad-hipertension-y-diabetes-amenazan-la-salud-de-los-bolivianos_335913\">Obesidad<\/a>. Se trata de un llamado de la Organizaci\u00f3n Mundial de la Salud (OMS) para alertar sobre los riesgos que presenta esta condici\u00f3n.<\/p>\n<p>Nataly Dur\u00e1n, nutri\u00f3loga cl\u00ednica y docente de la Facultad de Ciencias de la Salud de la Universidad Privada Domingo Savio (UPDS), define a la obesidad como\u00a0<strong>un aumento de grasa corporal\u00a0<\/strong>por encima de par\u00e1metros normales.<\/p>\n<p>\u201cLos dep\u00f3sitos de grasa pueden establecer riesgos y determinar comorbilidades. Esto conlleva a un aumento no solo de la comorbilidad cardiovascular y metab\u00f3lica, sino tambi\u00e9n de la mortalidad\u201d explica la especialista. En ese sentido, la obesidad\u00a0<strong>se considera un factor de riesgo<\/strong>\u00a0de gran trascendencia como promotor de otras enfermedades.<\/p>\n<p>Latinoam\u00e9rica registra un notable incremento de las enfermedades cr\u00f3nicas no trasmisibles asociadas a estilos de vida no saludables.\u00a0<strong>La obesidad merece especial atenci\u00f3n,<\/strong>\u00a0ya que es una enfermedad cr\u00f3nica y factor de riesgo de muchas otras enfermedades cr\u00f3nicas, como la diabetes, las enfermedades cardiovasculares, la hipertensi\u00f3n y los accidentes cerebrovasculares, as\u00ed como varios tipos de c\u00e1ncer.<\/p>\n<p>La obesidad y el sobrepeso han alcanzado proporciones epid\u00e9micas. Am\u00e9rica Latina tiene la prevalencia m\u00e1s alta de todo el mundo seg\u00fan la Organizaci\u00f3n Mundial de la Salud, con<strong>\u00a0un 62,5% de adultos con sobrepeso\u00a0<\/strong>u obesidad.<\/p>\n<p>La epidemia<strong>\u00a0no es ajena a los ni\u00f1os y adolescentes<\/strong>. En el grupo de edad de 5 a 19 a\u00f1os, el 33,6% de los ni\u00f1os y adolescentes est\u00e1n afectados por sobrepeso u obesidad, y el 8% de los ni\u00f1os menores de cinco a\u00f1os, seg\u00fan las \u00faltimas estimaciones de UNICEF, la OMS y el Banco Mundial.<\/p>\n<p>Seg\u00fan la\u00a0Organizaci\u00f3n de las Naciones Unidas para la Alimentaci\u00f3n y la Agricultura (FAO), aproximadamente\u00a0<strong>el\u00a028%\u00a0de la poblaci\u00f3n boliviana sufre de obesidad.<\/strong>\u00a0\u201cAproximadamente\u00a03.6 millones de bolivianos estar\u00edan en\u00a0condici\u00f3n\u00a0de obesidad, lo que es realmente alarmante debido a las consecuencias que puede generar y lo que significar\u00eda para la salud p\u00fablica\u201d indica Dur\u00e1n.<\/p>\n<p>La nutri\u00f3loga identifica los siguientes\u00a0<strong>factores influyentes de obesidad:<\/strong><\/p>\n<p>&#8211;\u00a0<strong>H\u00e1bitos Alimenticios Inadecuados<\/strong>\u00a0como consumir alimentos ricos en calor\u00edas, grasas y az\u00facares y pocos nutrientes.<\/p>\n<p>&#8211;\u00a0<strong>Sedentarismo<\/strong>: La falta de ejercicio regular contribuye al aumento de peso.<\/p>\n<p>&#8211; Tambi\u00e9n se han reportado<strong>\u00a0factores gen\u00e9ticos\u00a0<\/strong>que pueden tener una predisposici\u00f3n a la obesidad.<\/p>\n<p><strong>&#8211; Factores sociales y culturales<\/strong>: el entorno, la educaci\u00f3n y las normas culturales influyen en los \u00e1mbitos nutritivos.<\/p>\n<p><strong>\u00bfC\u00f3mo pueden reducirse el sobrepeso y la obesidad?<\/strong><\/p>\n<p>El sobrepeso y la obesidad, as\u00ed como las enfermedades vinculadas, pueden prevenirse en su mayor\u00eda. Son fundamentales entornos favorables que permitan influir en las elecciones de las personas, por\u00a0<strong>una vida m\u00e1s saludable en materia de alimentos y actividad f\u00edsica<\/strong>\u00a0peri\u00f3dica.<\/p>\n<p>Para prevenir el sobrepeso y la obesidad, las personas pueden optar por:<\/p>\n<p>La responsabilidad individual solo puede tener pleno efecto si las personas tienen\u00a0<strong>acceso a un modo de vida sano<\/strong>.\u00a0\u201cTambi\u00e9n es necesario que se establezcan pol\u00edticas de control para poder trabajar desde la prevenci\u00f3n de esta enfermedad\u201d recomienda Dur\u00e1n.<\/p>\n<p>El 4 de marzo, D\u00eda Mundial de la Obesidad, representa una oportunidad valiosa para promover un entorno familiar que fomente el bienestar integral de todos sus miembros, abordando tanto la prevenci\u00f3n como el tratamiento de la obesidad con informaci\u00f3n completa y acciones concretas.<\/p>\n<p>Fuente: EL DEBER<\/p>\n<div style=\"margin-top: 0px; margin-bottom: 0px;\" class=\"sharethis-inline-reaction-buttons\" ><\/div>","protected":false},"excerpt":{"rendered":"<p>El D\u00eda Mundial de la Obesidad es una fecha creada para generar conciencia en la poblaci\u00f3n. Se ha convertido en uno de los problemas de salud p\u00fablica m\u00e1s graves de la actualidad.<\/p>\n","protected":false},"author":1,"featured_media":463,"comment_status":"open","ping_status":"open","sticky":false,"template":"","format":"standard","meta":{"footnotes":""},"categories":[25],"tags":[],"class_list":["post-462","post","type-post","status-publish","format-standard","has-post-thumbnail","hentry","category-noticias"],"yoast_head":"<!-- This site is optimized with the Yoast SEO plugin v27.4 - https:\/\/yoast.com\/product\/yoast-seo-wordpress\/ -->\n<title>El peligro de la obesidad ronda al 28% de los bolivianos - INCADE<\/title>\n<meta name=\"robots\" content=\"index, follow, max-snippet:-1, max-image-preview:large, max-video-preview:-1\" \/>\n<link rel=\"canonical\" href=\"https:\/\/incadebolivia.com\/?p=462\" \/>\n<meta property=\"og:locale\" content=\"es_ES\" \/>\n<meta property=\"og:type\" content=\"article\" \/>\n<meta property=\"og:title\" content=\"El peligro de la obesidad ronda al 28% de los bolivianos - INCADE\" \/>\n<meta property=\"og:description\" content=\"El D\u00eda Mundial de la Obesidad es una fecha creada para generar conciencia en la poblaci\u00f3n. Se ha convertido en uno de los problemas de salud p\u00fablica m\u00e1s graves de la actualidad.\" \/>\n<meta property=\"og:url\" content=\"https:\/\/incadebolivia.com\/?p=462\" \/>\n<meta property=\"og:site_name\" content=\"INCADE\" \/>\n<meta property=\"article:publisher\" content=\"https:\/\/www.facebook.com\/IncadeMontero\" \/>\n<meta property=\"article:published_time\" content=\"2024-03-04T21:55:55+00:00\" \/>\n<meta property=\"article:modified_time\" content=\"2024-03-04T22:07:05+00:00\" \/>\n<meta property=\"og:image\" content=\"https:\/\/incadebolivia.com\/wp-content\/uploads\/2024\/03\/Imagen-de-WhatsApp-2024-03-04-a-las-14.19.34_4c8c4ac7.jpg\" \/>\n\t<meta property=\"og:image:width\" content=\"760\" \/>\n\t<meta property=\"og:image:height\" content=\"520\" \/>\n\t<meta property=\"og:image:type\" content=\"image\/jpeg\" \/>\n<meta name=\"author\" content=\"INCADE\" \/>\n<meta name=\"twitter:card\" content=\"summary_large_image\" \/>\n<meta name=\"twitter:label1\" content=\"Escrito por\" \/>\n\t<meta name=\"twitter:data1\" content=\"INCADE\" \/>\n\t<meta name=\"twitter:label2\" content=\"Tiempo de lectura\" \/>\n\t<meta name=\"twitter:data2\" content=\"3 minutos\" \/>\n<script type=\"application\/ld+json\" class=\"yoast-schema-graph\">{\"@context\":\"https:\\\/\\\/schema.org\",\"@graph\":[{\"@type\":\"Article\",\"@id\":\"https:\\\/\\\/incadebolivia.com\\\/?p=462#article\",\"isPartOf\":{\"@id\":\"https:\\\/\\\/incadebolivia.com\\\/?p=462\"},\"author\":{\"name\":\"INCADE\",\"@id\":\"https:\\\/\\\/incadebolivia.com\\\/#\\\/schema\\\/person\\\/7c960bd9d6253dfb1820037a95b6ec50\"},\"headline\":\"El peligro de la obesidad ronda al 28% de los bolivianos\",\"datePublished\":\"2024-03-04T21:55:55+00:00\",\"dateModified\":\"2024-03-04T22:07:05+00:00\",\"mainEntityOfPage\":{\"@id\":\"https:\\\/\\\/incadebolivia.com\\\/?p=462\"},\"wordCount\":634,\"commentCount\":0,\"publisher\":{\"@id\":\"https:\\\/\\\/incadebolivia.com\\\/#organization\"},\"image\":{\"@id\":\"https:\\\/\\\/incadebolivia.com\\\/?p=462#primaryimage\"},\"thumbnailUrl\":\"https:\\\/\\\/incadebolivia.com\\\/wp-content\\\/uploads\\\/2024\\\/03\\\/Imagen-de-WhatsApp-2024-03-04-a-las-14.19.34_4c8c4ac7.jpg\",\"articleSection\":[\"Noticias\"],\"inLanguage\":\"es\",\"potentialAction\":[{\"@type\":\"CommentAction\",\"name\":\"Comment\",\"target\":[\"https:\\\/\\\/incadebolivia.com\\\/?p=462#respond\"]}]},{\"@type\":\"WebPage\",\"@id\":\"https:\\\/\\\/incadebolivia.com\\\/?p=462\",\"url\":\"https:\\\/\\\/incadebolivia.com\\\/?p=462\",\"name\":\"El peligro de la obesidad ronda al 28% de los bolivianos - INCADE\",\"isPartOf\":{\"@id\":\"https:\\\/\\\/incadebolivia.com\\\/#website\"},\"primaryImageOfPage\":{\"@id\":\"https:\\\/\\\/incadebolivia.com\\\/?p=462#primaryimage\"},\"image\":{\"@id\":\"https:\\\/\\\/incadebolivia.com\\\/?p=462#primaryimage\"},\"thumbnailUrl\":\"https:\\\/\\\/incadebolivia.com\\\/wp-content\\\/uploads\\\/2024\\\/03\\\/Imagen-de-WhatsApp-2024-03-04-a-las-14.19.34_4c8c4ac7.jpg\",\"datePublished\":\"2024-03-04T21:55:55+00:00\",\"dateModified\":\"2024-03-04T22:07:05+00:00\",\"breadcrumb\":{\"@id\":\"https:\\\/\\\/incadebolivia.com\\\/?p=462#breadcrumb\"},\"inLanguage\":\"es\",\"potentialAction\":[{\"@type\":\"ReadAction\",\"target\":[\"https:\\\/\\\/incadebolivia.com\\\/?p=462\"]}]},{\"@type\":\"ImageObject\",\"inLanguage\":\"es\",\"@id\":\"https:\\\/\\\/incadebolivia.com\\\/?p=462#primaryimage\",\"url\":\"https:\\\/\\\/incadebolivia.com\\\/wp-content\\\/uploads\\\/2024\\\/03\\\/Imagen-de-WhatsApp-2024-03-04-a-las-14.19.34_4c8c4ac7.jpg\",\"contentUrl\":\"https:\\\/\\\/incadebolivia.com\\\/wp-content\\\/uploads\\\/2024\\\/03\\\/Imagen-de-WhatsApp-2024-03-04-a-las-14.19.34_4c8c4ac7.jpg\",\"width\":760,\"height\":520},{\"@type\":\"BreadcrumbList\",\"@id\":\"https:\\\/\\\/incadebolivia.com\\\/?p=462#breadcrumb\",\"itemListElement\":[{\"@type\":\"ListItem\",\"position\":1,\"name\":\"Portada\",\"item\":\"https:\\\/\\\/incadebolivia.com\\\/\"},{\"@type\":\"ListItem\",\"position\":2,\"name\":\"El peligro de la obesidad ronda al 28% de los bolivianos\"}]},{\"@type\":\"WebSite\",\"@id\":\"https:\\\/\\\/incadebolivia.com\\\/#website\",\"url\":\"https:\\\/\\\/incadebolivia.com\\\/\",\"name\":\"INCADE\",\"description\":\"Instituto de Capacitaci\u00f3n para el Desarrollo\",\"publisher\":{\"@id\":\"https:\\\/\\\/incadebolivia.com\\\/#organization\"},\"potentialAction\":[{\"@type\":\"SearchAction\",\"target\":{\"@type\":\"EntryPoint\",\"urlTemplate\":\"https:\\\/\\\/incadebolivia.com\\\/?s={search_term_string}\"},\"query-input\":{\"@type\":\"PropertyValueSpecification\",\"valueRequired\":true,\"valueName\":\"search_term_string\"}}],\"inLanguage\":\"es\"},{\"@type\":\"Organization\",\"@id\":\"https:\\\/\\\/incadebolivia.com\\\/#organization\",\"name\":\"Instituto de Capacitaci\u00f3n para el Desarrollo\",\"url\":\"https:\\\/\\\/incadebolivia.com\\\/\",\"logo\":{\"@type\":\"ImageObject\",\"inLanguage\":\"es\",\"@id\":\"https:\\\/\\\/incadebolivia.com\\\/#\\\/schema\\\/logo\\\/image\\\/\",\"url\":\"https:\\\/\\\/incadebolivia.com\\\/wp-content\\\/uploads\\\/2025\\\/07\\\/ligo-inade.png\",\"contentUrl\":\"https:\\\/\\\/incadebolivia.com\\\/wp-content\\\/uploads\\\/2025\\\/07\\\/ligo-inade.png\",\"width\":430,\"height\":128,\"caption\":\"Instituto de Capacitaci\u00f3n para el Desarrollo\"},\"image\":{\"@id\":\"https:\\\/\\\/incadebolivia.com\\\/#\\\/schema\\\/logo\\\/image\\\/\"},\"sameAs\":[\"https:\\\/\\\/www.facebook.com\\\/IncadeMontero\"]},{\"@type\":\"Person\",\"@id\":\"https:\\\/\\\/incadebolivia.com\\\/#\\\/schema\\\/person\\\/7c960bd9d6253dfb1820037a95b6ec50\",\"name\":\"INCADE\",\"image\":{\"@type\":\"ImageObject\",\"inLanguage\":\"es\",\"@id\":\"https:\\\/\\\/secure.gravatar.com\\\/avatar\\\/bf27e9186df568254093afa216f887fece17605302c6ff12f3980422fffa52e6?s=96&d=mm&r=g\",\"url\":\"https:\\\/\\\/secure.gravatar.com\\\/avatar\\\/bf27e9186df568254093afa216f887fece17605302c6ff12f3980422fffa52e6?s=96&d=mm&r=g\",\"contentUrl\":\"https:\\\/\\\/secure.gravatar.com\\\/avatar\\\/bf27e9186df568254093afa216f887fece17605302c6ff12f3980422fffa52e6?s=96&d=mm&r=g\",\"caption\":\"INCADE\"},\"sameAs\":[\"https:\\\/\\\/incadebolivia.com\"],\"url\":\"https:\\\/\\\/incadebolivia.com\\\/?author=1\"}]}<\/script>\n<!-- \/ Yoast SEO plugin. -->","yoast_head_json":{"title":"El peligro de la obesidad ronda al 28% de los bolivianos - INCADE","robots":{"index":"index","follow":"follow","max-snippet":"max-snippet:-1","max-image-preview":"max-image-preview:large","max-video-preview":"max-video-preview:-1"},"canonical":"https:\/\/incadebolivia.com\/?p=462","og_locale":"es_ES","og_type":"article","og_title":"El peligro de la obesidad ronda al 28% de los bolivianos - INCADE","og_description":"El D\u00eda Mundial de la Obesidad es una fecha creada para generar conciencia en la poblaci\u00f3n. Se ha convertido en uno de los problemas de salud p\u00fablica m\u00e1s graves de la actualidad.","og_url":"https:\/\/incadebolivia.com\/?p=462","og_site_name":"INCADE","article_publisher":"https:\/\/www.facebook.com\/IncadeMontero","article_published_time":"2024-03-04T21:55:55+00:00","article_modified_time":"2024-03-04T22:07:05+00:00","og_image":[{"width":760,"height":520,"url":"https:\/\/incadebolivia.com\/wp-content\/uploads\/2024\/03\/Imagen-de-WhatsApp-2024-03-04-a-las-14.19.34_4c8c4ac7.jpg","type":"image\/jpeg"}],"author":"INCADE","twitter_card":"summary_large_image","twitter_misc":{"Escrito por":"INCADE","Tiempo de lectura":"3 minutos"},"schema":{"@context":"https:\/\/schema.org","@graph":[{"@type":"Article","@id":"https:\/\/incadebolivia.com\/?p=462#article","isPartOf":{"@id":"https:\/\/incadebolivia.com\/?p=462"},"author":{"name":"INCADE","@id":"https:\/\/incadebolivia.com\/#\/schema\/person\/7c960bd9d6253dfb1820037a95b6ec50"},"headline":"El peligro de la obesidad ronda al 28% de los bolivianos","datePublished":"2024-03-04T21:55:55+00:00","dateModified":"2024-03-04T22:07:05+00:00","mainEntityOfPage":{"@id":"https:\/\/incadebolivia.com\/?p=462"},"wordCount":634,"commentCount":0,"publisher":{"@id":"https:\/\/incadebolivia.com\/#organization"},"image":{"@id":"https:\/\/incadebolivia.com\/?p=462#primaryimage"},"thumbnailUrl":"https:\/\/incadebolivia.com\/wp-content\/uploads\/2024\/03\/Imagen-de-WhatsApp-2024-03-04-a-las-14.19.34_4c8c4ac7.jpg","articleSection":["Noticias"],"inLanguage":"es","potentialAction":[{"@type":"CommentAction","name":"Comment","target":["https:\/\/incadebolivia.com\/?p=462#respond"]}]},{"@type":"WebPage","@id":"https:\/\/incadebolivia.com\/?p=462","url":"https:\/\/incadebolivia.com\/?p=462","name":"El peligro de la obesidad ronda al 28% de los bolivianos - INCADE","isPartOf":{"@id":"https:\/\/incadebolivia.com\/#website"},"primaryImageOfPage":{"@id":"https:\/\/incadebolivia.com\/?p=462#primaryimage"},"image":{"@id":"https:\/\/incadebolivia.com\/?p=462#primaryimage"},"thumbnailUrl":"https:\/\/incadebolivia.com\/wp-content\/uploads\/2024\/03\/Imagen-de-WhatsApp-2024-03-04-a-las-14.19.34_4c8c4ac7.jpg","datePublished":"2024-03-04T21:55:55+00:00","dateModified":"2024-03-04T22:07:05+00:00","breadcrumb":{"@id":"https:\/\/incadebolivia.com\/?p=462#breadcrumb"},"inLanguage":"es","potentialAction":[{"@type":"ReadAction","target":["https:\/\/incadebolivia.com\/?p=462"]}]},{"@type":"ImageObject","inLanguage":"es","@id":"https:\/\/incadebolivia.com\/?p=462#primaryimage","url":"https:\/\/incadebolivia.com\/wp-content\/uploads\/2024\/03\/Imagen-de-WhatsApp-2024-03-04-a-las-14.19.34_4c8c4ac7.jpg","contentUrl":"https:\/\/incadebolivia.com\/wp-content\/uploads\/2024\/03\/Imagen-de-WhatsApp-2024-03-04-a-las-14.19.34_4c8c4ac7.jpg","width":760,"height":520},{"@type":"BreadcrumbList","@id":"https:\/\/incadebolivia.com\/?p=462#breadcrumb","itemListElement":[{"@type":"ListItem","position":1,"name":"Portada","item":"https:\/\/incadebolivia.com\/"},{"@type":"ListItem","position":2,"name":"El peligro de la obesidad ronda al 28% de los bolivianos"}]},{"@type":"WebSite","@id":"https:\/\/incadebolivia.com\/#website","url":"https:\/\/incadebolivia.com\/","name":"INCADE","description":"Instituto de Capacitaci\u00f3n para el Desarrollo","publisher":{"@id":"https:\/\/incadebolivia.com\/#organization"},"potentialAction":[{"@type":"SearchAction","target":{"@type":"EntryPoint","urlTemplate":"https:\/\/incadebolivia.com\/?s={search_term_string}"},"query-input":{"@type":"PropertyValueSpecification","valueRequired":true,"valueName":"search_term_string"}}],"inLanguage":"es"},{"@type":"Organization","@id":"https:\/\/incadebolivia.com\/#organization","name":"Instituto de Capacitaci\u00f3n para el Desarrollo","url":"https:\/\/incadebolivia.com\/","logo":{"@type":"ImageObject","inLanguage":"es","@id":"https:\/\/incadebolivia.com\/#\/schema\/logo\/image\/","url":"https:\/\/incadebolivia.com\/wp-content\/uploads\/2025\/07\/ligo-inade.png","contentUrl":"https:\/\/incadebolivia.com\/wp-content\/uploads\/2025\/07\/ligo-inade.png","width":430,"height":128,"caption":"Instituto de Capacitaci\u00f3n para el Desarrollo"},"image":{"@id":"https:\/\/incadebolivia.com\/#\/schema\/logo\/image\/"},"sameAs":["https:\/\/www.facebook.com\/IncadeMontero"]},{"@type":"Person","@id":"https:\/\/incadebolivia.com\/#\/schema\/person\/7c960bd9d6253dfb1820037a95b6ec50","name":"INCADE","image":{"@type":"ImageObject","inLanguage":"es","@id":"https:\/\/secure.gravatar.com\/avatar\/bf27e9186df568254093afa216f887fece17605302c6ff12f3980422fffa52e6?s=96&d=mm&r=g","url":"https:\/\/secure.gravatar.com\/avatar\/bf27e9186df568254093afa216f887fece17605302c6ff12f3980422fffa52e6?s=96&d=mm&r=g","contentUrl":"https:\/\/secure.gravatar.com\/avatar\/bf27e9186df568254093afa216f887fece17605302c6ff12f3980422fffa52e6?s=96&d=mm&r=g","caption":"INCADE"},"sameAs":["https:\/\/incadebolivia.com"],"url":"https:\/\/incadebolivia.com\/?author=1"}]}},"_links":{"self":[{"href":"https:\/\/incadebolivia.com\/index.php?rest_route=\/wp\/v2\/posts\/462","targetHints":{"allow":["GET"]}}],"collection":[{"href":"https:\/\/incadebolivia.com\/index.php?rest_route=\/wp\/v2\/posts"}],"about":[{"href":"https:\/\/incadebolivia.com\/index.php?rest_route=\/wp\/v2\/types\/post"}],"author":[{"embeddable":true,"href":"https:\/\/incadebolivia.com\/index.php?rest_route=\/wp\/v2\/users\/1"}],"replies":[{"embeddable":true,"href":"https:\/\/incadebolivia.com\/index.php?rest_route=%2Fwp%2Fv2%2Fcomments&post=462"}],"version-history":[{"count":2,"href":"https:\/\/incadebolivia.com\/index.php?rest_route=\/wp\/v2\/posts\/462\/revisions"}],"predecessor-version":[{"id":465,"href":"https:\/\/incadebolivia.com\/index.php?rest_route=\/wp\/v2\/posts\/462\/revisions\/465"}],"wp:featuredmedia":[{"embeddable":true,"href":"https:\/\/incadebolivia.com\/index.php?rest_route=\/wp\/v2\/media\/463"}],"wp:attachment":[{"href":"https:\/\/incadebolivia.com\/index.php?rest_route=%2Fwp%2Fv2%2Fmedia&parent=462"}],"wp:term":[{"taxonomy":"category","embeddable":true,"href":"https:\/\/incadebolivia.com\/index.php?rest_route=%2Fwp%2Fv2%2Fcategories&post=462"},{"taxonomy":"post_tag","embeddable":true,"href":"https:\/\/incadebolivia.com\/index.php?rest_route=%2Fwp%2Fv2%2Ftags&post=462"}],"curies":[{"name":"wp","href":"https:\/\/api.w.org\/{rel}","templated":true}]}}