{"id":477,"date":"2024-03-12T20:34:11","date_gmt":"2024-03-13T00:34:11","guid":{"rendered":"https:\/\/incadebolivia.com\/?p=477"},"modified":"2024-03-13T08:19:40","modified_gmt":"2024-03-13T12:19:40","slug":"en-9-departamentos-y-mas-de-30-ciudades-wwf-bolivia-lanza-la-edicion-numero-18-de-la-hora-mas-grande-por-el-planeta","status":"publish","type":"post","link":"https:\/\/incadebolivia.com\/?p=477","title":{"rendered":"EN 9 DEPARTAMENTOS Y M\u00c1S DE 30 CIUDADES, WWF BOLIVIA LANZA LA EDICI\u00d3N N\u00daMERO 18 DE \u00abLA HORA M\u00c1S GRANDE POR EL PLANETA\u00bb"},"content":{"rendered":"<p><em><i>Este a\u00f1o 2024 por el Censo Nacional la fecha se cambi\u00f3 s\u00f3lo para Bolivia al 16 de marzo, pues la actividad a nivel mundial se llevar\u00e1 adelante el 23 de marzo. Este a\u00f1o la tem\u00e1tica es el reciclaje.<\/i><\/em><!--more--><\/p>\n<p><em><i>\u00a0<\/i><\/em>El 16 de marzo de 2024 a las 8:30 p.m. hora local, La Hora M\u00e1s Grande del Planeta ser\u00e1 celebrada en Bolivia. World Wildlife Fund o Fondo Mundial para la Naturaleza (WWF) con el apoyo de Bag\u00f3, BNB, Empacar, Unifranz y Las Brisas ha organizado a m\u00e1s de 7 mil j\u00f3venes voluntarios para realizar distintas actividades, talleres, actividades de limpieza con la tem\u00e1tica del reciclaje e invita a todas las personas de a unirse a esta gran campa\u00f1a en pro del planeta. WWF lanza nuevamente la cl\u00e1sica invitaci\u00f3n a apagar las luces, dedicando una hora de su tiempo a hacer algo positivo por el planeta y anima a la poblaci\u00f3n pace\u00f1a a que se \u00abdesconecten\u00bb de su rutina y distracciones cotidianas y decidan qu\u00e9 ideas de acciones en pro del reciclaje pueden realizar, ya sea con acciones individuales o participando de las actividades y de los distintos eventos en las ciudades para celebrar La Hora M\u00e1s Grande del Planeta.<\/p>\n<p><strong><b>\u201cLa Hora M\u00e1s Grande por el Planeta\u201d<\/b><\/strong>\u00a0forma parte de los esfuerzos de WWF por convertir una sola Hora del Planeta en miles y millones de horas de acci\u00f3n y concienciaci\u00f3n. De este modo, la mayor campa\u00f1a ambiental del mundo har\u00e1 a\u00fan m\u00e1s visible el doble peligro que representan la p\u00e9rdida de la naturaleza y el cambio clim\u00e1tico, adem\u00e1s de servir como un poderoso recordatorio sobre la importancia de nuestro planeta, la necesidad de protegerlo y el poco tiempo que tenemos para hacerlo.<\/p>\n<p>\u00abEn un contexto de una sociedad polarizada, enfrentada a la dif\u00edcil tarea de abordar la doble crisis clim\u00e1tica y natural, la Hora del Planeta busca unir a las personas en torno a una causa com\u00fan. Al alinear las acciones de la Hora del Planeta con los intereses y pasiones individuales a trav\u00e9s del Banco de Horas, facilitamos que aquellos que a\u00fan no se han comprometido contribuyan de manera positiva al planeta mientras realizan actividades que disfrutan. Nuestro objetivo es demostrar que el ambientalismo puede ser accesible, divertido y significativo a nivel personal. Al unirnos para la Hora del Planeta, no solo destacamos los desaf\u00edos urgentes que enfrentamos, sino que tambi\u00e9n celebramos las innovaciones y soluciones que pueden llevarnos a un futuro mejor\u00bb, afirma <strong><b>Yves Calmette, Director Senior de Comunicaci\u00f3n de Marca de WWF Internacional.<\/b><\/strong><\/p>\n<p>Las cifras proporcionadas por WWF advierten sobre la p\u00e9rdida de biodiversidad y los impactos del cambio clim\u00e1tico est\u00e1n poniendo en riesgo al planeta. Los bosques est\u00e1n siendo destruidos a un ritmo alarmante, particularmente en los tr\u00f3picos. El \u00e1rea global de cobertura forestal es solo el 54% de lo que era en los inicios de la civilizaci\u00f3n. En el \u00faltimo reporte publicado por el Instituto Mundial de Recursos, Bolivia est\u00e1 en el 3er lugar de los pa\u00edses con mayor p\u00e9rdida de bosques primarios en 2021, con 291.379 hect\u00e1reas deforestadas durante ese a\u00f1o, marcando un r\u00e9cord hist\u00f3rico para el pa\u00eds. Por su parte, el Informe Planeta Vivo (IPV) 2022 de WWF, revel\u00f3 una disminuci\u00f3n promedio del 69% en las poblaciones de vida silvestre monitoreadas de 1970 a 2018. Am\u00e9rica Latina y el Caribe presentaron una disminuci\u00f3n promedio del 94%.<\/p>\n<p><strong><b>Lista de ciudades que ya se unieron a La Hora M\u00e1s Grande del Planeta: <\/b><\/strong><\/p>\n<p>La Paz, Viacha, El Alto, Oruro, Potos\u00ed, Cochabamba, Sacaba, Quillacollo, Tiquipaya, Sucre, Tarija, Cercado, Cobija, Trinidad, Riberalta, Magdalena, San Ignacio, San Javier (Beni), San Andr\u00e9s, Guayaramer\u00edn, Santa Cruz de la Sierra, Concepci\u00f3n, San Javier (Santa Cruz), Puerto Quijarro, Camiri, Robor\u00e9, Buena Vista, Samaipata, Montero, Warnes y Caranavi.<\/p>\n<p><strong><b>Acerca de la Hora del Planeta <\/b><\/strong><\/p>\n<p>La Hora del Planeta es el movimiento ambiental global y emblem\u00e1tico de WWF. Nacida en Sidney en 2007, la Hora del Planeta ha crecido hasta convertirse en el mayor movimiento mundial por el ambiente, inspirando a personas, comunidades, empresas y organizaciones de m\u00e1s de 190 pa\u00edses y territorios a realizar acciones ambientales tangibles. En Bolivia, la campa\u00f1a se celebra desde el 2009. Hist\u00f3ricamente, la Hora del Planeta se ha centrado en la crisis clim\u00e1tica, pero m\u00e1s recientemente, se han emprendido esfuerzos por poner tambi\u00e9n en primer plano el urgente problema de la p\u00e9rdida de la naturaleza. El objetivo es crear un movimiento imparable en favor de la naturaleza, como ocurri\u00f3 cuando el mundo se uni\u00f3 para hacer frente al cambio clim\u00e1tico. El movimiento reconoce el papel de las personas en la creaci\u00f3n de soluciones a los retos ambientales m\u00e1s graves del planeta y aprovecha el poder colectivo de sus millones de simpatizantes para impulsar el cambio.<\/p>\n<p>Visita wwf.org.bo\/horadelplaneta para mantenerte informado sobre las noticias de la Hora del Planeta. Juntos, creemos La Hora M\u00e1s Grande por el Planeta.<\/p>\n<p><strong><b>Acerca de WWF World Wildlife Fund, Fondo Mundial para la Naturaleza<\/b><\/strong><\/p>\n<p>WWF es una de las organizaciones independientes de conservaci\u00f3n m\u00e1s grandes y con mayor experiencia en el mundo. Naci\u00f3 en 1961 y es conocida por el s\u00edmbolo del panda. Cuenta con una red mundial que trabaja en m\u00e1s de 100 pa\u00edses. Su misi\u00f3n es detener la degradaci\u00f3n del ambiente natural del planeta y construir un futuro en el que los seres humanos vivan en armon\u00eda con la naturaleza, conservando la diversidad biol\u00f3gica mundial, asegurando que el uso de los recursos naturales renovables sea sostenible y promoviendo la reducci\u00f3n de la contaminaci\u00f3n y del consumo desmedido. Estamos presentes en Bolivia hace 30 a\u00f1os, trabajando en la conservaci\u00f3n de paisajes prioritarios como la Amazon\u00eda, la Chiquitan\u00eda, el Pantanal y el Chaco y en distintas ciudades del pa\u00eds. Para m\u00e1s informaci\u00f3n visita: wwf.org.bo<\/p>\n<p>Fuente: WWF<\/p>\n<div style=\"margin-top: 0px; margin-bottom: 0px;\" class=\"sharethis-inline-reaction-buttons\" ><\/div>","protected":false},"excerpt":{"rendered":"<p>Este a\u00f1o 2024 por el Censo Nacional la fecha se cambi\u00f3 s\u00f3lo para Bolivia al 16 de marzo, pues la actividad a nivel mundial se llevar\u00e1 adelante el 23 de marzo. Este a\u00f1o la tem\u00e1tica es el reciclaje.<\/p>\n","protected":false},"author":1,"featured_media":478,"comment_status":"open","ping_status":"open","sticky":false,"template":"","format":"standard","meta":{"footnotes":""},"categories":[25],"tags":[],"class_list":["post-477","post","type-post","status-publish","format-standard","has-post-thumbnail","hentry","category-noticias"],"yoast_head":"<!-- This site is optimized with the Yoast SEO plugin v27.4 - https:\/\/yoast.com\/product\/yoast-seo-wordpress\/ -->\n<title>EN 9 DEPARTAMENTOS Y M\u00c1S DE 30 CIUDADES, WWF BOLIVIA LANZA LA EDICI\u00d3N N\u00daMERO 18 DE &quot;LA HORA M\u00c1S GRANDE POR EL PLANETA&quot; - INCADE<\/title>\n<meta name=\"robots\" content=\"index, follow, max-snippet:-1, max-image-preview:large, max-video-preview:-1\" \/>\n<link rel=\"canonical\" href=\"https:\/\/incadebolivia.com\/?p=477\" \/>\n<meta property=\"og:locale\" content=\"es_ES\" \/>\n<meta property=\"og:type\" content=\"article\" \/>\n<meta property=\"og:title\" content=\"EN 9 DEPARTAMENTOS Y M\u00c1S DE 30 CIUDADES, WWF BOLIVIA LANZA LA EDICI\u00d3N N\u00daMERO 18 DE &quot;LA HORA M\u00c1S GRANDE POR EL PLANETA&quot; - INCADE\" \/>\n<meta property=\"og:description\" content=\"Este a\u00f1o 2024 por el Censo Nacional la fecha se cambi\u00f3 s\u00f3lo para Bolivia al 16 de marzo, pues la actividad a nivel mundial se llevar\u00e1 adelante el 23 de marzo. Este a\u00f1o la tem\u00e1tica es el reciclaje.\" \/>\n<meta property=\"og:url\" content=\"https:\/\/incadebolivia.com\/?p=477\" \/>\n<meta property=\"og:site_name\" content=\"INCADE\" \/>\n<meta property=\"article:publisher\" content=\"https:\/\/www.facebook.com\/IncadeMontero\" \/>\n<meta property=\"article:published_time\" content=\"2024-03-13T00:34:11+00:00\" \/>\n<meta property=\"article:modified_time\" content=\"2024-03-13T12:19:40+00:00\" \/>\n<meta property=\"og:image\" content=\"https:\/\/incadebolivia.com\/wp-content\/uploads\/2024\/03\/Imagen-de-WhatsApp-2024-03-12-a-las-20.25.03_80f2977f-e1710290002993.jpg\" \/>\n\t<meta property=\"og:image:width\" content=\"750\" \/>\n\t<meta property=\"og:image:height\" content=\"422\" \/>\n\t<meta property=\"og:image:type\" content=\"image\/jpeg\" \/>\n<meta name=\"author\" content=\"INCADE\" \/>\n<meta name=\"twitter:card\" content=\"summary_large_image\" \/>\n<meta name=\"twitter:label1\" content=\"Escrito por\" \/>\n\t<meta name=\"twitter:data1\" content=\"INCADE\" \/>\n\t<meta name=\"twitter:label2\" content=\"Tiempo de lectura\" \/>\n\t<meta name=\"twitter:data2\" content=\"5 minutos\" \/>\n<script type=\"application\/ld+json\" class=\"yoast-schema-graph\">{\"@context\":\"https:\\\/\\\/schema.org\",\"@graph\":[{\"@type\":\"Article\",\"@id\":\"https:\\\/\\\/incadebolivia.com\\\/?p=477#article\",\"isPartOf\":{\"@id\":\"https:\\\/\\\/incadebolivia.com\\\/?p=477\"},\"author\":{\"name\":\"INCADE\",\"@id\":\"https:\\\/\\\/incadebolivia.com\\\/#\\\/schema\\\/person\\\/7c960bd9d6253dfb1820037a95b6ec50\"},\"headline\":\"EN 9 DEPARTAMENTOS Y M\u00c1S DE 30 CIUDADES, WWF BOLIVIA LANZA LA EDICI\u00d3N N\u00daMERO 18 DE \u00abLA HORA M\u00c1S GRANDE POR EL PLANETA\u00bb\",\"datePublished\":\"2024-03-13T00:34:11+00:00\",\"dateModified\":\"2024-03-13T12:19:40+00:00\",\"mainEntityOfPage\":{\"@id\":\"https:\\\/\\\/incadebolivia.com\\\/?p=477\"},\"wordCount\":1030,\"commentCount\":0,\"publisher\":{\"@id\":\"https:\\\/\\\/incadebolivia.com\\\/#organization\"},\"image\":{\"@id\":\"https:\\\/\\\/incadebolivia.com\\\/?p=477#primaryimage\"},\"thumbnailUrl\":\"https:\\\/\\\/incadebolivia.com\\\/wp-content\\\/uploads\\\/2024\\\/03\\\/Imagen-de-WhatsApp-2024-03-12-a-las-20.25.03_80f2977f-e1710290002993.jpg\",\"articleSection\":[\"Noticias\"],\"inLanguage\":\"es\",\"potentialAction\":[{\"@type\":\"CommentAction\",\"name\":\"Comment\",\"target\":[\"https:\\\/\\\/incadebolivia.com\\\/?p=477#respond\"]}]},{\"@type\":\"WebPage\",\"@id\":\"https:\\\/\\\/incadebolivia.com\\\/?p=477\",\"url\":\"https:\\\/\\\/incadebolivia.com\\\/?p=477\",\"name\":\"EN 9 DEPARTAMENTOS Y M\u00c1S DE 30 CIUDADES, WWF BOLIVIA LANZA LA EDICI\u00d3N N\u00daMERO 18 DE \\\"LA HORA M\u00c1S GRANDE POR EL PLANETA\\\" - INCADE\",\"isPartOf\":{\"@id\":\"https:\\\/\\\/incadebolivia.com\\\/#website\"},\"primaryImageOfPage\":{\"@id\":\"https:\\\/\\\/incadebolivia.com\\\/?p=477#primaryimage\"},\"image\":{\"@id\":\"https:\\\/\\\/incadebolivia.com\\\/?p=477#primaryimage\"},\"thumbnailUrl\":\"https:\\\/\\\/incadebolivia.com\\\/wp-content\\\/uploads\\\/2024\\\/03\\\/Imagen-de-WhatsApp-2024-03-12-a-las-20.25.03_80f2977f-e1710290002993.jpg\",\"datePublished\":\"2024-03-13T00:34:11+00:00\",\"dateModified\":\"2024-03-13T12:19:40+00:00\",\"breadcrumb\":{\"@id\":\"https:\\\/\\\/incadebolivia.com\\\/?p=477#breadcrumb\"},\"inLanguage\":\"es\",\"potentialAction\":[{\"@type\":\"ReadAction\",\"target\":[\"https:\\\/\\\/incadebolivia.com\\\/?p=477\"]}]},{\"@type\":\"ImageObject\",\"inLanguage\":\"es\",\"@id\":\"https:\\\/\\\/incadebolivia.com\\\/?p=477#primaryimage\",\"url\":\"https:\\\/\\\/incadebolivia.com\\\/wp-content\\\/uploads\\\/2024\\\/03\\\/Imagen-de-WhatsApp-2024-03-12-a-las-20.25.03_80f2977f-e1710290002993.jpg\",\"contentUrl\":\"https:\\\/\\\/incadebolivia.com\\\/wp-content\\\/uploads\\\/2024\\\/03\\\/Imagen-de-WhatsApp-2024-03-12-a-las-20.25.03_80f2977f-e1710290002993.jpg\",\"width\":750,\"height\":422},{\"@type\":\"BreadcrumbList\",\"@id\":\"https:\\\/\\\/incadebolivia.com\\\/?p=477#breadcrumb\",\"itemListElement\":[{\"@type\":\"ListItem\",\"position\":1,\"name\":\"Portada\",\"item\":\"https:\\\/\\\/incadebolivia.com\\\/\"},{\"@type\":\"ListItem\",\"position\":2,\"name\":\"EN 9 DEPARTAMENTOS Y M\u00c1S DE 30 CIUDADES, WWF BOLIVIA LANZA LA EDICI\u00d3N N\u00daMERO 18 DE \u00abLA HORA M\u00c1S GRANDE POR EL PLANETA\u00bb\"}]},{\"@type\":\"WebSite\",\"@id\":\"https:\\\/\\\/incadebolivia.com\\\/#website\",\"url\":\"https:\\\/\\\/incadebolivia.com\\\/\",\"name\":\"INCADE\",\"description\":\"Instituto de Capacitaci\u00f3n para el Desarrollo\",\"publisher\":{\"@id\":\"https:\\\/\\\/incadebolivia.com\\\/#organization\"},\"potentialAction\":[{\"@type\":\"SearchAction\",\"target\":{\"@type\":\"EntryPoint\",\"urlTemplate\":\"https:\\\/\\\/incadebolivia.com\\\/?s={search_term_string}\"},\"query-input\":{\"@type\":\"PropertyValueSpecification\",\"valueRequired\":true,\"valueName\":\"search_term_string\"}}],\"inLanguage\":\"es\"},{\"@type\":\"Organization\",\"@id\":\"https:\\\/\\\/incadebolivia.com\\\/#organization\",\"name\":\"Instituto de Capacitaci\u00f3n para el Desarrollo\",\"url\":\"https:\\\/\\\/incadebolivia.com\\\/\",\"logo\":{\"@type\":\"ImageObject\",\"inLanguage\":\"es\",\"@id\":\"https:\\\/\\\/incadebolivia.com\\\/#\\\/schema\\\/logo\\\/image\\\/\",\"url\":\"https:\\\/\\\/incadebolivia.com\\\/wp-content\\\/uploads\\\/2025\\\/07\\\/ligo-inade.png\",\"contentUrl\":\"https:\\\/\\\/incadebolivia.com\\\/wp-content\\\/uploads\\\/2025\\\/07\\\/ligo-inade.png\",\"width\":430,\"height\":128,\"caption\":\"Instituto de Capacitaci\u00f3n para el Desarrollo\"},\"image\":{\"@id\":\"https:\\\/\\\/incadebolivia.com\\\/#\\\/schema\\\/logo\\\/image\\\/\"},\"sameAs\":[\"https:\\\/\\\/www.facebook.com\\\/IncadeMontero\"]},{\"@type\":\"Person\",\"@id\":\"https:\\\/\\\/incadebolivia.com\\\/#\\\/schema\\\/person\\\/7c960bd9d6253dfb1820037a95b6ec50\",\"name\":\"INCADE\",\"image\":{\"@type\":\"ImageObject\",\"inLanguage\":\"es\",\"@id\":\"https:\\\/\\\/secure.gravatar.com\\\/avatar\\\/bf27e9186df568254093afa216f887fece17605302c6ff12f3980422fffa52e6?s=96&d=mm&r=g\",\"url\":\"https:\\\/\\\/secure.gravatar.com\\\/avatar\\\/bf27e9186df568254093afa216f887fece17605302c6ff12f3980422fffa52e6?s=96&d=mm&r=g\",\"contentUrl\":\"https:\\\/\\\/secure.gravatar.com\\\/avatar\\\/bf27e9186df568254093afa216f887fece17605302c6ff12f3980422fffa52e6?s=96&d=mm&r=g\",\"caption\":\"INCADE\"},\"sameAs\":[\"https:\\\/\\\/incadebolivia.com\"],\"url\":\"https:\\\/\\\/incadebolivia.com\\\/?author=1\"}]}<\/script>\n<!-- \/ Yoast SEO plugin. -->","yoast_head_json":{"title":"EN 9 DEPARTAMENTOS Y M\u00c1S DE 30 CIUDADES, WWF BOLIVIA LANZA LA EDICI\u00d3N N\u00daMERO 18 DE \"LA HORA M\u00c1S GRANDE POR EL PLANETA\" - INCADE","robots":{"index":"index","follow":"follow","max-snippet":"max-snippet:-1","max-image-preview":"max-image-preview:large","max-video-preview":"max-video-preview:-1"},"canonical":"https:\/\/incadebolivia.com\/?p=477","og_locale":"es_ES","og_type":"article","og_title":"EN 9 DEPARTAMENTOS Y M\u00c1S DE 30 CIUDADES, WWF BOLIVIA LANZA LA EDICI\u00d3N N\u00daMERO 18 DE \"LA HORA M\u00c1S GRANDE POR EL PLANETA\" - INCADE","og_description":"Este a\u00f1o 2024 por el Censo Nacional la fecha se cambi\u00f3 s\u00f3lo para Bolivia al 16 de marzo, pues la actividad a nivel mundial se llevar\u00e1 adelante el 23 de marzo. Este a\u00f1o la tem\u00e1tica es el reciclaje.","og_url":"https:\/\/incadebolivia.com\/?p=477","og_site_name":"INCADE","article_publisher":"https:\/\/www.facebook.com\/IncadeMontero","article_published_time":"2024-03-13T00:34:11+00:00","article_modified_time":"2024-03-13T12:19:40+00:00","og_image":[{"width":750,"height":422,"url":"https:\/\/incadebolivia.com\/wp-content\/uploads\/2024\/03\/Imagen-de-WhatsApp-2024-03-12-a-las-20.25.03_80f2977f-e1710290002993.jpg","type":"image\/jpeg"}],"author":"INCADE","twitter_card":"summary_large_image","twitter_misc":{"Escrito por":"INCADE","Tiempo de lectura":"5 minutos"},"schema":{"@context":"https:\/\/schema.org","@graph":[{"@type":"Article","@id":"https:\/\/incadebolivia.com\/?p=477#article","isPartOf":{"@id":"https:\/\/incadebolivia.com\/?p=477"},"author":{"name":"INCADE","@id":"https:\/\/incadebolivia.com\/#\/schema\/person\/7c960bd9d6253dfb1820037a95b6ec50"},"headline":"EN 9 DEPARTAMENTOS Y M\u00c1S DE 30 CIUDADES, WWF BOLIVIA LANZA LA EDICI\u00d3N N\u00daMERO 18 DE \u00abLA HORA M\u00c1S GRANDE POR EL PLANETA\u00bb","datePublished":"2024-03-13T00:34:11+00:00","dateModified":"2024-03-13T12:19:40+00:00","mainEntityOfPage":{"@id":"https:\/\/incadebolivia.com\/?p=477"},"wordCount":1030,"commentCount":0,"publisher":{"@id":"https:\/\/incadebolivia.com\/#organization"},"image":{"@id":"https:\/\/incadebolivia.com\/?p=477#primaryimage"},"thumbnailUrl":"https:\/\/incadebolivia.com\/wp-content\/uploads\/2024\/03\/Imagen-de-WhatsApp-2024-03-12-a-las-20.25.03_80f2977f-e1710290002993.jpg","articleSection":["Noticias"],"inLanguage":"es","potentialAction":[{"@type":"CommentAction","name":"Comment","target":["https:\/\/incadebolivia.com\/?p=477#respond"]}]},{"@type":"WebPage","@id":"https:\/\/incadebolivia.com\/?p=477","url":"https:\/\/incadebolivia.com\/?p=477","name":"EN 9 DEPARTAMENTOS Y M\u00c1S DE 30 CIUDADES, WWF BOLIVIA LANZA LA EDICI\u00d3N N\u00daMERO 18 DE \"LA HORA M\u00c1S GRANDE POR EL PLANETA\" - INCADE","isPartOf":{"@id":"https:\/\/incadebolivia.com\/#website"},"primaryImageOfPage":{"@id":"https:\/\/incadebolivia.com\/?p=477#primaryimage"},"image":{"@id":"https:\/\/incadebolivia.com\/?p=477#primaryimage"},"thumbnailUrl":"https:\/\/incadebolivia.com\/wp-content\/uploads\/2024\/03\/Imagen-de-WhatsApp-2024-03-12-a-las-20.25.03_80f2977f-e1710290002993.jpg","datePublished":"2024-03-13T00:34:11+00:00","dateModified":"2024-03-13T12:19:40+00:00","breadcrumb":{"@id":"https:\/\/incadebolivia.com\/?p=477#breadcrumb"},"inLanguage":"es","potentialAction":[{"@type":"ReadAction","target":["https:\/\/incadebolivia.com\/?p=477"]}]},{"@type":"ImageObject","inLanguage":"es","@id":"https:\/\/incadebolivia.com\/?p=477#primaryimage","url":"https:\/\/incadebolivia.com\/wp-content\/uploads\/2024\/03\/Imagen-de-WhatsApp-2024-03-12-a-las-20.25.03_80f2977f-e1710290002993.jpg","contentUrl":"https:\/\/incadebolivia.com\/wp-content\/uploads\/2024\/03\/Imagen-de-WhatsApp-2024-03-12-a-las-20.25.03_80f2977f-e1710290002993.jpg","width":750,"height":422},{"@type":"BreadcrumbList","@id":"https:\/\/incadebolivia.com\/?p=477#breadcrumb","itemListElement":[{"@type":"ListItem","position":1,"name":"Portada","item":"https:\/\/incadebolivia.com\/"},{"@type":"ListItem","position":2,"name":"EN 9 DEPARTAMENTOS Y M\u00c1S DE 30 CIUDADES, WWF BOLIVIA LANZA LA EDICI\u00d3N N\u00daMERO 18 DE \u00abLA HORA M\u00c1S GRANDE POR EL PLANETA\u00bb"}]},{"@type":"WebSite","@id":"https:\/\/incadebolivia.com\/#website","url":"https:\/\/incadebolivia.com\/","name":"INCADE","description":"Instituto de Capacitaci\u00f3n para el Desarrollo","publisher":{"@id":"https:\/\/incadebolivia.com\/#organization"},"potentialAction":[{"@type":"SearchAction","target":{"@type":"EntryPoint","urlTemplate":"https:\/\/incadebolivia.com\/?s={search_term_string}"},"query-input":{"@type":"PropertyValueSpecification","valueRequired":true,"valueName":"search_term_string"}}],"inLanguage":"es"},{"@type":"Organization","@id":"https:\/\/incadebolivia.com\/#organization","name":"Instituto de Capacitaci\u00f3n para el Desarrollo","url":"https:\/\/incadebolivia.com\/","logo":{"@type":"ImageObject","inLanguage":"es","@id":"https:\/\/incadebolivia.com\/#\/schema\/logo\/image\/","url":"https:\/\/incadebolivia.com\/wp-content\/uploads\/2025\/07\/ligo-inade.png","contentUrl":"https:\/\/incadebolivia.com\/wp-content\/uploads\/2025\/07\/ligo-inade.png","width":430,"height":128,"caption":"Instituto de Capacitaci\u00f3n para el Desarrollo"},"image":{"@id":"https:\/\/incadebolivia.com\/#\/schema\/logo\/image\/"},"sameAs":["https:\/\/www.facebook.com\/IncadeMontero"]},{"@type":"Person","@id":"https:\/\/incadebolivia.com\/#\/schema\/person\/7c960bd9d6253dfb1820037a95b6ec50","name":"INCADE","image":{"@type":"ImageObject","inLanguage":"es","@id":"https:\/\/secure.gravatar.com\/avatar\/bf27e9186df568254093afa216f887fece17605302c6ff12f3980422fffa52e6?s=96&d=mm&r=g","url":"https:\/\/secure.gravatar.com\/avatar\/bf27e9186df568254093afa216f887fece17605302c6ff12f3980422fffa52e6?s=96&d=mm&r=g","contentUrl":"https:\/\/secure.gravatar.com\/avatar\/bf27e9186df568254093afa216f887fece17605302c6ff12f3980422fffa52e6?s=96&d=mm&r=g","caption":"INCADE"},"sameAs":["https:\/\/incadebolivia.com"],"url":"https:\/\/incadebolivia.com\/?author=1"}]}},"_links":{"self":[{"href":"https:\/\/incadebolivia.com\/index.php?rest_route=\/wp\/v2\/posts\/477","targetHints":{"allow":["GET"]}}],"collection":[{"href":"https:\/\/incadebolivia.com\/index.php?rest_route=\/wp\/v2\/posts"}],"about":[{"href":"https:\/\/incadebolivia.com\/index.php?rest_route=\/wp\/v2\/types\/post"}],"author":[{"embeddable":true,"href":"https:\/\/incadebolivia.com\/index.php?rest_route=\/wp\/v2\/users\/1"}],"replies":[{"embeddable":true,"href":"https:\/\/incadebolivia.com\/index.php?rest_route=%2Fwp%2Fv2%2Fcomments&post=477"}],"version-history":[{"count":2,"href":"https:\/\/incadebolivia.com\/index.php?rest_route=\/wp\/v2\/posts\/477\/revisions"}],"predecessor-version":[{"id":480,"href":"https:\/\/incadebolivia.com\/index.php?rest_route=\/wp\/v2\/posts\/477\/revisions\/480"}],"wp:featuredmedia":[{"embeddable":true,"href":"https:\/\/incadebolivia.com\/index.php?rest_route=\/wp\/v2\/media\/478"}],"wp:attachment":[{"href":"https:\/\/incadebolivia.com\/index.php?rest_route=%2Fwp%2Fv2%2Fmedia&parent=477"}],"wp:term":[{"taxonomy":"category","embeddable":true,"href":"https:\/\/incadebolivia.com\/index.php?rest_route=%2Fwp%2Fv2%2Fcategories&post=477"},{"taxonomy":"post_tag","embeddable":true,"href":"https:\/\/incadebolivia.com\/index.php?rest_route=%2Fwp%2Fv2%2Ftags&post=477"}],"curies":[{"name":"wp","href":"https:\/\/api.w.org\/{rel}","templated":true}]}}