{"id":544,"date":"2024-07-01T15:42:23","date_gmt":"2024-07-01T19:42:23","guid":{"rendered":"https:\/\/incadebolivia.com\/?p=544"},"modified":"2024-07-01T15:42:23","modified_gmt":"2024-07-01T19:42:23","slug":"el-jugo-verde-estuvo-presente-en-la-3ra-feria-de-la-comida-sana-y-saludable-del-distrito-4","status":"publish","type":"post","link":"https:\/\/incadebolivia.com\/?p=544","title":{"rendered":"El jugo verde estuvo presente en la 3ra Feria de la Comida Sana y Saludable del Distrito 4"},"content":{"rendered":"<p>La 3ra Feria de la Comida Sana y Saludable organizada por el distrito 4 fue todo un \u00e9xito; la misma tuvo como escenario la plaza de ex combatiente del barrio La Floresta.<!--more--><\/p>\n<p>En el evento se presentaron varios stands para promocionar la comida sana y saludable, desde bocadillos hasta el plato saludable, adem\u00e1s de bebidas refrescantes a base de frutas.<\/p>\n<p>Un stand que llam\u00f3 mucho la atenci\u00f3n fue el del jugo verde, elaborado al instante con frutas y verduras frescas; una iniciativa y emprendimiento que impulsa el INCADE con vecinos de diferentes barrios para instalarlos frente a los centros de salud urbanos.<\/p>\n<p>Manzana verde, pi\u00f1a, pepino y apio son los ingredientes del jugo verde b\u00e1sico que se promocion\u00f3 en la Feria distrital de la Comida Sana y Saludable del distrito 4 con buena aceptaci\u00f3n por su sabor delicioso y frescura.<\/p>\n<p>El jugo verde tiene propiedades importantes para nuestra buena salud: aporta energ\u00eda, aporta vitaminas, minerales y fibra, es antioxidante y desinflama el est\u00f3mago.<\/p>\n<p>Si usted tiene la oportunidad, \u00a1t\u00f3melo! y notar\u00e1 la mejor\u00eda en su salud.<\/p>\n<p>\u00a0<\/p>\n\n\n<figure class=\"wp-block-gallery has-nested-images columns-default is-cropped wp-block-gallery-1 is-layout-flex wp-block-gallery-is-layout-flex\">\n<figure class=\"wp-block-image size-large\"><img loading=\"lazy\" decoding=\"async\" width=\"1000\" height=\"750\" data-id=\"552\" src=\"https:\/\/incadebolivia.com\/wp-content\/uploads\/2024\/07\/feria-2-1.jpg\" alt=\"\" class=\"wp-image-552\" srcset=\"https:\/\/incadebolivia.com\/wp-content\/uploads\/2024\/07\/feria-2-1.jpg 1000w, https:\/\/incadebolivia.com\/wp-content\/uploads\/2024\/07\/feria-2-1-300x225.jpg 300w, https:\/\/incadebolivia.com\/wp-content\/uploads\/2024\/07\/feria-2-1-768x576.jpg 768w\" sizes=\"auto, (max-width: 1000px) 100vw, 1000px\" \/><\/figure>\n\n\n\n<figure class=\"wp-block-image size-large\"><img loading=\"lazy\" decoding=\"async\" width=\"1000\" height=\"467\" data-id=\"551\" src=\"https:\/\/incadebolivia.com\/wp-content\/uploads\/2024\/07\/feria1-1.jpg\" alt=\"\" class=\"wp-image-551\" srcset=\"https:\/\/incadebolivia.com\/wp-content\/uploads\/2024\/07\/feria1-1.jpg 1000w, https:\/\/incadebolivia.com\/wp-content\/uploads\/2024\/07\/feria1-1-300x140.jpg 300w, https:\/\/incadebolivia.com\/wp-content\/uploads\/2024\/07\/feria1-1-768x359.jpg 768w\" sizes=\"auto, (max-width: 1000px) 100vw, 1000px\" \/><\/figure>\n\n\n\n<figure class=\"wp-block-image size-large\"><img loading=\"lazy\" decoding=\"async\" width=\"1000\" height=\"750\" data-id=\"553\" src=\"https:\/\/incadebolivia.com\/wp-content\/uploads\/2024\/07\/puesto-jugo-1-1.jpg\" alt=\"\" class=\"wp-image-553\" srcset=\"https:\/\/incadebolivia.com\/wp-content\/uploads\/2024\/07\/puesto-jugo-1-1.jpg 1000w, https:\/\/incadebolivia.com\/wp-content\/uploads\/2024\/07\/puesto-jugo-1-1-300x225.jpg 300w, https:\/\/incadebolivia.com\/wp-content\/uploads\/2024\/07\/puesto-jugo-1-1-768x576.jpg 768w\" sizes=\"auto, (max-width: 1000px) 100vw, 1000px\" \/><\/figure>\n\n\n\n<figure class=\"wp-block-image size-large\"><img loading=\"lazy\" decoding=\"async\" width=\"1000\" height=\"750\" data-id=\"550\" src=\"https:\/\/incadebolivia.com\/wp-content\/uploads\/2024\/07\/puesto-jugo-3-1.jpg\" alt=\"\" class=\"wp-image-550\" srcset=\"https:\/\/incadebolivia.com\/wp-content\/uploads\/2024\/07\/puesto-jugo-3-1.jpg 1000w, https:\/\/incadebolivia.com\/wp-content\/uploads\/2024\/07\/puesto-jugo-3-1-300x225.jpg 300w, https:\/\/incadebolivia.com\/wp-content\/uploads\/2024\/07\/puesto-jugo-3-1-768x576.jpg 768w\" sizes=\"auto, (max-width: 1000px) 100vw, 1000px\" \/><\/figure>\n<\/figure>\n<div style=\"margin-top: 0px; margin-bottom: 0px;\" class=\"sharethis-inline-reaction-buttons\" ><\/div>","protected":false},"excerpt":{"rendered":"<p>La 3ra Feria de la Comida Sana y Saludable organizada por el distrito 4 fue todo un \u00e9xito; la misma tuvo como escenario la plaza de ex combatiente del barrio La Floresta.<\/p>\n","protected":false},"author":1,"featured_media":548,"comment_status":"open","ping_status":"open","sticky":false,"template":"","format":"standard","meta":{"footnotes":""},"categories":[25],"tags":[],"class_list":["post-544","post","type-post","status-publish","format-standard","has-post-thumbnail","hentry","category-noticias"],"yoast_head":"<!-- This site is optimized with the Yoast SEO plugin v27.4 - https:\/\/yoast.com\/product\/yoast-seo-wordpress\/ -->\n<title>El jugo verde estuvo presente en la 3ra Feria de la Comida Sana y Saludable del Distrito 4 - INCADE<\/title>\n<meta name=\"robots\" content=\"index, follow, max-snippet:-1, max-image-preview:large, max-video-preview:-1\" \/>\n<link rel=\"canonical\" href=\"https:\/\/incadebolivia.com\/?p=544\" \/>\n<meta property=\"og:locale\" content=\"es_ES\" \/>\n<meta property=\"og:type\" content=\"article\" \/>\n<meta property=\"og:title\" content=\"El jugo verde estuvo presente en la 3ra Feria de la Comida Sana y Saludable del Distrito 4 - INCADE\" \/>\n<meta property=\"og:description\" content=\"La 3ra Feria de la Comida Sana y Saludable organizada por el distrito 4 fue todo un \u00e9xito; la misma tuvo como escenario la plaza de ex combatiente del barrio La Floresta.\" \/>\n<meta property=\"og:url\" content=\"https:\/\/incadebolivia.com\/?p=544\" \/>\n<meta property=\"og:site_name\" content=\"INCADE\" \/>\n<meta property=\"article:publisher\" content=\"https:\/\/www.facebook.com\/IncadeMontero\" \/>\n<meta property=\"article:published_time\" content=\"2024-07-01T19:42:23+00:00\" \/>\n<meta property=\"og:image\" content=\"https:\/\/incadebolivia.com\/wp-content\/uploads\/2024\/07\/Puesto-jugo-2.jpg\" \/>\n\t<meta property=\"og:image:width\" content=\"1000\" \/>\n\t<meta property=\"og:image:height\" content=\"750\" \/>\n\t<meta property=\"og:image:type\" content=\"image\/jpeg\" \/>\n<meta name=\"author\" content=\"INCADE\" \/>\n<meta name=\"twitter:card\" content=\"summary_large_image\" \/>\n<meta name=\"twitter:label1\" content=\"Escrito por\" \/>\n\t<meta name=\"twitter:data1\" content=\"INCADE\" \/>\n\t<meta name=\"twitter:label2\" content=\"Tiempo de lectura\" \/>\n\t<meta name=\"twitter:data2\" content=\"1 minuto\" \/>\n<script type=\"application\/ld+json\" class=\"yoast-schema-graph\">{\"@context\":\"https:\\\/\\\/schema.org\",\"@graph\":[{\"@type\":\"Article\",\"@id\":\"https:\\\/\\\/incadebolivia.com\\\/?p=544#article\",\"isPartOf\":{\"@id\":\"https:\\\/\\\/incadebolivia.com\\\/?p=544\"},\"author\":{\"name\":\"INCADE\",\"@id\":\"https:\\\/\\\/incadebolivia.com\\\/#\\\/schema\\\/person\\\/7c960bd9d6253dfb1820037a95b6ec50\"},\"headline\":\"El jugo verde estuvo presente en la 3ra Feria de la Comida Sana y Saludable del Distrito 4\",\"datePublished\":\"2024-07-01T19:42:23+00:00\",\"mainEntityOfPage\":{\"@id\":\"https:\\\/\\\/incadebolivia.com\\\/?p=544\"},\"wordCount\":200,\"commentCount\":0,\"publisher\":{\"@id\":\"https:\\\/\\\/incadebolivia.com\\\/#organization\"},\"image\":{\"@id\":\"https:\\\/\\\/incadebolivia.com\\\/?p=544#primaryimage\"},\"thumbnailUrl\":\"https:\\\/\\\/incadebolivia.com\\\/wp-content\\\/uploads\\\/2024\\\/07\\\/Puesto-jugo-2.jpg\",\"articleSection\":[\"Noticias\"],\"inLanguage\":\"es\",\"potentialAction\":[{\"@type\":\"CommentAction\",\"name\":\"Comment\",\"target\":[\"https:\\\/\\\/incadebolivia.com\\\/?p=544#respond\"]}]},{\"@type\":\"WebPage\",\"@id\":\"https:\\\/\\\/incadebolivia.com\\\/?p=544\",\"url\":\"https:\\\/\\\/incadebolivia.com\\\/?p=544\",\"name\":\"El jugo verde estuvo presente en la 3ra Feria de la Comida Sana y Saludable del Distrito 4 - INCADE\",\"isPartOf\":{\"@id\":\"https:\\\/\\\/incadebolivia.com\\\/#website\"},\"primaryImageOfPage\":{\"@id\":\"https:\\\/\\\/incadebolivia.com\\\/?p=544#primaryimage\"},\"image\":{\"@id\":\"https:\\\/\\\/incadebolivia.com\\\/?p=544#primaryimage\"},\"thumbnailUrl\":\"https:\\\/\\\/incadebolivia.com\\\/wp-content\\\/uploads\\\/2024\\\/07\\\/Puesto-jugo-2.jpg\",\"datePublished\":\"2024-07-01T19:42:23+00:00\",\"breadcrumb\":{\"@id\":\"https:\\\/\\\/incadebolivia.com\\\/?p=544#breadcrumb\"},\"inLanguage\":\"es\",\"potentialAction\":[{\"@type\":\"ReadAction\",\"target\":[\"https:\\\/\\\/incadebolivia.com\\\/?p=544\"]}]},{\"@type\":\"ImageObject\",\"inLanguage\":\"es\",\"@id\":\"https:\\\/\\\/incadebolivia.com\\\/?p=544#primaryimage\",\"url\":\"https:\\\/\\\/incadebolivia.com\\\/wp-content\\\/uploads\\\/2024\\\/07\\\/Puesto-jugo-2.jpg\",\"contentUrl\":\"https:\\\/\\\/incadebolivia.com\\\/wp-content\\\/uploads\\\/2024\\\/07\\\/Puesto-jugo-2.jpg\",\"width\":1000,\"height\":750},{\"@type\":\"BreadcrumbList\",\"@id\":\"https:\\\/\\\/incadebolivia.com\\\/?p=544#breadcrumb\",\"itemListElement\":[{\"@type\":\"ListItem\",\"position\":1,\"name\":\"Portada\",\"item\":\"https:\\\/\\\/incadebolivia.com\\\/\"},{\"@type\":\"ListItem\",\"position\":2,\"name\":\"El jugo verde estuvo presente en la 3ra Feria de la Comida Sana y Saludable del Distrito 4\"}]},{\"@type\":\"WebSite\",\"@id\":\"https:\\\/\\\/incadebolivia.com\\\/#website\",\"url\":\"https:\\\/\\\/incadebolivia.com\\\/\",\"name\":\"INCADE\",\"description\":\"Instituto de Capacitaci\u00f3n para el Desarrollo\",\"publisher\":{\"@id\":\"https:\\\/\\\/incadebolivia.com\\\/#organization\"},\"potentialAction\":[{\"@type\":\"SearchAction\",\"target\":{\"@type\":\"EntryPoint\",\"urlTemplate\":\"https:\\\/\\\/incadebolivia.com\\\/?s={search_term_string}\"},\"query-input\":{\"@type\":\"PropertyValueSpecification\",\"valueRequired\":true,\"valueName\":\"search_term_string\"}}],\"inLanguage\":\"es\"},{\"@type\":\"Organization\",\"@id\":\"https:\\\/\\\/incadebolivia.com\\\/#organization\",\"name\":\"Instituto de Capacitaci\u00f3n para el Desarrollo\",\"url\":\"https:\\\/\\\/incadebolivia.com\\\/\",\"logo\":{\"@type\":\"ImageObject\",\"inLanguage\":\"es\",\"@id\":\"https:\\\/\\\/incadebolivia.com\\\/#\\\/schema\\\/logo\\\/image\\\/\",\"url\":\"https:\\\/\\\/incadebolivia.com\\\/wp-content\\\/uploads\\\/2025\\\/07\\\/ligo-inade.png\",\"contentUrl\":\"https:\\\/\\\/incadebolivia.com\\\/wp-content\\\/uploads\\\/2025\\\/07\\\/ligo-inade.png\",\"width\":430,\"height\":128,\"caption\":\"Instituto de Capacitaci\u00f3n para el Desarrollo\"},\"image\":{\"@id\":\"https:\\\/\\\/incadebolivia.com\\\/#\\\/schema\\\/logo\\\/image\\\/\"},\"sameAs\":[\"https:\\\/\\\/www.facebook.com\\\/IncadeMontero\"]},{\"@type\":\"Person\",\"@id\":\"https:\\\/\\\/incadebolivia.com\\\/#\\\/schema\\\/person\\\/7c960bd9d6253dfb1820037a95b6ec50\",\"name\":\"INCADE\",\"image\":{\"@type\":\"ImageObject\",\"inLanguage\":\"es\",\"@id\":\"https:\\\/\\\/secure.gravatar.com\\\/avatar\\\/bf27e9186df568254093afa216f887fece17605302c6ff12f3980422fffa52e6?s=96&d=mm&r=g\",\"url\":\"https:\\\/\\\/secure.gravatar.com\\\/avatar\\\/bf27e9186df568254093afa216f887fece17605302c6ff12f3980422fffa52e6?s=96&d=mm&r=g\",\"contentUrl\":\"https:\\\/\\\/secure.gravatar.com\\\/avatar\\\/bf27e9186df568254093afa216f887fece17605302c6ff12f3980422fffa52e6?s=96&d=mm&r=g\",\"caption\":\"INCADE\"},\"sameAs\":[\"https:\\\/\\\/incadebolivia.com\"],\"url\":\"https:\\\/\\\/incadebolivia.com\\\/?author=1\"}]}<\/script>\n<!-- \/ Yoast SEO plugin. -->","yoast_head_json":{"title":"El jugo verde estuvo presente en la 3ra Feria de la Comida Sana y Saludable del Distrito 4 - INCADE","robots":{"index":"index","follow":"follow","max-snippet":"max-snippet:-1","max-image-preview":"max-image-preview:large","max-video-preview":"max-video-preview:-1"},"canonical":"https:\/\/incadebolivia.com\/?p=544","og_locale":"es_ES","og_type":"article","og_title":"El jugo verde estuvo presente en la 3ra Feria de la Comida Sana y Saludable del Distrito 4 - INCADE","og_description":"La 3ra Feria de la Comida Sana y Saludable organizada por el distrito 4 fue todo un \u00e9xito; la misma tuvo como escenario la plaza de ex combatiente del barrio La Floresta.","og_url":"https:\/\/incadebolivia.com\/?p=544","og_site_name":"INCADE","article_publisher":"https:\/\/www.facebook.com\/IncadeMontero","article_published_time":"2024-07-01T19:42:23+00:00","og_image":[{"width":1000,"height":750,"url":"https:\/\/incadebolivia.com\/wp-content\/uploads\/2024\/07\/Puesto-jugo-2.jpg","type":"image\/jpeg"}],"author":"INCADE","twitter_card":"summary_large_image","twitter_misc":{"Escrito por":"INCADE","Tiempo de lectura":"1 minuto"},"schema":{"@context":"https:\/\/schema.org","@graph":[{"@type":"Article","@id":"https:\/\/incadebolivia.com\/?p=544#article","isPartOf":{"@id":"https:\/\/incadebolivia.com\/?p=544"},"author":{"name":"INCADE","@id":"https:\/\/incadebolivia.com\/#\/schema\/person\/7c960bd9d6253dfb1820037a95b6ec50"},"headline":"El jugo verde estuvo presente en la 3ra Feria de la Comida Sana y Saludable del Distrito 4","datePublished":"2024-07-01T19:42:23+00:00","mainEntityOfPage":{"@id":"https:\/\/incadebolivia.com\/?p=544"},"wordCount":200,"commentCount":0,"publisher":{"@id":"https:\/\/incadebolivia.com\/#organization"},"image":{"@id":"https:\/\/incadebolivia.com\/?p=544#primaryimage"},"thumbnailUrl":"https:\/\/incadebolivia.com\/wp-content\/uploads\/2024\/07\/Puesto-jugo-2.jpg","articleSection":["Noticias"],"inLanguage":"es","potentialAction":[{"@type":"CommentAction","name":"Comment","target":["https:\/\/incadebolivia.com\/?p=544#respond"]}]},{"@type":"WebPage","@id":"https:\/\/incadebolivia.com\/?p=544","url":"https:\/\/incadebolivia.com\/?p=544","name":"El jugo verde estuvo presente en la 3ra Feria de la Comida Sana y Saludable del Distrito 4 - INCADE","isPartOf":{"@id":"https:\/\/incadebolivia.com\/#website"},"primaryImageOfPage":{"@id":"https:\/\/incadebolivia.com\/?p=544#primaryimage"},"image":{"@id":"https:\/\/incadebolivia.com\/?p=544#primaryimage"},"thumbnailUrl":"https:\/\/incadebolivia.com\/wp-content\/uploads\/2024\/07\/Puesto-jugo-2.jpg","datePublished":"2024-07-01T19:42:23+00:00","breadcrumb":{"@id":"https:\/\/incadebolivia.com\/?p=544#breadcrumb"},"inLanguage":"es","potentialAction":[{"@type":"ReadAction","target":["https:\/\/incadebolivia.com\/?p=544"]}]},{"@type":"ImageObject","inLanguage":"es","@id":"https:\/\/incadebolivia.com\/?p=544#primaryimage","url":"https:\/\/incadebolivia.com\/wp-content\/uploads\/2024\/07\/Puesto-jugo-2.jpg","contentUrl":"https:\/\/incadebolivia.com\/wp-content\/uploads\/2024\/07\/Puesto-jugo-2.jpg","width":1000,"height":750},{"@type":"BreadcrumbList","@id":"https:\/\/incadebolivia.com\/?p=544#breadcrumb","itemListElement":[{"@type":"ListItem","position":1,"name":"Portada","item":"https:\/\/incadebolivia.com\/"},{"@type":"ListItem","position":2,"name":"El jugo verde estuvo presente en la 3ra Feria de la Comida Sana y Saludable del Distrito 4"}]},{"@type":"WebSite","@id":"https:\/\/incadebolivia.com\/#website","url":"https:\/\/incadebolivia.com\/","name":"INCADE","description":"Instituto de Capacitaci\u00f3n para el Desarrollo","publisher":{"@id":"https:\/\/incadebolivia.com\/#organization"},"potentialAction":[{"@type":"SearchAction","target":{"@type":"EntryPoint","urlTemplate":"https:\/\/incadebolivia.com\/?s={search_term_string}"},"query-input":{"@type":"PropertyValueSpecification","valueRequired":true,"valueName":"search_term_string"}}],"inLanguage":"es"},{"@type":"Organization","@id":"https:\/\/incadebolivia.com\/#organization","name":"Instituto de Capacitaci\u00f3n para el Desarrollo","url":"https:\/\/incadebolivia.com\/","logo":{"@type":"ImageObject","inLanguage":"es","@id":"https:\/\/incadebolivia.com\/#\/schema\/logo\/image\/","url":"https:\/\/incadebolivia.com\/wp-content\/uploads\/2025\/07\/ligo-inade.png","contentUrl":"https:\/\/incadebolivia.com\/wp-content\/uploads\/2025\/07\/ligo-inade.png","width":430,"height":128,"caption":"Instituto de Capacitaci\u00f3n para el Desarrollo"},"image":{"@id":"https:\/\/incadebolivia.com\/#\/schema\/logo\/image\/"},"sameAs":["https:\/\/www.facebook.com\/IncadeMontero"]},{"@type":"Person","@id":"https:\/\/incadebolivia.com\/#\/schema\/person\/7c960bd9d6253dfb1820037a95b6ec50","name":"INCADE","image":{"@type":"ImageObject","inLanguage":"es","@id":"https:\/\/secure.gravatar.com\/avatar\/bf27e9186df568254093afa216f887fece17605302c6ff12f3980422fffa52e6?s=96&d=mm&r=g","url":"https:\/\/secure.gravatar.com\/avatar\/bf27e9186df568254093afa216f887fece17605302c6ff12f3980422fffa52e6?s=96&d=mm&r=g","contentUrl":"https:\/\/secure.gravatar.com\/avatar\/bf27e9186df568254093afa216f887fece17605302c6ff12f3980422fffa52e6?s=96&d=mm&r=g","caption":"INCADE"},"sameAs":["https:\/\/incadebolivia.com"],"url":"https:\/\/incadebolivia.com\/?author=1"}]}},"_links":{"self":[{"href":"https:\/\/incadebolivia.com\/index.php?rest_route=\/wp\/v2\/posts\/544","targetHints":{"allow":["GET"]}}],"collection":[{"href":"https:\/\/incadebolivia.com\/index.php?rest_route=\/wp\/v2\/posts"}],"about":[{"href":"https:\/\/incadebolivia.com\/index.php?rest_route=\/wp\/v2\/types\/post"}],"author":[{"embeddable":true,"href":"https:\/\/incadebolivia.com\/index.php?rest_route=\/wp\/v2\/users\/1"}],"replies":[{"embeddable":true,"href":"https:\/\/incadebolivia.com\/index.php?rest_route=%2Fwp%2Fv2%2Fcomments&post=544"}],"version-history":[{"count":1,"href":"https:\/\/incadebolivia.com\/index.php?rest_route=\/wp\/v2\/posts\/544\/revisions"}],"predecessor-version":[{"id":554,"href":"https:\/\/incadebolivia.com\/index.php?rest_route=\/wp\/v2\/posts\/544\/revisions\/554"}],"wp:featuredmedia":[{"embeddable":true,"href":"https:\/\/incadebolivia.com\/index.php?rest_route=\/wp\/v2\/media\/548"}],"wp:attachment":[{"href":"https:\/\/incadebolivia.com\/index.php?rest_route=%2Fwp%2Fv2%2Fmedia&parent=544"}],"wp:term":[{"taxonomy":"category","embeddable":true,"href":"https:\/\/incadebolivia.com\/index.php?rest_route=%2Fwp%2Fv2%2Fcategories&post=544"},{"taxonomy":"post_tag","embeddable":true,"href":"https:\/\/incadebolivia.com\/index.php?rest_route=%2Fwp%2Fv2%2Ftags&post=544"}],"curies":[{"name":"wp","href":"https:\/\/api.w.org\/{rel}","templated":true}]}}