{"id":557,"date":"2024-08-23T11:46:37","date_gmt":"2024-08-23T15:46:37","guid":{"rendered":"https:\/\/incadebolivia.com\/?p=557"},"modified":"2024-08-23T11:47:25","modified_gmt":"2024-08-23T15:47:25","slug":"lanzaron-el-programa-de-reciclaje-inclusivo-de-montero","status":"publish","type":"post","link":"https:\/\/incadebolivia.com\/?p=557","title":{"rendered":"Lanzaron el programa de reciclaje inclusivo de Montero"},"content":{"rendered":"<p>El alcalde de Montero Regys Medina lanz\u00f3 hoy el programa de reciclaje inclusivo de Montero con la participaci\u00f3n de la Fundaci\u00f3n DES, INCADE y la Carrera de Ingenier\u00eda Agropecuaria Muyurina CIAM.<!--more--><\/p>\n<p>El objetivo del programa es la sensibilizaci\u00f3n de la poblaci\u00f3n montere\u00f1a para que separe los residuos reciclables y estos sean entregados a las recicladoras que diariamente recogen estos residuos para poder venderlos, darles un nuevo uso y as\u00ed contribuir a la preservaci\u00f3n del medio ambiente.<\/p>\n<p>El programa de reciclaje inclusivo de Montero tiene dos etapas, una primera ya ha sido cumplida de marzo a junio donde se implement\u00f3 un programa piloto en cuatro zonas identificadas por los sub alcaldes de la ciudad con resultados satisfactorios, alcanzando a m\u00e1s de 2 mil hogares donde se han recolectado m\u00e1s de 1.200 kg de residuos reciclables dijo Andrei Abruzzese coordinador de proyectos de la Fundaci\u00f3n DES.<\/p>\n<p>En este sentido estudiantes de la Carrera de Ingenier\u00eda Agropecuaria Muyurina CIAM fueron capacitados para realizar la sensibilizaci\u00f3n de la poblaci\u00f3n puerta a puerta, actividad que se cumplir\u00e1 hoy viernes.<\/p>\n<p>Este programa se extender\u00e1 hasta noviembre de 2025 donde se espera tener una base para que el gobierno municipal de Montero empiece a hacer una recolecci\u00f3n diferenciada de los residuos s\u00f3lidos.<\/p>\n\n\n<figure class=\"wp-block-gallery has-nested-images columns-default is-cropped wp-block-gallery-1 is-layout-flex wp-block-gallery-is-layout-flex\">\n<figure class=\"wp-block-image size-large\"><img loading=\"lazy\" decoding=\"async\" width=\"1024\" height=\"768\" data-id=\"561\" src=\"https:\/\/incadebolivia.com\/wp-content\/uploads\/2024\/08\/WhatsApp-Image-2024-08-23-at-9.00.59-AM-1024x768.jpeg\" alt=\"\" class=\"wp-image-561\" srcset=\"https:\/\/incadebolivia.com\/wp-content\/uploads\/2024\/08\/WhatsApp-Image-2024-08-23-at-9.00.59-AM-1024x768.jpeg 1024w, https:\/\/incadebolivia.com\/wp-content\/uploads\/2024\/08\/WhatsApp-Image-2024-08-23-at-9.00.59-AM-300x225.jpeg 300w, https:\/\/incadebolivia.com\/wp-content\/uploads\/2024\/08\/WhatsApp-Image-2024-08-23-at-9.00.59-AM-768x576.jpeg 768w, https:\/\/incadebolivia.com\/wp-content\/uploads\/2024\/08\/WhatsApp-Image-2024-08-23-at-9.00.59-AM-1536x1152.jpeg 1536w, https:\/\/incadebolivia.com\/wp-content\/uploads\/2024\/08\/WhatsApp-Image-2024-08-23-at-9.00.59-AM.jpeg 1600w\" sizes=\"auto, (max-width: 1024px) 100vw, 1024px\" \/><\/figure>\n\n\n\n<figure class=\"wp-block-image size-large\"><img loading=\"lazy\" decoding=\"async\" width=\"1024\" height=\"768\" data-id=\"559\" src=\"https:\/\/incadebolivia.com\/wp-content\/uploads\/2024\/08\/WhatsApp-Image-2024-08-23-at-9.00.58-AM-1-1024x768.jpeg\" alt=\"\" class=\"wp-image-559\" srcset=\"https:\/\/incadebolivia.com\/wp-content\/uploads\/2024\/08\/WhatsApp-Image-2024-08-23-at-9.00.58-AM-1-1024x768.jpeg 1024w, https:\/\/incadebolivia.com\/wp-content\/uploads\/2024\/08\/WhatsApp-Image-2024-08-23-at-9.00.58-AM-1-300x225.jpeg 300w, https:\/\/incadebolivia.com\/wp-content\/uploads\/2024\/08\/WhatsApp-Image-2024-08-23-at-9.00.58-AM-1-768x576.jpeg 768w, https:\/\/incadebolivia.com\/wp-content\/uploads\/2024\/08\/WhatsApp-Image-2024-08-23-at-9.00.58-AM-1-1536x1152.jpeg 1536w, https:\/\/incadebolivia.com\/wp-content\/uploads\/2024\/08\/WhatsApp-Image-2024-08-23-at-9.00.58-AM-1.jpeg 1600w\" sizes=\"auto, (max-width: 1024px) 100vw, 1024px\" \/><\/figure>\n\n\n\n<figure class=\"wp-block-image size-large\"><img loading=\"lazy\" decoding=\"async\" width=\"1024\" height=\"768\" data-id=\"558\" src=\"https:\/\/incadebolivia.com\/wp-content\/uploads\/2024\/08\/WhatsApp-Image-2024-08-23-at-9.00.57-AM-2-1024x768.jpeg\" alt=\"\" class=\"wp-image-558\" srcset=\"https:\/\/incadebolivia.com\/wp-content\/uploads\/2024\/08\/WhatsApp-Image-2024-08-23-at-9.00.57-AM-2-1024x768.jpeg 1024w, https:\/\/incadebolivia.com\/wp-content\/uploads\/2024\/08\/WhatsApp-Image-2024-08-23-at-9.00.57-AM-2-300x225.jpeg 300w, https:\/\/incadebolivia.com\/wp-content\/uploads\/2024\/08\/WhatsApp-Image-2024-08-23-at-9.00.57-AM-2-768x576.jpeg 768w, https:\/\/incadebolivia.com\/wp-content\/uploads\/2024\/08\/WhatsApp-Image-2024-08-23-at-9.00.57-AM-2-1536x1152.jpeg 1536w, https:\/\/incadebolivia.com\/wp-content\/uploads\/2024\/08\/WhatsApp-Image-2024-08-23-at-9.00.57-AM-2.jpeg 1600w\" sizes=\"auto, (max-width: 1024px) 100vw, 1024px\" \/><\/figure>\n<\/figure>\n<div style=\"margin-top: 0px; margin-bottom: 0px;\" class=\"sharethis-inline-reaction-buttons\" ><\/div>","protected":false},"excerpt":{"rendered":"<p>El alcalde de Montero Regys Medina lanz\u00f3 hoy el programa de reciclaje inclusivo de Montero con la participaci\u00f3n de la Fundaci\u00f3n DES, INCADE y la Carrera de Ingenier\u00eda Agropecuaria Muyurina CIAM.<\/p>\n","protected":false},"author":1,"featured_media":560,"comment_status":"open","ping_status":"open","sticky":false,"template":"","format":"standard","meta":{"footnotes":""},"categories":[25],"tags":[],"class_list":["post-557","post","type-post","status-publish","format-standard","has-post-thumbnail","hentry","category-noticias"],"yoast_head":"<!-- This site is optimized with the Yoast SEO plugin v27.4 - https:\/\/yoast.com\/product\/yoast-seo-wordpress\/ -->\n<title>Lanzaron el programa de reciclaje inclusivo de Montero - INCADE<\/title>\n<meta name=\"robots\" content=\"index, follow, max-snippet:-1, max-image-preview:large, max-video-preview:-1\" \/>\n<link rel=\"canonical\" href=\"https:\/\/incadebolivia.com\/?p=557\" \/>\n<meta property=\"og:locale\" content=\"es_ES\" \/>\n<meta property=\"og:type\" content=\"article\" \/>\n<meta property=\"og:title\" content=\"Lanzaron el programa de reciclaje inclusivo de Montero - INCADE\" \/>\n<meta property=\"og:description\" content=\"El alcalde de Montero Regys Medina lanz\u00f3 hoy el programa de reciclaje inclusivo de Montero con la participaci\u00f3n de la Fundaci\u00f3n DES, INCADE y la Carrera de Ingenier\u00eda Agropecuaria Muyurina CIAM.\" \/>\n<meta property=\"og:url\" content=\"https:\/\/incadebolivia.com\/?p=557\" \/>\n<meta property=\"og:site_name\" content=\"INCADE\" \/>\n<meta property=\"article:publisher\" content=\"https:\/\/www.facebook.com\/IncadeMontero\" \/>\n<meta property=\"article:published_time\" content=\"2024-08-23T15:46:37+00:00\" \/>\n<meta property=\"article:modified_time\" content=\"2024-08-23T15:47:25+00:00\" \/>\n<meta property=\"og:image\" content=\"https:\/\/incadebolivia.com\/wp-content\/uploads\/2024\/08\/WhatsApp-Image-2024-08-23-at-9.00.59-AM-2.jpeg\" \/>\n\t<meta property=\"og:image:width\" content=\"1600\" \/>\n\t<meta property=\"og:image:height\" content=\"1200\" \/>\n\t<meta property=\"og:image:type\" content=\"image\/jpeg\" \/>\n<meta name=\"author\" content=\"INCADE\" \/>\n<meta name=\"twitter:card\" content=\"summary_large_image\" \/>\n<meta name=\"twitter:label1\" content=\"Escrito por\" \/>\n\t<meta name=\"twitter:data1\" content=\"INCADE\" \/>\n\t<meta name=\"twitter:label2\" content=\"Tiempo de lectura\" \/>\n\t<meta name=\"twitter:data2\" content=\"1 minuto\" \/>\n<script type=\"application\/ld+json\" class=\"yoast-schema-graph\">{\"@context\":\"https:\\\/\\\/schema.org\",\"@graph\":[{\"@type\":\"Article\",\"@id\":\"https:\\\/\\\/incadebolivia.com\\\/?p=557#article\",\"isPartOf\":{\"@id\":\"https:\\\/\\\/incadebolivia.com\\\/?p=557\"},\"author\":{\"name\":\"INCADE\",\"@id\":\"https:\\\/\\\/incadebolivia.com\\\/#\\\/schema\\\/person\\\/7c960bd9d6253dfb1820037a95b6ec50\"},\"headline\":\"Lanzaron el programa de reciclaje inclusivo de Montero\",\"datePublished\":\"2024-08-23T15:46:37+00:00\",\"dateModified\":\"2024-08-23T15:47:25+00:00\",\"mainEntityOfPage\":{\"@id\":\"https:\\\/\\\/incadebolivia.com\\\/?p=557\"},\"wordCount\":225,\"commentCount\":0,\"publisher\":{\"@id\":\"https:\\\/\\\/incadebolivia.com\\\/#organization\"},\"image\":{\"@id\":\"https:\\\/\\\/incadebolivia.com\\\/?p=557#primaryimage\"},\"thumbnailUrl\":\"https:\\\/\\\/incadebolivia.com\\\/wp-content\\\/uploads\\\/2024\\\/08\\\/WhatsApp-Image-2024-08-23-at-9.00.59-AM-2.jpeg\",\"articleSection\":[\"Noticias\"],\"inLanguage\":\"es\",\"potentialAction\":[{\"@type\":\"CommentAction\",\"name\":\"Comment\",\"target\":[\"https:\\\/\\\/incadebolivia.com\\\/?p=557#respond\"]}]},{\"@type\":\"WebPage\",\"@id\":\"https:\\\/\\\/incadebolivia.com\\\/?p=557\",\"url\":\"https:\\\/\\\/incadebolivia.com\\\/?p=557\",\"name\":\"Lanzaron el programa de reciclaje inclusivo de Montero - INCADE\",\"isPartOf\":{\"@id\":\"https:\\\/\\\/incadebolivia.com\\\/#website\"},\"primaryImageOfPage\":{\"@id\":\"https:\\\/\\\/incadebolivia.com\\\/?p=557#primaryimage\"},\"image\":{\"@id\":\"https:\\\/\\\/incadebolivia.com\\\/?p=557#primaryimage\"},\"thumbnailUrl\":\"https:\\\/\\\/incadebolivia.com\\\/wp-content\\\/uploads\\\/2024\\\/08\\\/WhatsApp-Image-2024-08-23-at-9.00.59-AM-2.jpeg\",\"datePublished\":\"2024-08-23T15:46:37+00:00\",\"dateModified\":\"2024-08-23T15:47:25+00:00\",\"breadcrumb\":{\"@id\":\"https:\\\/\\\/incadebolivia.com\\\/?p=557#breadcrumb\"},\"inLanguage\":\"es\",\"potentialAction\":[{\"@type\":\"ReadAction\",\"target\":[\"https:\\\/\\\/incadebolivia.com\\\/?p=557\"]}]},{\"@type\":\"ImageObject\",\"inLanguage\":\"es\",\"@id\":\"https:\\\/\\\/incadebolivia.com\\\/?p=557#primaryimage\",\"url\":\"https:\\\/\\\/incadebolivia.com\\\/wp-content\\\/uploads\\\/2024\\\/08\\\/WhatsApp-Image-2024-08-23-at-9.00.59-AM-2.jpeg\",\"contentUrl\":\"https:\\\/\\\/incadebolivia.com\\\/wp-content\\\/uploads\\\/2024\\\/08\\\/WhatsApp-Image-2024-08-23-at-9.00.59-AM-2.jpeg\",\"width\":1600,\"height\":1200},{\"@type\":\"BreadcrumbList\",\"@id\":\"https:\\\/\\\/incadebolivia.com\\\/?p=557#breadcrumb\",\"itemListElement\":[{\"@type\":\"ListItem\",\"position\":1,\"name\":\"Portada\",\"item\":\"https:\\\/\\\/incadebolivia.com\\\/\"},{\"@type\":\"ListItem\",\"position\":2,\"name\":\"Lanzaron el programa de reciclaje inclusivo de Montero\"}]},{\"@type\":\"WebSite\",\"@id\":\"https:\\\/\\\/incadebolivia.com\\\/#website\",\"url\":\"https:\\\/\\\/incadebolivia.com\\\/\",\"name\":\"INCADE\",\"description\":\"Instituto de Capacitaci\u00f3n para el Desarrollo\",\"publisher\":{\"@id\":\"https:\\\/\\\/incadebolivia.com\\\/#organization\"},\"potentialAction\":[{\"@type\":\"SearchAction\",\"target\":{\"@type\":\"EntryPoint\",\"urlTemplate\":\"https:\\\/\\\/incadebolivia.com\\\/?s={search_term_string}\"},\"query-input\":{\"@type\":\"PropertyValueSpecification\",\"valueRequired\":true,\"valueName\":\"search_term_string\"}}],\"inLanguage\":\"es\"},{\"@type\":\"Organization\",\"@id\":\"https:\\\/\\\/incadebolivia.com\\\/#organization\",\"name\":\"Instituto de Capacitaci\u00f3n para el Desarrollo\",\"url\":\"https:\\\/\\\/incadebolivia.com\\\/\",\"logo\":{\"@type\":\"ImageObject\",\"inLanguage\":\"es\",\"@id\":\"https:\\\/\\\/incadebolivia.com\\\/#\\\/schema\\\/logo\\\/image\\\/\",\"url\":\"https:\\\/\\\/incadebolivia.com\\\/wp-content\\\/uploads\\\/2025\\\/07\\\/ligo-inade.png\",\"contentUrl\":\"https:\\\/\\\/incadebolivia.com\\\/wp-content\\\/uploads\\\/2025\\\/07\\\/ligo-inade.png\",\"width\":430,\"height\":128,\"caption\":\"Instituto de Capacitaci\u00f3n para el Desarrollo\"},\"image\":{\"@id\":\"https:\\\/\\\/incadebolivia.com\\\/#\\\/schema\\\/logo\\\/image\\\/\"},\"sameAs\":[\"https:\\\/\\\/www.facebook.com\\\/IncadeMontero\"]},{\"@type\":\"Person\",\"@id\":\"https:\\\/\\\/incadebolivia.com\\\/#\\\/schema\\\/person\\\/7c960bd9d6253dfb1820037a95b6ec50\",\"name\":\"INCADE\",\"image\":{\"@type\":\"ImageObject\",\"inLanguage\":\"es\",\"@id\":\"https:\\\/\\\/secure.gravatar.com\\\/avatar\\\/bf27e9186df568254093afa216f887fece17605302c6ff12f3980422fffa52e6?s=96&d=mm&r=g\",\"url\":\"https:\\\/\\\/secure.gravatar.com\\\/avatar\\\/bf27e9186df568254093afa216f887fece17605302c6ff12f3980422fffa52e6?s=96&d=mm&r=g\",\"contentUrl\":\"https:\\\/\\\/secure.gravatar.com\\\/avatar\\\/bf27e9186df568254093afa216f887fece17605302c6ff12f3980422fffa52e6?s=96&d=mm&r=g\",\"caption\":\"INCADE\"},\"sameAs\":[\"https:\\\/\\\/incadebolivia.com\"],\"url\":\"https:\\\/\\\/incadebolivia.com\\\/?author=1\"}]}<\/script>\n<!-- \/ Yoast SEO plugin. -->","yoast_head_json":{"title":"Lanzaron el programa de reciclaje inclusivo de Montero - INCADE","robots":{"index":"index","follow":"follow","max-snippet":"max-snippet:-1","max-image-preview":"max-image-preview:large","max-video-preview":"max-video-preview:-1"},"canonical":"https:\/\/incadebolivia.com\/?p=557","og_locale":"es_ES","og_type":"article","og_title":"Lanzaron el programa de reciclaje inclusivo de Montero - INCADE","og_description":"El alcalde de Montero Regys Medina lanz\u00f3 hoy el programa de reciclaje inclusivo de Montero con la participaci\u00f3n de la Fundaci\u00f3n DES, INCADE y la Carrera de Ingenier\u00eda Agropecuaria Muyurina CIAM.","og_url":"https:\/\/incadebolivia.com\/?p=557","og_site_name":"INCADE","article_publisher":"https:\/\/www.facebook.com\/IncadeMontero","article_published_time":"2024-08-23T15:46:37+00:00","article_modified_time":"2024-08-23T15:47:25+00:00","og_image":[{"width":1600,"height":1200,"url":"https:\/\/incadebolivia.com\/wp-content\/uploads\/2024\/08\/WhatsApp-Image-2024-08-23-at-9.00.59-AM-2.jpeg","type":"image\/jpeg"}],"author":"INCADE","twitter_card":"summary_large_image","twitter_misc":{"Escrito por":"INCADE","Tiempo de lectura":"1 minuto"},"schema":{"@context":"https:\/\/schema.org","@graph":[{"@type":"Article","@id":"https:\/\/incadebolivia.com\/?p=557#article","isPartOf":{"@id":"https:\/\/incadebolivia.com\/?p=557"},"author":{"name":"INCADE","@id":"https:\/\/incadebolivia.com\/#\/schema\/person\/7c960bd9d6253dfb1820037a95b6ec50"},"headline":"Lanzaron el programa de reciclaje inclusivo de Montero","datePublished":"2024-08-23T15:46:37+00:00","dateModified":"2024-08-23T15:47:25+00:00","mainEntityOfPage":{"@id":"https:\/\/incadebolivia.com\/?p=557"},"wordCount":225,"commentCount":0,"publisher":{"@id":"https:\/\/incadebolivia.com\/#organization"},"image":{"@id":"https:\/\/incadebolivia.com\/?p=557#primaryimage"},"thumbnailUrl":"https:\/\/incadebolivia.com\/wp-content\/uploads\/2024\/08\/WhatsApp-Image-2024-08-23-at-9.00.59-AM-2.jpeg","articleSection":["Noticias"],"inLanguage":"es","potentialAction":[{"@type":"CommentAction","name":"Comment","target":["https:\/\/incadebolivia.com\/?p=557#respond"]}]},{"@type":"WebPage","@id":"https:\/\/incadebolivia.com\/?p=557","url":"https:\/\/incadebolivia.com\/?p=557","name":"Lanzaron el programa de reciclaje inclusivo de Montero - INCADE","isPartOf":{"@id":"https:\/\/incadebolivia.com\/#website"},"primaryImageOfPage":{"@id":"https:\/\/incadebolivia.com\/?p=557#primaryimage"},"image":{"@id":"https:\/\/incadebolivia.com\/?p=557#primaryimage"},"thumbnailUrl":"https:\/\/incadebolivia.com\/wp-content\/uploads\/2024\/08\/WhatsApp-Image-2024-08-23-at-9.00.59-AM-2.jpeg","datePublished":"2024-08-23T15:46:37+00:00","dateModified":"2024-08-23T15:47:25+00:00","breadcrumb":{"@id":"https:\/\/incadebolivia.com\/?p=557#breadcrumb"},"inLanguage":"es","potentialAction":[{"@type":"ReadAction","target":["https:\/\/incadebolivia.com\/?p=557"]}]},{"@type":"ImageObject","inLanguage":"es","@id":"https:\/\/incadebolivia.com\/?p=557#primaryimage","url":"https:\/\/incadebolivia.com\/wp-content\/uploads\/2024\/08\/WhatsApp-Image-2024-08-23-at-9.00.59-AM-2.jpeg","contentUrl":"https:\/\/incadebolivia.com\/wp-content\/uploads\/2024\/08\/WhatsApp-Image-2024-08-23-at-9.00.59-AM-2.jpeg","width":1600,"height":1200},{"@type":"BreadcrumbList","@id":"https:\/\/incadebolivia.com\/?p=557#breadcrumb","itemListElement":[{"@type":"ListItem","position":1,"name":"Portada","item":"https:\/\/incadebolivia.com\/"},{"@type":"ListItem","position":2,"name":"Lanzaron el programa de reciclaje inclusivo de Montero"}]},{"@type":"WebSite","@id":"https:\/\/incadebolivia.com\/#website","url":"https:\/\/incadebolivia.com\/","name":"INCADE","description":"Instituto de Capacitaci\u00f3n para el Desarrollo","publisher":{"@id":"https:\/\/incadebolivia.com\/#organization"},"potentialAction":[{"@type":"SearchAction","target":{"@type":"EntryPoint","urlTemplate":"https:\/\/incadebolivia.com\/?s={search_term_string}"},"query-input":{"@type":"PropertyValueSpecification","valueRequired":true,"valueName":"search_term_string"}}],"inLanguage":"es"},{"@type":"Organization","@id":"https:\/\/incadebolivia.com\/#organization","name":"Instituto de Capacitaci\u00f3n para el Desarrollo","url":"https:\/\/incadebolivia.com\/","logo":{"@type":"ImageObject","inLanguage":"es","@id":"https:\/\/incadebolivia.com\/#\/schema\/logo\/image\/","url":"https:\/\/incadebolivia.com\/wp-content\/uploads\/2025\/07\/ligo-inade.png","contentUrl":"https:\/\/incadebolivia.com\/wp-content\/uploads\/2025\/07\/ligo-inade.png","width":430,"height":128,"caption":"Instituto de Capacitaci\u00f3n para el Desarrollo"},"image":{"@id":"https:\/\/incadebolivia.com\/#\/schema\/logo\/image\/"},"sameAs":["https:\/\/www.facebook.com\/IncadeMontero"]},{"@type":"Person","@id":"https:\/\/incadebolivia.com\/#\/schema\/person\/7c960bd9d6253dfb1820037a95b6ec50","name":"INCADE","image":{"@type":"ImageObject","inLanguage":"es","@id":"https:\/\/secure.gravatar.com\/avatar\/bf27e9186df568254093afa216f887fece17605302c6ff12f3980422fffa52e6?s=96&d=mm&r=g","url":"https:\/\/secure.gravatar.com\/avatar\/bf27e9186df568254093afa216f887fece17605302c6ff12f3980422fffa52e6?s=96&d=mm&r=g","contentUrl":"https:\/\/secure.gravatar.com\/avatar\/bf27e9186df568254093afa216f887fece17605302c6ff12f3980422fffa52e6?s=96&d=mm&r=g","caption":"INCADE"},"sameAs":["https:\/\/incadebolivia.com"],"url":"https:\/\/incadebolivia.com\/?author=1"}]}},"_links":{"self":[{"href":"https:\/\/incadebolivia.com\/index.php?rest_route=\/wp\/v2\/posts\/557","targetHints":{"allow":["GET"]}}],"collection":[{"href":"https:\/\/incadebolivia.com\/index.php?rest_route=\/wp\/v2\/posts"}],"about":[{"href":"https:\/\/incadebolivia.com\/index.php?rest_route=\/wp\/v2\/types\/post"}],"author":[{"embeddable":true,"href":"https:\/\/incadebolivia.com\/index.php?rest_route=\/wp\/v2\/users\/1"}],"replies":[{"embeddable":true,"href":"https:\/\/incadebolivia.com\/index.php?rest_route=%2Fwp%2Fv2%2Fcomments&post=557"}],"version-history":[{"count":2,"href":"https:\/\/incadebolivia.com\/index.php?rest_route=\/wp\/v2\/posts\/557\/revisions"}],"predecessor-version":[{"id":563,"href":"https:\/\/incadebolivia.com\/index.php?rest_route=\/wp\/v2\/posts\/557\/revisions\/563"}],"wp:featuredmedia":[{"embeddable":true,"href":"https:\/\/incadebolivia.com\/index.php?rest_route=\/wp\/v2\/media\/560"}],"wp:attachment":[{"href":"https:\/\/incadebolivia.com\/index.php?rest_route=%2Fwp%2Fv2%2Fmedia&parent=557"}],"wp:term":[{"taxonomy":"category","embeddable":true,"href":"https:\/\/incadebolivia.com\/index.php?rest_route=%2Fwp%2Fv2%2Fcategories&post=557"},{"taxonomy":"post_tag","embeddable":true,"href":"https:\/\/incadebolivia.com\/index.php?rest_route=%2Fwp%2Fv2%2Ftags&post=557"}],"curies":[{"name":"wp","href":"https:\/\/api.w.org\/{rel}","templated":true}]}}