{"id":626,"date":"2025-08-28T11:56:22","date_gmt":"2025-08-28T15:56:22","guid":{"rendered":"https:\/\/incadebolivia.com\/?p=626"},"modified":"2025-08-28T11:57:17","modified_gmt":"2025-08-28T15:57:17","slug":"se-realizo-con-exito-la-5ta-version-de-la-maraton-corriendo-por-la-vida","status":"publish","type":"post","link":"https:\/\/incadebolivia.com\/?p=626","title":{"rendered":"Se realiz\u00f3 con \u00e9xito la 5ta versi\u00f3n de la marat\u00f3n \u201cCorriendo por la vida\u201d"},"content":{"rendered":"\n<figure class=\"wp-block-image size-large\"><img loading=\"lazy\" decoding=\"async\" width=\"1024\" height=\"768\" src=\"https:\/\/incadebolivia.com\/wp-content\/uploads\/2025\/08\/WhatsApp-Image-2025-08-28-at-11.37.27-AM-1-1024x768.jpeg\" alt=\"\" class=\"wp-image-619\" srcset=\"https:\/\/incadebolivia.com\/wp-content\/uploads\/2025\/08\/WhatsApp-Image-2025-08-28-at-11.37.27-AM-1-1024x768.jpeg 1024w, https:\/\/incadebolivia.com\/wp-content\/uploads\/2025\/08\/WhatsApp-Image-2025-08-28-at-11.37.27-AM-1-300x225.jpeg 300w, https:\/\/incadebolivia.com\/wp-content\/uploads\/2025\/08\/WhatsApp-Image-2025-08-28-at-11.37.27-AM-1-768x576.jpeg 768w, https:\/\/incadebolivia.com\/wp-content\/uploads\/2025\/08\/WhatsApp-Image-2025-08-28-at-11.37.27-AM-1-1536x1152.jpeg 1536w, https:\/\/incadebolivia.com\/wp-content\/uploads\/2025\/08\/WhatsApp-Image-2025-08-28-at-11.37.27-AM-1.jpeg 1600w\" sizes=\"auto, (max-width: 1024px) 100vw, 1024px\" \/><\/figure>\n\n\n<p>Con gran entusiasmo y esp\u00edritu de unidad, estudiantes, profesores y padres de familia de 12 unidades educativas del Distrito 1 Guabir\u00e1 participaron en la <strong>5ta versi\u00f3n de la marat\u00f3n \u201cCorriendo por la vida\u201d<\/strong>, una actividad que ya se ha convertido en tradici\u00f3n y que forma parte del <strong>Proyecto Socio Comunitario Productivo sobre alimentaci\u00f3n saludable y cuidado del medio ambiente<\/strong>.<\/p>\n<p>La competencia recorri\u00f3 <strong>11 kil\u00f3metros distribuidos en 18 postas<\/strong>, iniciando con los estudiantes de primaria, seguidos por los de secundaria, luego padres de familia y profesores, y concluyendo con la participaci\u00f3n simb\u00f3lica de los m\u00e1s peque\u00f1os del nivel inicial.<\/p>\n<p>M\u00e1s all\u00e1 de lo deportivo, la marat\u00f3n busca <strong>promover h\u00e1bitos de vida saludable y la integraci\u00f3n comunitaria<\/strong>. Especialistas destacan que esta pr\u00e1ctica mejora la salud cardiovascular, fortalece m\u00fasculos y huesos, controla el peso y potencia la capacidad pulmonar. Adem\u00e1s, correr libera endorfinas que reducen el estr\u00e9s, elevan el \u00e1nimo y refuerzan valores como la disciplina, la perseverancia y la superaci\u00f3n personal.<\/p>\n<p>El evento fue organizado por la <strong>Subdirecci\u00f3n Distrital de Educaci\u00f3n del Distrito 1<\/strong>, a cargo del Lic. Johel Ibarra, en coordinaci\u00f3n con directores de las unidades educativas, profesores de educaci\u00f3n f\u00edsica y el apoyo del subalcalde Lic. Ricardo Melgar. Tambi\u00e9n se cont\u00f3 con el respaldo de la <strong>Direcci\u00f3n de Deportes del Gobierno Municipal de Montero<\/strong>, el <strong>centro de salud Dr. V\u00edctor Hugo Cassal<\/strong>, el sector transporte y el <strong>INCADE<\/strong>.<\/p>\n<p>La marat\u00f3n \u201cCorriendo por la vida\u201d reafirma que la educaci\u00f3n, la salud y el deporte son pilares fundamentales para construir comunidades m\u00e1s fuertes, unidas y comprometidas con el bienestar de todos.<\/p>\n\n\n<figure class=\"wp-block-gallery has-nested-images columns-default is-cropped wp-block-gallery-1 is-layout-flex wp-block-gallery-is-layout-flex\">\n<figure class=\"wp-block-image size-large\"><img loading=\"lazy\" decoding=\"async\" width=\"1024\" height=\"768\" data-id=\"621\" src=\"https:\/\/incadebolivia.com\/wp-content\/uploads\/2025\/08\/WhatsApp-Image-2025-08-28-at-10.54.45-AM-1024x768.jpeg\" alt=\"\" class=\"wp-image-621\" srcset=\"https:\/\/incadebolivia.com\/wp-content\/uploads\/2025\/08\/WhatsApp-Image-2025-08-28-at-10.54.45-AM-1024x768.jpeg 1024w, https:\/\/incadebolivia.com\/wp-content\/uploads\/2025\/08\/WhatsApp-Image-2025-08-28-at-10.54.45-AM-300x225.jpeg 300w, https:\/\/incadebolivia.com\/wp-content\/uploads\/2025\/08\/WhatsApp-Image-2025-08-28-at-10.54.45-AM-768x576.jpeg 768w, https:\/\/incadebolivia.com\/wp-content\/uploads\/2025\/08\/WhatsApp-Image-2025-08-28-at-10.54.45-AM-1536x1152.jpeg 1536w, https:\/\/incadebolivia.com\/wp-content\/uploads\/2025\/08\/WhatsApp-Image-2025-08-28-at-10.54.45-AM.jpeg 1600w\" sizes=\"auto, (max-width: 1024px) 100vw, 1024px\" \/><\/figure>\n\n\n\n<figure class=\"wp-block-image size-large\"><img loading=\"lazy\" decoding=\"async\" width=\"1024\" height=\"768\" data-id=\"623\" src=\"https:\/\/incadebolivia.com\/wp-content\/uploads\/2025\/08\/WhatsApp-Image-2025-08-28-at-11.37.27-AM-1024x768.jpeg\" alt=\"\" class=\"wp-image-623\" srcset=\"https:\/\/incadebolivia.com\/wp-content\/uploads\/2025\/08\/WhatsApp-Image-2025-08-28-at-11.37.27-AM-1024x768.jpeg 1024w, https:\/\/incadebolivia.com\/wp-content\/uploads\/2025\/08\/WhatsApp-Image-2025-08-28-at-11.37.27-AM-300x225.jpeg 300w, https:\/\/incadebolivia.com\/wp-content\/uploads\/2025\/08\/WhatsApp-Image-2025-08-28-at-11.37.27-AM-768x576.jpeg 768w, https:\/\/incadebolivia.com\/wp-content\/uploads\/2025\/08\/WhatsApp-Image-2025-08-28-at-11.37.27-AM-1536x1152.jpeg 1536w, https:\/\/incadebolivia.com\/wp-content\/uploads\/2025\/08\/WhatsApp-Image-2025-08-28-at-11.37.27-AM.jpeg 1600w\" sizes=\"auto, (max-width: 1024px) 100vw, 1024px\" \/><\/figure>\n\n\n\n<figure class=\"wp-block-image size-large\"><img loading=\"lazy\" decoding=\"async\" width=\"1024\" height=\"768\" data-id=\"622\" src=\"https:\/\/incadebolivia.com\/wp-content\/uploads\/2025\/08\/WhatsApp-Image-2025-08-28-at-10.54.46-AM-1024x768.jpeg\" alt=\"\" class=\"wp-image-622\" srcset=\"https:\/\/incadebolivia.com\/wp-content\/uploads\/2025\/08\/WhatsApp-Image-2025-08-28-at-10.54.46-AM-1024x768.jpeg 1024w, https:\/\/incadebolivia.com\/wp-content\/uploads\/2025\/08\/WhatsApp-Image-2025-08-28-at-10.54.46-AM-300x225.jpeg 300w, https:\/\/incadebolivia.com\/wp-content\/uploads\/2025\/08\/WhatsApp-Image-2025-08-28-at-10.54.46-AM-768x576.jpeg 768w, https:\/\/incadebolivia.com\/wp-content\/uploads\/2025\/08\/WhatsApp-Image-2025-08-28-at-10.54.46-AM-1536x1152.jpeg 1536w, https:\/\/incadebolivia.com\/wp-content\/uploads\/2025\/08\/WhatsApp-Image-2025-08-28-at-10.54.46-AM.jpeg 1600w\" sizes=\"auto, (max-width: 1024px) 100vw, 1024px\" \/><\/figure>\n\n\n\n<figure class=\"wp-block-image size-large\"><img loading=\"lazy\" decoding=\"async\" width=\"1024\" height=\"768\" data-id=\"620\" src=\"https:\/\/incadebolivia.com\/wp-content\/uploads\/2025\/08\/WhatsApp-Image-2025-08-28-at-11.37.26-AM-1024x768.jpeg\" alt=\"\" class=\"wp-image-620\" srcset=\"https:\/\/incadebolivia.com\/wp-content\/uploads\/2025\/08\/WhatsApp-Image-2025-08-28-at-11.37.26-AM-1024x768.jpeg 1024w, https:\/\/incadebolivia.com\/wp-content\/uploads\/2025\/08\/WhatsApp-Image-2025-08-28-at-11.37.26-AM-300x225.jpeg 300w, https:\/\/incadebolivia.com\/wp-content\/uploads\/2025\/08\/WhatsApp-Image-2025-08-28-at-11.37.26-AM-768x576.jpeg 768w, https:\/\/incadebolivia.com\/wp-content\/uploads\/2025\/08\/WhatsApp-Image-2025-08-28-at-11.37.26-AM-1536x1152.jpeg 1536w, https:\/\/incadebolivia.com\/wp-content\/uploads\/2025\/08\/WhatsApp-Image-2025-08-28-at-11.37.26-AM.jpeg 1600w\" sizes=\"auto, (max-width: 1024px) 100vw, 1024px\" \/><\/figure>\n<\/figure>\n<div style=\"margin-top: 0px; margin-bottom: 0px;\" class=\"sharethis-inline-reaction-buttons\" ><\/div>","protected":false},"excerpt":{"rendered":"<p>Con gran entusiasmo y esp\u00edritu de unidad, estudiantes, profesores y padres de familia de 12 unidades educativas del Distrito 1 Guabir\u00e1 participaron en la 5ta versi\u00f3n de la marat\u00f3n \u201cCorriendo por la vida\u201d, una actividad que ya se ha convertido en tradici\u00f3n y que forma parte del Proyecto Socio Comunitario Productivo sobre alimentaci\u00f3n saludable y [&hellip;]<\/p>\n","protected":false},"author":1,"featured_media":619,"comment_status":"open","ping_status":"open","sticky":false,"template":"","format":"standard","meta":{"footnotes":""},"categories":[25],"tags":[],"class_list":["post-626","post","type-post","status-publish","format-standard","has-post-thumbnail","hentry","category-noticias"],"yoast_head":"<!-- This site is optimized with the Yoast SEO plugin v27.4 - https:\/\/yoast.com\/product\/yoast-seo-wordpress\/ -->\n<title>Se realiz\u00f3 con \u00e9xito la 5ta versi\u00f3n de la marat\u00f3n \u201cCorriendo por la vida\u201d - INCADE<\/title>\n<meta name=\"robots\" content=\"index, follow, max-snippet:-1, max-image-preview:large, max-video-preview:-1\" \/>\n<link rel=\"canonical\" href=\"https:\/\/incadebolivia.com\/?p=626\" \/>\n<meta property=\"og:locale\" content=\"es_ES\" \/>\n<meta property=\"og:type\" content=\"article\" \/>\n<meta property=\"og:title\" content=\"Se realiz\u00f3 con \u00e9xito la 5ta versi\u00f3n de la marat\u00f3n \u201cCorriendo por la vida\u201d - INCADE\" \/>\n<meta property=\"og:description\" content=\"Con gran entusiasmo y esp\u00edritu de unidad, estudiantes, profesores y padres de familia de 12 unidades educativas del Distrito 1 Guabir\u00e1 participaron en la 5ta versi\u00f3n de la marat\u00f3n \u201cCorriendo por la vida\u201d, una actividad que ya se ha convertido en tradici\u00f3n y que forma parte del Proyecto Socio Comunitario Productivo sobre alimentaci\u00f3n saludable y [&hellip;]\" \/>\n<meta property=\"og:url\" content=\"https:\/\/incadebolivia.com\/?p=626\" \/>\n<meta property=\"og:site_name\" content=\"INCADE\" \/>\n<meta property=\"article:publisher\" content=\"https:\/\/www.facebook.com\/IncadeMontero\" \/>\n<meta property=\"article:published_time\" content=\"2025-08-28T15:56:22+00:00\" \/>\n<meta property=\"article:modified_time\" content=\"2025-08-28T15:57:17+00:00\" \/>\n<meta property=\"og:image\" content=\"https:\/\/incadebolivia.com\/wp-content\/uploads\/2025\/08\/WhatsApp-Image-2025-08-28-at-11.37.27-AM-1.jpeg\" \/>\n\t<meta property=\"og:image:width\" content=\"1600\" \/>\n\t<meta property=\"og:image:height\" content=\"1200\" \/>\n\t<meta property=\"og:image:type\" content=\"image\/jpeg\" \/>\n<meta name=\"author\" content=\"INCADE\" \/>\n<meta name=\"twitter:card\" content=\"summary_large_image\" \/>\n<meta name=\"twitter:label1\" content=\"Escrito por\" \/>\n\t<meta name=\"twitter:data1\" content=\"INCADE\" \/>\n\t<meta name=\"twitter:label2\" content=\"Tiempo de lectura\" \/>\n\t<meta name=\"twitter:data2\" content=\"3 minutos\" \/>\n<script type=\"application\/ld+json\" class=\"yoast-schema-graph\">{\"@context\":\"https:\\\/\\\/schema.org\",\"@graph\":[{\"@type\":\"Article\",\"@id\":\"https:\\\/\\\/incadebolivia.com\\\/?p=626#article\",\"isPartOf\":{\"@id\":\"https:\\\/\\\/incadebolivia.com\\\/?p=626\"},\"author\":{\"name\":\"INCADE\",\"@id\":\"https:\\\/\\\/incadebolivia.com\\\/#\\\/schema\\\/person\\\/7c960bd9d6253dfb1820037a95b6ec50\"},\"headline\":\"Se realiz\u00f3 con \u00e9xito la 5ta versi\u00f3n de la marat\u00f3n \u201cCorriendo por la vida\u201d\",\"datePublished\":\"2025-08-28T15:56:22+00:00\",\"dateModified\":\"2025-08-28T15:57:17+00:00\",\"mainEntityOfPage\":{\"@id\":\"https:\\\/\\\/incadebolivia.com\\\/?p=626\"},\"wordCount\":300,\"commentCount\":0,\"publisher\":{\"@id\":\"https:\\\/\\\/incadebolivia.com\\\/#organization\"},\"image\":{\"@id\":\"https:\\\/\\\/incadebolivia.com\\\/?p=626#primaryimage\"},\"thumbnailUrl\":\"https:\\\/\\\/incadebolivia.com\\\/wp-content\\\/uploads\\\/2025\\\/08\\\/WhatsApp-Image-2025-08-28-at-11.37.27-AM-1.jpeg\",\"articleSection\":[\"Noticias\"],\"inLanguage\":\"es\",\"potentialAction\":[{\"@type\":\"CommentAction\",\"name\":\"Comment\",\"target\":[\"https:\\\/\\\/incadebolivia.com\\\/?p=626#respond\"]}]},{\"@type\":\"WebPage\",\"@id\":\"https:\\\/\\\/incadebolivia.com\\\/?p=626\",\"url\":\"https:\\\/\\\/incadebolivia.com\\\/?p=626\",\"name\":\"Se realiz\u00f3 con \u00e9xito la 5ta versi\u00f3n de la marat\u00f3n \u201cCorriendo por la vida\u201d - INCADE\",\"isPartOf\":{\"@id\":\"https:\\\/\\\/incadebolivia.com\\\/#website\"},\"primaryImageOfPage\":{\"@id\":\"https:\\\/\\\/incadebolivia.com\\\/?p=626#primaryimage\"},\"image\":{\"@id\":\"https:\\\/\\\/incadebolivia.com\\\/?p=626#primaryimage\"},\"thumbnailUrl\":\"https:\\\/\\\/incadebolivia.com\\\/wp-content\\\/uploads\\\/2025\\\/08\\\/WhatsApp-Image-2025-08-28-at-11.37.27-AM-1.jpeg\",\"datePublished\":\"2025-08-28T15:56:22+00:00\",\"dateModified\":\"2025-08-28T15:57:17+00:00\",\"breadcrumb\":{\"@id\":\"https:\\\/\\\/incadebolivia.com\\\/?p=626#breadcrumb\"},\"inLanguage\":\"es\",\"potentialAction\":[{\"@type\":\"ReadAction\",\"target\":[\"https:\\\/\\\/incadebolivia.com\\\/?p=626\"]}]},{\"@type\":\"ImageObject\",\"inLanguage\":\"es\",\"@id\":\"https:\\\/\\\/incadebolivia.com\\\/?p=626#primaryimage\",\"url\":\"https:\\\/\\\/incadebolivia.com\\\/wp-content\\\/uploads\\\/2025\\\/08\\\/WhatsApp-Image-2025-08-28-at-11.37.27-AM-1.jpeg\",\"contentUrl\":\"https:\\\/\\\/incadebolivia.com\\\/wp-content\\\/uploads\\\/2025\\\/08\\\/WhatsApp-Image-2025-08-28-at-11.37.27-AM-1.jpeg\",\"width\":1600,\"height\":1200},{\"@type\":\"BreadcrumbList\",\"@id\":\"https:\\\/\\\/incadebolivia.com\\\/?p=626#breadcrumb\",\"itemListElement\":[{\"@type\":\"ListItem\",\"position\":1,\"name\":\"Portada\",\"item\":\"https:\\\/\\\/incadebolivia.com\\\/\"},{\"@type\":\"ListItem\",\"position\":2,\"name\":\"Se realiz\u00f3 con \u00e9xito la 5ta versi\u00f3n de la marat\u00f3n \u201cCorriendo por la vida\u201d\"}]},{\"@type\":\"WebSite\",\"@id\":\"https:\\\/\\\/incadebolivia.com\\\/#website\",\"url\":\"https:\\\/\\\/incadebolivia.com\\\/\",\"name\":\"INCADE\",\"description\":\"Instituto de Capacitaci\u00f3n para el Desarrollo\",\"publisher\":{\"@id\":\"https:\\\/\\\/incadebolivia.com\\\/#organization\"},\"potentialAction\":[{\"@type\":\"SearchAction\",\"target\":{\"@type\":\"EntryPoint\",\"urlTemplate\":\"https:\\\/\\\/incadebolivia.com\\\/?s={search_term_string}\"},\"query-input\":{\"@type\":\"PropertyValueSpecification\",\"valueRequired\":true,\"valueName\":\"search_term_string\"}}],\"inLanguage\":\"es\"},{\"@type\":\"Organization\",\"@id\":\"https:\\\/\\\/incadebolivia.com\\\/#organization\",\"name\":\"Instituto de Capacitaci\u00f3n para el Desarrollo\",\"url\":\"https:\\\/\\\/incadebolivia.com\\\/\",\"logo\":{\"@type\":\"ImageObject\",\"inLanguage\":\"es\",\"@id\":\"https:\\\/\\\/incadebolivia.com\\\/#\\\/schema\\\/logo\\\/image\\\/\",\"url\":\"https:\\\/\\\/incadebolivia.com\\\/wp-content\\\/uploads\\\/2025\\\/07\\\/ligo-inade.png\",\"contentUrl\":\"https:\\\/\\\/incadebolivia.com\\\/wp-content\\\/uploads\\\/2025\\\/07\\\/ligo-inade.png\",\"width\":430,\"height\":128,\"caption\":\"Instituto de Capacitaci\u00f3n para el Desarrollo\"},\"image\":{\"@id\":\"https:\\\/\\\/incadebolivia.com\\\/#\\\/schema\\\/logo\\\/image\\\/\"},\"sameAs\":[\"https:\\\/\\\/www.facebook.com\\\/IncadeMontero\"]},{\"@type\":\"Person\",\"@id\":\"https:\\\/\\\/incadebolivia.com\\\/#\\\/schema\\\/person\\\/7c960bd9d6253dfb1820037a95b6ec50\",\"name\":\"INCADE\",\"image\":{\"@type\":\"ImageObject\",\"inLanguage\":\"es\",\"@id\":\"https:\\\/\\\/secure.gravatar.com\\\/avatar\\\/bf27e9186df568254093afa216f887fece17605302c6ff12f3980422fffa52e6?s=96&d=mm&r=g\",\"url\":\"https:\\\/\\\/secure.gravatar.com\\\/avatar\\\/bf27e9186df568254093afa216f887fece17605302c6ff12f3980422fffa52e6?s=96&d=mm&r=g\",\"contentUrl\":\"https:\\\/\\\/secure.gravatar.com\\\/avatar\\\/bf27e9186df568254093afa216f887fece17605302c6ff12f3980422fffa52e6?s=96&d=mm&r=g\",\"caption\":\"INCADE\"},\"sameAs\":[\"https:\\\/\\\/incadebolivia.com\"],\"url\":\"https:\\\/\\\/incadebolivia.com\\\/?author=1\"}]}<\/script>\n<!-- \/ Yoast SEO plugin. -->","yoast_head_json":{"title":"Se realiz\u00f3 con \u00e9xito la 5ta versi\u00f3n de la marat\u00f3n \u201cCorriendo por la vida\u201d - INCADE","robots":{"index":"index","follow":"follow","max-snippet":"max-snippet:-1","max-image-preview":"max-image-preview:large","max-video-preview":"max-video-preview:-1"},"canonical":"https:\/\/incadebolivia.com\/?p=626","og_locale":"es_ES","og_type":"article","og_title":"Se realiz\u00f3 con \u00e9xito la 5ta versi\u00f3n de la marat\u00f3n \u201cCorriendo por la vida\u201d - INCADE","og_description":"Con gran entusiasmo y esp\u00edritu de unidad, estudiantes, profesores y padres de familia de 12 unidades educativas del Distrito 1 Guabir\u00e1 participaron en la 5ta versi\u00f3n de la marat\u00f3n \u201cCorriendo por la vida\u201d, una actividad que ya se ha convertido en tradici\u00f3n y que forma parte del Proyecto Socio Comunitario Productivo sobre alimentaci\u00f3n saludable y [&hellip;]","og_url":"https:\/\/incadebolivia.com\/?p=626","og_site_name":"INCADE","article_publisher":"https:\/\/www.facebook.com\/IncadeMontero","article_published_time":"2025-08-28T15:56:22+00:00","article_modified_time":"2025-08-28T15:57:17+00:00","og_image":[{"width":1600,"height":1200,"url":"https:\/\/incadebolivia.com\/wp-content\/uploads\/2025\/08\/WhatsApp-Image-2025-08-28-at-11.37.27-AM-1.jpeg","type":"image\/jpeg"}],"author":"INCADE","twitter_card":"summary_large_image","twitter_misc":{"Escrito por":"INCADE","Tiempo de lectura":"3 minutos"},"schema":{"@context":"https:\/\/schema.org","@graph":[{"@type":"Article","@id":"https:\/\/incadebolivia.com\/?p=626#article","isPartOf":{"@id":"https:\/\/incadebolivia.com\/?p=626"},"author":{"name":"INCADE","@id":"https:\/\/incadebolivia.com\/#\/schema\/person\/7c960bd9d6253dfb1820037a95b6ec50"},"headline":"Se realiz\u00f3 con \u00e9xito la 5ta versi\u00f3n de la marat\u00f3n \u201cCorriendo por la vida\u201d","datePublished":"2025-08-28T15:56:22+00:00","dateModified":"2025-08-28T15:57:17+00:00","mainEntityOfPage":{"@id":"https:\/\/incadebolivia.com\/?p=626"},"wordCount":300,"commentCount":0,"publisher":{"@id":"https:\/\/incadebolivia.com\/#organization"},"image":{"@id":"https:\/\/incadebolivia.com\/?p=626#primaryimage"},"thumbnailUrl":"https:\/\/incadebolivia.com\/wp-content\/uploads\/2025\/08\/WhatsApp-Image-2025-08-28-at-11.37.27-AM-1.jpeg","articleSection":["Noticias"],"inLanguage":"es","potentialAction":[{"@type":"CommentAction","name":"Comment","target":["https:\/\/incadebolivia.com\/?p=626#respond"]}]},{"@type":"WebPage","@id":"https:\/\/incadebolivia.com\/?p=626","url":"https:\/\/incadebolivia.com\/?p=626","name":"Se realiz\u00f3 con \u00e9xito la 5ta versi\u00f3n de la marat\u00f3n \u201cCorriendo por la vida\u201d - INCADE","isPartOf":{"@id":"https:\/\/incadebolivia.com\/#website"},"primaryImageOfPage":{"@id":"https:\/\/incadebolivia.com\/?p=626#primaryimage"},"image":{"@id":"https:\/\/incadebolivia.com\/?p=626#primaryimage"},"thumbnailUrl":"https:\/\/incadebolivia.com\/wp-content\/uploads\/2025\/08\/WhatsApp-Image-2025-08-28-at-11.37.27-AM-1.jpeg","datePublished":"2025-08-28T15:56:22+00:00","dateModified":"2025-08-28T15:57:17+00:00","breadcrumb":{"@id":"https:\/\/incadebolivia.com\/?p=626#breadcrumb"},"inLanguage":"es","potentialAction":[{"@type":"ReadAction","target":["https:\/\/incadebolivia.com\/?p=626"]}]},{"@type":"ImageObject","inLanguage":"es","@id":"https:\/\/incadebolivia.com\/?p=626#primaryimage","url":"https:\/\/incadebolivia.com\/wp-content\/uploads\/2025\/08\/WhatsApp-Image-2025-08-28-at-11.37.27-AM-1.jpeg","contentUrl":"https:\/\/incadebolivia.com\/wp-content\/uploads\/2025\/08\/WhatsApp-Image-2025-08-28-at-11.37.27-AM-1.jpeg","width":1600,"height":1200},{"@type":"BreadcrumbList","@id":"https:\/\/incadebolivia.com\/?p=626#breadcrumb","itemListElement":[{"@type":"ListItem","position":1,"name":"Portada","item":"https:\/\/incadebolivia.com\/"},{"@type":"ListItem","position":2,"name":"Se realiz\u00f3 con \u00e9xito la 5ta versi\u00f3n de la marat\u00f3n \u201cCorriendo por la vida\u201d"}]},{"@type":"WebSite","@id":"https:\/\/incadebolivia.com\/#website","url":"https:\/\/incadebolivia.com\/","name":"INCADE","description":"Instituto de Capacitaci\u00f3n para el Desarrollo","publisher":{"@id":"https:\/\/incadebolivia.com\/#organization"},"potentialAction":[{"@type":"SearchAction","target":{"@type":"EntryPoint","urlTemplate":"https:\/\/incadebolivia.com\/?s={search_term_string}"},"query-input":{"@type":"PropertyValueSpecification","valueRequired":true,"valueName":"search_term_string"}}],"inLanguage":"es"},{"@type":"Organization","@id":"https:\/\/incadebolivia.com\/#organization","name":"Instituto de Capacitaci\u00f3n para el Desarrollo","url":"https:\/\/incadebolivia.com\/","logo":{"@type":"ImageObject","inLanguage":"es","@id":"https:\/\/incadebolivia.com\/#\/schema\/logo\/image\/","url":"https:\/\/incadebolivia.com\/wp-content\/uploads\/2025\/07\/ligo-inade.png","contentUrl":"https:\/\/incadebolivia.com\/wp-content\/uploads\/2025\/07\/ligo-inade.png","width":430,"height":128,"caption":"Instituto de Capacitaci\u00f3n para el Desarrollo"},"image":{"@id":"https:\/\/incadebolivia.com\/#\/schema\/logo\/image\/"},"sameAs":["https:\/\/www.facebook.com\/IncadeMontero"]},{"@type":"Person","@id":"https:\/\/incadebolivia.com\/#\/schema\/person\/7c960bd9d6253dfb1820037a95b6ec50","name":"INCADE","image":{"@type":"ImageObject","inLanguage":"es","@id":"https:\/\/secure.gravatar.com\/avatar\/bf27e9186df568254093afa216f887fece17605302c6ff12f3980422fffa52e6?s=96&d=mm&r=g","url":"https:\/\/secure.gravatar.com\/avatar\/bf27e9186df568254093afa216f887fece17605302c6ff12f3980422fffa52e6?s=96&d=mm&r=g","contentUrl":"https:\/\/secure.gravatar.com\/avatar\/bf27e9186df568254093afa216f887fece17605302c6ff12f3980422fffa52e6?s=96&d=mm&r=g","caption":"INCADE"},"sameAs":["https:\/\/incadebolivia.com"],"url":"https:\/\/incadebolivia.com\/?author=1"}]}},"_links":{"self":[{"href":"https:\/\/incadebolivia.com\/index.php?rest_route=\/wp\/v2\/posts\/626","targetHints":{"allow":["GET"]}}],"collection":[{"href":"https:\/\/incadebolivia.com\/index.php?rest_route=\/wp\/v2\/posts"}],"about":[{"href":"https:\/\/incadebolivia.com\/index.php?rest_route=\/wp\/v2\/types\/post"}],"author":[{"embeddable":true,"href":"https:\/\/incadebolivia.com\/index.php?rest_route=\/wp\/v2\/users\/1"}],"replies":[{"embeddable":true,"href":"https:\/\/incadebolivia.com\/index.php?rest_route=%2Fwp%2Fv2%2Fcomments&post=626"}],"version-history":[{"count":1,"href":"https:\/\/incadebolivia.com\/index.php?rest_route=\/wp\/v2\/posts\/626\/revisions"}],"predecessor-version":[{"id":627,"href":"https:\/\/incadebolivia.com\/index.php?rest_route=\/wp\/v2\/posts\/626\/revisions\/627"}],"wp:featuredmedia":[{"embeddable":true,"href":"https:\/\/incadebolivia.com\/index.php?rest_route=\/wp\/v2\/media\/619"}],"wp:attachment":[{"href":"https:\/\/incadebolivia.com\/index.php?rest_route=%2Fwp%2Fv2%2Fmedia&parent=626"}],"wp:term":[{"taxonomy":"category","embeddable":true,"href":"https:\/\/incadebolivia.com\/index.php?rest_route=%2Fwp%2Fv2%2Fcategories&post=626"},{"taxonomy":"post_tag","embeddable":true,"href":"https:\/\/incadebolivia.com\/index.php?rest_route=%2Fwp%2Fv2%2Ftags&post=626"}],"curies":[{"name":"wp","href":"https:\/\/api.w.org\/{rel}","templated":true}]}}