{"id":628,"date":"2025-08-29T08:16:16","date_gmt":"2025-08-29T12:16:16","guid":{"rendered":"https:\/\/incadebolivia.com\/?p=628"},"modified":"2025-08-29T08:16:17","modified_gmt":"2025-08-29T12:16:17","slug":"montero-lanza-la-campana-de-arborizacion-y-reforestacion-montero-crece-verde","status":"publish","type":"post","link":"https:\/\/incadebolivia.com\/?p=628","title":{"rendered":"Montero lanza la campa\u00f1a de arborizaci\u00f3n y reforestaci\u00f3n \u201cMontero Crece Verde\u201d"},"content":{"rendered":"\n<figure class=\"wp-block-image size-large\"><img loading=\"lazy\" decoding=\"async\" width=\"723\" height=\"1024\" src=\"https:\/\/incadebolivia.com\/wp-content\/uploads\/2025\/08\/WhatsApp-Image-2025-08-28-at-4.04.47-PM-723x1024.jpeg\" alt=\"\" class=\"wp-image-629\" srcset=\"https:\/\/incadebolivia.com\/wp-content\/uploads\/2025\/08\/WhatsApp-Image-2025-08-28-at-4.04.47-PM-723x1024.jpeg 723w, https:\/\/incadebolivia.com\/wp-content\/uploads\/2025\/08\/WhatsApp-Image-2025-08-28-at-4.04.47-PM-212x300.jpeg 212w, https:\/\/incadebolivia.com\/wp-content\/uploads\/2025\/08\/WhatsApp-Image-2025-08-28-at-4.04.47-PM-768x1087.jpeg 768w, https:\/\/incadebolivia.com\/wp-content\/uploads\/2025\/08\/WhatsApp-Image-2025-08-28-at-4.04.47-PM-1085x1536.jpeg 1085w, https:\/\/incadebolivia.com\/wp-content\/uploads\/2025\/08\/WhatsApp-Image-2025-08-28-at-4.04.47-PM.jpeg 1130w\" sizes=\"auto, (max-width: 723px) 100vw, 723px\" \/><\/figure>\n\n\n<p>Con el compromiso de convertir a la ciudad en un municipio m\u00e1s saludable, sostenible y lleno de vida, este lunes 1 de septiembre se lanzar\u00e1 oficialmente la campa\u00f1a de arborizaci\u00f3n y reforestaci\u00f3n <strong>\u201cMontero Crece Verde\u201d<\/strong>, una iniciativa conjunta de diversas instituciones montere\u00f1as.<!--more--><\/p>\n<p>La actividad es fruto de varias reuniones de coordinaciones, sugerencias, debates y datos t\u00e9cnicos que concluyen en la actividad que se lanzar\u00e1 con el respaldo de la <strong>Alcald\u00eda de Montero, Sub Gobernaci\u00f3n de la Provincia Obispo Santistevan, CIAM, COSMOL, Rotary Club Montero y Rotary Club Obispo Santistevan, Fundaci\u00f3n DES, Comit\u00e9 C\u00edvico, Concejo Municipal, Direcci\u00f3n Distrital de Educaci\u00f3n y el INCADE<\/strong>, quienes se han unido para llevar adelante esta cruzada verde en beneficio de toda la poblaci\u00f3n.<\/p>\n<p>En el marco de la campa\u00f1a, se tiene previsto <strong>plantar m\u00e1s de 5000 plantines<\/strong> en distintos barrios de la ciudad, con el prop\u00f3sito de <strong>recuperar \u00e1reas verdes, mejorar la calidad del aire y fortalecer el sentido de pertenencia comunitaria<\/strong>.<\/p>\n<p>Al finalizar el proceso de plantaci\u00f3n, se lanzar\u00e1 un <strong>concurso interbarrial<\/strong>, en el que se premiar\u00e1 al barrio que mejor cuide y mantenga su zona arborizada o reforestada, incentivando as\u00ed la participaci\u00f3n ciudadana y el compromiso colectivo con la naturaleza.<\/p>\n<p>La campa\u00f1a \u201cMontero Crece Verde\u201d no solo busca sembrar \u00e1rboles, sino tambi\u00e9n <strong>sembrar conciencia ambiental<\/strong>, generando un movimiento social que promueva la protecci\u00f3n del medio ambiente y el futuro sostenible de Montero.<\/p>\n<p><strong>\u00a1En septiembre Montero crece, Montero respira y Montero se pinta de verde!<\/strong><\/p><div style=\"margin-top: 0px; margin-bottom: 0px;\" class=\"sharethis-inline-reaction-buttons\" ><\/div>","protected":false},"excerpt":{"rendered":"<p>Con el compromiso de convertir a la ciudad en un municipio m\u00e1s saludable, sostenible y lleno de vida, este lunes 1 de septiembre se lanzar\u00e1 oficialmente la campa\u00f1a de arborizaci\u00f3n y reforestaci\u00f3n \u201cMontero Crece Verde\u201d, una iniciativa conjunta de diversas instituciones montere\u00f1as.<\/p>\n","protected":false},"author":1,"featured_media":0,"comment_status":"open","ping_status":"open","sticky":false,"template":"","format":"standard","meta":{"footnotes":""},"categories":[25],"tags":[],"class_list":["post-628","post","type-post","status-publish","format-standard","hentry","category-noticias"],"yoast_head":"<!-- This site is optimized with the Yoast SEO plugin v27.4 - https:\/\/yoast.com\/product\/yoast-seo-wordpress\/ -->\n<title>Montero lanza la campa\u00f1a de arborizaci\u00f3n y reforestaci\u00f3n \u201cMontero Crece Verde\u201d - INCADE<\/title>\n<meta name=\"robots\" content=\"index, follow, max-snippet:-1, max-image-preview:large, max-video-preview:-1\" \/>\n<link rel=\"canonical\" href=\"https:\/\/incadebolivia.com\/?p=628\" \/>\n<meta property=\"og:locale\" content=\"es_ES\" \/>\n<meta property=\"og:type\" content=\"article\" \/>\n<meta property=\"og:title\" content=\"Montero lanza la campa\u00f1a de arborizaci\u00f3n y reforestaci\u00f3n \u201cMontero Crece Verde\u201d - INCADE\" \/>\n<meta property=\"og:description\" content=\"Con el compromiso de convertir a la ciudad en un municipio m\u00e1s saludable, sostenible y lleno de vida, este lunes 1 de septiembre se lanzar\u00e1 oficialmente la campa\u00f1a de arborizaci\u00f3n y reforestaci\u00f3n \u201cMontero Crece Verde\u201d, una iniciativa conjunta de diversas instituciones montere\u00f1as.\" \/>\n<meta property=\"og:url\" content=\"https:\/\/incadebolivia.com\/?p=628\" \/>\n<meta property=\"og:site_name\" content=\"INCADE\" \/>\n<meta property=\"article:publisher\" content=\"https:\/\/www.facebook.com\/IncadeMontero\" \/>\n<meta property=\"article:published_time\" content=\"2025-08-29T12:16:16+00:00\" \/>\n<meta property=\"article:modified_time\" content=\"2025-08-29T12:16:17+00:00\" \/>\n<meta property=\"og:image\" content=\"https:\/\/incadebolivia.com\/wp-content\/uploads\/2025\/08\/WhatsApp-Image-2025-08-28-at-4.04.47-PM.jpeg\" \/>\n\t<meta property=\"og:image:width\" content=\"1130\" \/>\n\t<meta property=\"og:image:height\" content=\"1600\" \/>\n\t<meta property=\"og:image:type\" content=\"image\/jpeg\" \/>\n<meta name=\"author\" content=\"INCADE\" \/>\n<meta name=\"twitter:card\" content=\"summary_large_image\" \/>\n<meta name=\"twitter:label1\" content=\"Escrito por\" \/>\n\t<meta name=\"twitter:data1\" content=\"INCADE\" \/>\n\t<meta name=\"twitter:label2\" content=\"Tiempo de lectura\" \/>\n\t<meta name=\"twitter:data2\" content=\"2 minutos\" \/>\n<script type=\"application\/ld+json\" class=\"yoast-schema-graph\">{\"@context\":\"https:\\\/\\\/schema.org\",\"@graph\":[{\"@type\":\"Article\",\"@id\":\"https:\\\/\\\/incadebolivia.com\\\/?p=628#article\",\"isPartOf\":{\"@id\":\"https:\\\/\\\/incadebolivia.com\\\/?p=628\"},\"author\":{\"name\":\"INCADE\",\"@id\":\"https:\\\/\\\/incadebolivia.com\\\/#\\\/schema\\\/person\\\/7c960bd9d6253dfb1820037a95b6ec50\"},\"headline\":\"Montero lanza la campa\u00f1a de arborizaci\u00f3n y reforestaci\u00f3n \u201cMontero Crece Verde\u201d\",\"datePublished\":\"2025-08-29T12:16:16+00:00\",\"dateModified\":\"2025-08-29T12:16:17+00:00\",\"mainEntityOfPage\":{\"@id\":\"https:\\\/\\\/incadebolivia.com\\\/?p=628\"},\"wordCount\":274,\"commentCount\":0,\"publisher\":{\"@id\":\"https:\\\/\\\/incadebolivia.com\\\/#organization\"},\"image\":{\"@id\":\"https:\\\/\\\/incadebolivia.com\\\/?p=628#primaryimage\"},\"thumbnailUrl\":\"https:\\\/\\\/incadebolivia.com\\\/wp-content\\\/uploads\\\/2025\\\/08\\\/WhatsApp-Image-2025-08-28-at-4.04.47-PM-723x1024.jpeg\",\"articleSection\":[\"Noticias\"],\"inLanguage\":\"es\",\"potentialAction\":[{\"@type\":\"CommentAction\",\"name\":\"Comment\",\"target\":[\"https:\\\/\\\/incadebolivia.com\\\/?p=628#respond\"]}]},{\"@type\":\"WebPage\",\"@id\":\"https:\\\/\\\/incadebolivia.com\\\/?p=628\",\"url\":\"https:\\\/\\\/incadebolivia.com\\\/?p=628\",\"name\":\"Montero lanza la campa\u00f1a de arborizaci\u00f3n y reforestaci\u00f3n \u201cMontero Crece Verde\u201d - INCADE\",\"isPartOf\":{\"@id\":\"https:\\\/\\\/incadebolivia.com\\\/#website\"},\"primaryImageOfPage\":{\"@id\":\"https:\\\/\\\/incadebolivia.com\\\/?p=628#primaryimage\"},\"image\":{\"@id\":\"https:\\\/\\\/incadebolivia.com\\\/?p=628#primaryimage\"},\"thumbnailUrl\":\"https:\\\/\\\/incadebolivia.com\\\/wp-content\\\/uploads\\\/2025\\\/08\\\/WhatsApp-Image-2025-08-28-at-4.04.47-PM-723x1024.jpeg\",\"datePublished\":\"2025-08-29T12:16:16+00:00\",\"dateModified\":\"2025-08-29T12:16:17+00:00\",\"breadcrumb\":{\"@id\":\"https:\\\/\\\/incadebolivia.com\\\/?p=628#breadcrumb\"},\"inLanguage\":\"es\",\"potentialAction\":[{\"@type\":\"ReadAction\",\"target\":[\"https:\\\/\\\/incadebolivia.com\\\/?p=628\"]}]},{\"@type\":\"ImageObject\",\"inLanguage\":\"es\",\"@id\":\"https:\\\/\\\/incadebolivia.com\\\/?p=628#primaryimage\",\"url\":\"https:\\\/\\\/incadebolivia.com\\\/wp-content\\\/uploads\\\/2025\\\/08\\\/WhatsApp-Image-2025-08-28-at-4.04.47-PM.jpeg\",\"contentUrl\":\"https:\\\/\\\/incadebolivia.com\\\/wp-content\\\/uploads\\\/2025\\\/08\\\/WhatsApp-Image-2025-08-28-at-4.04.47-PM.jpeg\",\"width\":1130,\"height\":1600},{\"@type\":\"BreadcrumbList\",\"@id\":\"https:\\\/\\\/incadebolivia.com\\\/?p=628#breadcrumb\",\"itemListElement\":[{\"@type\":\"ListItem\",\"position\":1,\"name\":\"Portada\",\"item\":\"https:\\\/\\\/incadebolivia.com\\\/\"},{\"@type\":\"ListItem\",\"position\":2,\"name\":\"Montero lanza la campa\u00f1a de arborizaci\u00f3n y reforestaci\u00f3n \u201cMontero Crece Verde\u201d\"}]},{\"@type\":\"WebSite\",\"@id\":\"https:\\\/\\\/incadebolivia.com\\\/#website\",\"url\":\"https:\\\/\\\/incadebolivia.com\\\/\",\"name\":\"INCADE\",\"description\":\"Instituto de Capacitaci\u00f3n para el Desarrollo\",\"publisher\":{\"@id\":\"https:\\\/\\\/incadebolivia.com\\\/#organization\"},\"potentialAction\":[{\"@type\":\"SearchAction\",\"target\":{\"@type\":\"EntryPoint\",\"urlTemplate\":\"https:\\\/\\\/incadebolivia.com\\\/?s={search_term_string}\"},\"query-input\":{\"@type\":\"PropertyValueSpecification\",\"valueRequired\":true,\"valueName\":\"search_term_string\"}}],\"inLanguage\":\"es\"},{\"@type\":\"Organization\",\"@id\":\"https:\\\/\\\/incadebolivia.com\\\/#organization\",\"name\":\"Instituto de Capacitaci\u00f3n para el Desarrollo\",\"url\":\"https:\\\/\\\/incadebolivia.com\\\/\",\"logo\":{\"@type\":\"ImageObject\",\"inLanguage\":\"es\",\"@id\":\"https:\\\/\\\/incadebolivia.com\\\/#\\\/schema\\\/logo\\\/image\\\/\",\"url\":\"https:\\\/\\\/incadebolivia.com\\\/wp-content\\\/uploads\\\/2025\\\/07\\\/ligo-inade.png\",\"contentUrl\":\"https:\\\/\\\/incadebolivia.com\\\/wp-content\\\/uploads\\\/2025\\\/07\\\/ligo-inade.png\",\"width\":430,\"height\":128,\"caption\":\"Instituto de Capacitaci\u00f3n para el Desarrollo\"},\"image\":{\"@id\":\"https:\\\/\\\/incadebolivia.com\\\/#\\\/schema\\\/logo\\\/image\\\/\"},\"sameAs\":[\"https:\\\/\\\/www.facebook.com\\\/IncadeMontero\"]},{\"@type\":\"Person\",\"@id\":\"https:\\\/\\\/incadebolivia.com\\\/#\\\/schema\\\/person\\\/7c960bd9d6253dfb1820037a95b6ec50\",\"name\":\"INCADE\",\"image\":{\"@type\":\"ImageObject\",\"inLanguage\":\"es\",\"@id\":\"https:\\\/\\\/secure.gravatar.com\\\/avatar\\\/bf27e9186df568254093afa216f887fece17605302c6ff12f3980422fffa52e6?s=96&d=mm&r=g\",\"url\":\"https:\\\/\\\/secure.gravatar.com\\\/avatar\\\/bf27e9186df568254093afa216f887fece17605302c6ff12f3980422fffa52e6?s=96&d=mm&r=g\",\"contentUrl\":\"https:\\\/\\\/secure.gravatar.com\\\/avatar\\\/bf27e9186df568254093afa216f887fece17605302c6ff12f3980422fffa52e6?s=96&d=mm&r=g\",\"caption\":\"INCADE\"},\"sameAs\":[\"https:\\\/\\\/incadebolivia.com\"],\"url\":\"https:\\\/\\\/incadebolivia.com\\\/?author=1\"}]}<\/script>\n<!-- \/ Yoast SEO plugin. -->","yoast_head_json":{"title":"Montero lanza la campa\u00f1a de arborizaci\u00f3n y reforestaci\u00f3n \u201cMontero Crece Verde\u201d - INCADE","robots":{"index":"index","follow":"follow","max-snippet":"max-snippet:-1","max-image-preview":"max-image-preview:large","max-video-preview":"max-video-preview:-1"},"canonical":"https:\/\/incadebolivia.com\/?p=628","og_locale":"es_ES","og_type":"article","og_title":"Montero lanza la campa\u00f1a de arborizaci\u00f3n y reforestaci\u00f3n \u201cMontero Crece Verde\u201d - INCADE","og_description":"Con el compromiso de convertir a la ciudad en un municipio m\u00e1s saludable, sostenible y lleno de vida, este lunes 1 de septiembre se lanzar\u00e1 oficialmente la campa\u00f1a de arborizaci\u00f3n y reforestaci\u00f3n \u201cMontero Crece Verde\u201d, una iniciativa conjunta de diversas instituciones montere\u00f1as.","og_url":"https:\/\/incadebolivia.com\/?p=628","og_site_name":"INCADE","article_publisher":"https:\/\/www.facebook.com\/IncadeMontero","article_published_time":"2025-08-29T12:16:16+00:00","article_modified_time":"2025-08-29T12:16:17+00:00","og_image":[{"width":1130,"height":1600,"url":"https:\/\/incadebolivia.com\/wp-content\/uploads\/2025\/08\/WhatsApp-Image-2025-08-28-at-4.04.47-PM.jpeg","type":"image\/jpeg"}],"author":"INCADE","twitter_card":"summary_large_image","twitter_misc":{"Escrito por":"INCADE","Tiempo de lectura":"2 minutos"},"schema":{"@context":"https:\/\/schema.org","@graph":[{"@type":"Article","@id":"https:\/\/incadebolivia.com\/?p=628#article","isPartOf":{"@id":"https:\/\/incadebolivia.com\/?p=628"},"author":{"name":"INCADE","@id":"https:\/\/incadebolivia.com\/#\/schema\/person\/7c960bd9d6253dfb1820037a95b6ec50"},"headline":"Montero lanza la campa\u00f1a de arborizaci\u00f3n y reforestaci\u00f3n \u201cMontero Crece Verde\u201d","datePublished":"2025-08-29T12:16:16+00:00","dateModified":"2025-08-29T12:16:17+00:00","mainEntityOfPage":{"@id":"https:\/\/incadebolivia.com\/?p=628"},"wordCount":274,"commentCount":0,"publisher":{"@id":"https:\/\/incadebolivia.com\/#organization"},"image":{"@id":"https:\/\/incadebolivia.com\/?p=628#primaryimage"},"thumbnailUrl":"https:\/\/incadebolivia.com\/wp-content\/uploads\/2025\/08\/WhatsApp-Image-2025-08-28-at-4.04.47-PM-723x1024.jpeg","articleSection":["Noticias"],"inLanguage":"es","potentialAction":[{"@type":"CommentAction","name":"Comment","target":["https:\/\/incadebolivia.com\/?p=628#respond"]}]},{"@type":"WebPage","@id":"https:\/\/incadebolivia.com\/?p=628","url":"https:\/\/incadebolivia.com\/?p=628","name":"Montero lanza la campa\u00f1a de arborizaci\u00f3n y reforestaci\u00f3n \u201cMontero Crece Verde\u201d - INCADE","isPartOf":{"@id":"https:\/\/incadebolivia.com\/#website"},"primaryImageOfPage":{"@id":"https:\/\/incadebolivia.com\/?p=628#primaryimage"},"image":{"@id":"https:\/\/incadebolivia.com\/?p=628#primaryimage"},"thumbnailUrl":"https:\/\/incadebolivia.com\/wp-content\/uploads\/2025\/08\/WhatsApp-Image-2025-08-28-at-4.04.47-PM-723x1024.jpeg","datePublished":"2025-08-29T12:16:16+00:00","dateModified":"2025-08-29T12:16:17+00:00","breadcrumb":{"@id":"https:\/\/incadebolivia.com\/?p=628#breadcrumb"},"inLanguage":"es","potentialAction":[{"@type":"ReadAction","target":["https:\/\/incadebolivia.com\/?p=628"]}]},{"@type":"ImageObject","inLanguage":"es","@id":"https:\/\/incadebolivia.com\/?p=628#primaryimage","url":"https:\/\/incadebolivia.com\/wp-content\/uploads\/2025\/08\/WhatsApp-Image-2025-08-28-at-4.04.47-PM.jpeg","contentUrl":"https:\/\/incadebolivia.com\/wp-content\/uploads\/2025\/08\/WhatsApp-Image-2025-08-28-at-4.04.47-PM.jpeg","width":1130,"height":1600},{"@type":"BreadcrumbList","@id":"https:\/\/incadebolivia.com\/?p=628#breadcrumb","itemListElement":[{"@type":"ListItem","position":1,"name":"Portada","item":"https:\/\/incadebolivia.com\/"},{"@type":"ListItem","position":2,"name":"Montero lanza la campa\u00f1a de arborizaci\u00f3n y reforestaci\u00f3n \u201cMontero Crece Verde\u201d"}]},{"@type":"WebSite","@id":"https:\/\/incadebolivia.com\/#website","url":"https:\/\/incadebolivia.com\/","name":"INCADE","description":"Instituto de Capacitaci\u00f3n para el Desarrollo","publisher":{"@id":"https:\/\/incadebolivia.com\/#organization"},"potentialAction":[{"@type":"SearchAction","target":{"@type":"EntryPoint","urlTemplate":"https:\/\/incadebolivia.com\/?s={search_term_string}"},"query-input":{"@type":"PropertyValueSpecification","valueRequired":true,"valueName":"search_term_string"}}],"inLanguage":"es"},{"@type":"Organization","@id":"https:\/\/incadebolivia.com\/#organization","name":"Instituto de Capacitaci\u00f3n para el Desarrollo","url":"https:\/\/incadebolivia.com\/","logo":{"@type":"ImageObject","inLanguage":"es","@id":"https:\/\/incadebolivia.com\/#\/schema\/logo\/image\/","url":"https:\/\/incadebolivia.com\/wp-content\/uploads\/2025\/07\/ligo-inade.png","contentUrl":"https:\/\/incadebolivia.com\/wp-content\/uploads\/2025\/07\/ligo-inade.png","width":430,"height":128,"caption":"Instituto de Capacitaci\u00f3n para el Desarrollo"},"image":{"@id":"https:\/\/incadebolivia.com\/#\/schema\/logo\/image\/"},"sameAs":["https:\/\/www.facebook.com\/IncadeMontero"]},{"@type":"Person","@id":"https:\/\/incadebolivia.com\/#\/schema\/person\/7c960bd9d6253dfb1820037a95b6ec50","name":"INCADE","image":{"@type":"ImageObject","inLanguage":"es","@id":"https:\/\/secure.gravatar.com\/avatar\/bf27e9186df568254093afa216f887fece17605302c6ff12f3980422fffa52e6?s=96&d=mm&r=g","url":"https:\/\/secure.gravatar.com\/avatar\/bf27e9186df568254093afa216f887fece17605302c6ff12f3980422fffa52e6?s=96&d=mm&r=g","contentUrl":"https:\/\/secure.gravatar.com\/avatar\/bf27e9186df568254093afa216f887fece17605302c6ff12f3980422fffa52e6?s=96&d=mm&r=g","caption":"INCADE"},"sameAs":["https:\/\/incadebolivia.com"],"url":"https:\/\/incadebolivia.com\/?author=1"}]}},"_links":{"self":[{"href":"https:\/\/incadebolivia.com\/index.php?rest_route=\/wp\/v2\/posts\/628","targetHints":{"allow":["GET"]}}],"collection":[{"href":"https:\/\/incadebolivia.com\/index.php?rest_route=\/wp\/v2\/posts"}],"about":[{"href":"https:\/\/incadebolivia.com\/index.php?rest_route=\/wp\/v2\/types\/post"}],"author":[{"embeddable":true,"href":"https:\/\/incadebolivia.com\/index.php?rest_route=\/wp\/v2\/users\/1"}],"replies":[{"embeddable":true,"href":"https:\/\/incadebolivia.com\/index.php?rest_route=%2Fwp%2Fv2%2Fcomments&post=628"}],"version-history":[{"count":1,"href":"https:\/\/incadebolivia.com\/index.php?rest_route=\/wp\/v2\/posts\/628\/revisions"}],"predecessor-version":[{"id":630,"href":"https:\/\/incadebolivia.com\/index.php?rest_route=\/wp\/v2\/posts\/628\/revisions\/630"}],"wp:attachment":[{"href":"https:\/\/incadebolivia.com\/index.php?rest_route=%2Fwp%2Fv2%2Fmedia&parent=628"}],"wp:term":[{"taxonomy":"category","embeddable":true,"href":"https:\/\/incadebolivia.com\/index.php?rest_route=%2Fwp%2Fv2%2Fcategories&post=628"},{"taxonomy":"post_tag","embeddable":true,"href":"https:\/\/incadebolivia.com\/index.php?rest_route=%2Fwp%2Fv2%2Ftags&post=628"}],"curies":[{"name":"wp","href":"https:\/\/api.w.org\/{rel}","templated":true}]}}